{"id":66284,"date":"2020-01-28T08:16:59","date_gmt":"2020-01-28T08:16:59","guid":{"rendered":"https:\/\/www.solopress.com\/blog\/?p=66284"},"modified":"2021-04-26T06:50:18","modified_gmt":"2021-04-26T05:50:18","slug":"sadan-bruger-du-gradientvaerktojet-i-illustrator","status":"publish","type":"post","link":"https:\/\/www.solopress.com\/blog\/da\/tutorials\/how-to-use-the-gradient-tool-in-illustrator\/","title":{"rendered":"S\u00e5dan bruger du gradientv\u00e6rkt\u00f8jet i Illustrator"},"content":{"rendered":"<div id=\"bsf_rt_marker\"><\/div><p>Vi ser p\u00e5, hvordan man bruger gradientv\u00e6rkt\u00f8jet i Illustrator. Du l\u00e6rer at anvende gradient-effekter p\u00e5 vektorobjekter og \u00e6ndre gradient-attributterne.<\/p>\n<ol>\n<li>Opret en form i Illustrator<\/li>\n<li>V\u00e6lg Gradient Tool fra din v\u00e6rkt\u00f8jskasse<\/li>\n<li>G\u00e5 til boksen \"Udfyld\" under \"Udseende\" til h\u00f8jre p\u00e5 sk\u00e6rmen<\/li>\n<li>Dette \u00e5bner indstillingsboksen for Gradient Tool<\/li>\n<li>I \"Type:\" kan du v\u00e6lge mellem line\u00e6re, radiale eller friformsgradienter.<\/li>\n<li>Dobbeltklik p\u00e5 cirklerne i hver ende af gradientlinjen for at v\u00e6lge de farver, du \u00f8nsker at graduere mellem<\/li>\n<li>Klik i din form for at anvende gradienten<\/li>\n<li>Alternativt kan du tegne en linje med gradientv\u00e6rkt\u00f8jet for at definere gradientens l\u00e6ngde og vinkel.<\/li>\n<\/ol>\n<p>Se vores videovejledning for at f\u00e5 en mere dybdeg\u00e5ende gennemgang af mulighederne for at anvende en gradient i Illustrator.<\/p>\n<p>Illustrator giver digitale designere mulighed for at skabe og redigere unik vektorgrafik, der kan f\u00e5 dine trykte materialer til at skille sig ud fra m\u00e6ngden. For et godt tilbud p\u00e5 print og gratis levering i Storbritannien, bes\u00f8g <a href=\"https:\/\/www.solopress.com\/blog\/da\/\">Solopress<\/a>.<\/p>\n<h2><strong>Videovejledning: S\u00e5dan bruger du gradientv\u00e6rkt\u00f8jet i Illustrator<\/strong><\/h2>\n<p><iframe loading=\"lazy\" src=\"https:\/\/www.youtube.com\/embed\/oFZQHxS4BaM?rel=0\" width=\"675\" height=\"378\" frameborder=\"0\" allowfullscreen=\"allowfullscreen\"><\/iframe><\/p>\n<p>Vores tutorial-serie indeholder videoindhold fyldt med praktiske r\u00e5d om digitalt design. Hvis du abonnerer p\u00e5 vores YouTube-kanal, g\u00e5r du aldrig glip af en lektion.<\/p>\n<p><a href=\"https:\/\/www.youtube.com\/solopress?sub_confirmation=1\" target=\"_blank\" rel=\"https:\/\/www.youtube.com\/solopress?sub_confirmation=1 noopener noreferrer\"><img loading=\"lazy\" decoding=\"async\" class=\"alignnone wp-image-66137 ls-is-cached lazyloaded\" src=\"https:\/\/www.solopress.com\/blog\/wp-content\/uploads\/2020\/01\/subscribe.png\" alt=\"Abonner-knap\" width=\"157\" height=\"48\" data-src=\"https:\/\/www.solopress.com\/blog\/wp-content\/uploads\/2020\/01\/subscribe.png\" \/><\/a><\/p>\n<h2><strong>Transskription af video<\/strong><\/h2>\n<h3><strong>S\u00e5dan bruger du gradientv\u00e6rkt\u00f8jet i Illustrator<\/strong><\/h3>\n<p>Hej alle sammen,<\/p>\n<p>Mit navn er Dan fra Solopress, og velkommen til vores vejledning i, hvordan man bruger gradientv\u00e6rkt\u00f8jet i Illustrator som en del af vores vejledningsserie om grafisk design.<\/p>\n<p>Vi skaber en masse gratis designindhold, s\u00e5 s\u00f8rg for at klikke p\u00e5 abonner og klokkeikonet for at f\u00e5 besked, n\u00e5r vi uploader.<\/p>\n<p>Det er en enkel proces, og vi starter med at lave en form i vores Illustrator-fil.<\/p>\n<p>Som et eksempel vil jeg lave en form med v\u00e6rkt\u00f8jet Rectangle og holde shift-tasten nede, mens jeg tegner den. G\u00e5 til gradientpanelet i venstre side af sk\u00e6rmen, og klik for at v\u00e6lge.<\/p>\n<p>Derefter tegner jeg en linje p\u00e5 tv\u00e6rs af boksen ved at klikke og holde - og n\u00e5r jeg slipper, skulle Illustrator gerne have skabt en j\u00e6vn sort-hvid-gradient.<\/p>\n<p>Afh\u00e6ngigt af dine indstillinger kan det v\u00e6re, at du ikke f\u00e5r vist nogen indstillinger p\u00e5 sk\u00e6rmen. For at rette op p\u00e5 dette skal du g\u00e5 til udfyldningsboksen i h\u00f8jre side og klikke p\u00e5 \"Gradient Options\" for at \u00e5bne en lille indstillingsboks.<\/p>\n<p>F\u00f8rst vil vi dog tale om, hvordan det at tegne en linje kan skabe mange forskellige typer af gradienter. Hvis vi lader gradientv\u00e6rkt\u00f8jet v\u00e6re aktiveret og tegner en kort linje, vil gradienten blive genereret over en kort afstand. Det betyder ogs\u00e5, at en l\u00e6ngere linje vil skabe en l\u00e6ngere gradient. Vi kan ogs\u00e5 \u00e6ndre vinklen, n\u00e5r vi f\u00f8rst genererer den.<\/p>\n<p>Ved at \u00e6ndre, hvilken retning din linje vender, \u00e6ndrer du vinklen p\u00e5 gradienten og f\u00e5r derfor forskellige effekter.<\/p>\n<p>Nu til indstillingerne for gradientv\u00e6rkt\u00f8jet. Som noget nyt i 2020-versionen er der nu tre forskellige typer gradienter, herunder en ny freeform-tilstand, men dem vender vi tilbage til om lidt.<\/p>\n<p>Under dette er der mulighed for manuelt og pr\u00e6cist at \u00e6ndre vinklen p\u00e5 gradienten, hvilket vil rotere den.<\/p>\n<p>For at \u00e6ndre farverne i gradienten skal du nu dobbeltklikke p\u00e5 de sm\u00e5 cirkler i hver ende af gradientlinjen. Du har mulighed for at v\u00e6lge nogle forudbestemte farver, eller hvis vi v\u00e6lger en af disse farver, kan vi g\u00e5 ind i denne boks og manuelt justere den til pr\u00e6cis det, vi har brug for. Jeg v\u00e6lger en bl\u00e5lig farve i den f\u00f8rste boks...<\/p>\n<p>... og s\u00e5 en m\u00f8rkere bl\u00e5 til den anden.<\/p>\n<p>Hvis du f\u00f8lger med i denne vejledning, er en vigtig ting, der m\u00e5ske har v\u00e6ret anderledes, at jeg bruger CMYK-sliders, som er forskellige fra den traditionelle RGB, som du m\u00e5ske bruger, n\u00e5r du redigerer fotos, og som du m\u00e5ske ser i din Illustrator. CMYK er en farveproces, der bruges til trykning, og har derfor et andet farverum end din sk\u00e6rm. Vi har lavet en video, der forklarer forskellene. Klik p\u00e5 pop op-banneret i hj\u00f8rnet, eller f\u00f8lg linket i beskrivelsen for at finde ud af det.<\/p>\n<p>N\u00e5, men nu hvor vi har \u00e6ndret gradientfarverne, kan vi g\u00e5 i gang med at style dem. For at vende tilbage til typen af gradient har vi line\u00e6r og radial. Line\u00e6r er bare en simpel gradient fra den ene ende til den anden.<\/p>\n<p>I mods\u00e6tning hertil topper radial ved et bestemt punkt i gradienten. Som standard vil midten v\u00e6re i midten, men hvis vi tager fat i det lille h\u00e5ndtag i midten og flytter det, kan vi justere gradientens centrale punkt. Radial er cirkelbaseret, s\u00e5 vi kan ogs\u00e5 \u00e6ndre den maksimale radius for vores sekund\u00e6re farve, som er denne.<\/p>\n<p>Det, der er ens for begge, er, at hvis du ser p\u00e5 gradientlinjen i gradientboksen, kan vi skubbe farverne t\u00e6ttere p\u00e5 hinanden. Det p\u00e5virker overgangens h\u00e5rdhed mellem farverne. Som f\u00f8r, n\u00e5r man laver en kort linje med gradientv\u00e6rkt\u00f8jet, vil det ogs\u00e5 g\u00f8re gradienten meget kortere.<\/p>\n<p>N\u00e5r vi skifter tilbage til line\u00e6r, kan vi se en visuel repr\u00e6sentation af, hvordan vi \u00e6ndrer den. Ved at se p\u00e5 den fysiske linje p\u00e5 selve gradienten kan vi se, hvor farverne m\u00f8des, og du kan mere pr\u00e6cist indstille start- og slutpunkterne hvor som helst p\u00e5 denne linje. Dette vil ogs\u00e5 p\u00e5virke placeringsboksen for den farve, du har valgt.<\/p>\n<p>Hvis jeg v\u00e6lger den lysere bl\u00e5 og pr\u00f8ver at flytte den s\u00e5 t\u00e6t p\u00e5 midten som muligt, vil et kig p\u00e5 placeringsboksen afsl\u00f8re, at jeg faktisk er lidt ved siden af. Jeg kan rulle ned i menuen for at fastg\u00f8re gradientpunktet til en bestemt procentdel af billedet, eller jeg kan skrive min egen v\u00e6rdi og trykke p\u00e5 enter.<\/p>\n<p>S\u00e5 det er s\u00e5dan, man laver de traditionelle gradienter, men i den seneste opdatering af Illustrator, som p\u00e5 nuv\u00e6rende tidspunkt er Illustrator 2020, er der en ny mulighed for friformsgradienter i dette v\u00e6rkt\u00f8j.<\/p>\n<p>N\u00e5r du v\u00e6lger den, vil du se, at de farver, vi tidligere har valgt, er v\u00e6k, men i stedet erstattet af fire punkter og et tilf\u00e6ldigt valgt farveskema. Det er faktisk ret nyttigt til generering af gradienter, hvis du hele tiden skifter til og fra freeform-indstillingen, som her.<\/p>\n<p>Men jeg kan ikke lide disse farver. Jeg har besluttet, at jeg vil have en pink.<\/p>\n<p>Jeg kan v\u00e6lge hvert af disse gradientpunkter ved at klikke p\u00e5 dem. Du vil se, at der nu er en lille stiplet linje omkring dem, og du kan justere den ved at tr\u00e6kke i h\u00e5ndtaget for at p\u00e5virke v\u00e6gtningen af farvepunkterne. Ved at dobbeltklikke p\u00e5 den f\u00e5r jeg adgang til farveindstillingerne, s\u00e5 jeg v\u00e6lger en flot lyser\u00f8d nuance. I \u00f8vrigt viser det sig, at pink og lilla er ret popul\u00e6re i gradienter.<\/p>\n<p>Derefter kan jeg g\u00e5 igennem og \u00e6ndre de andre farvepunkter til forskellige farver ved hj\u00e6lp af samme metode.<\/p>\n<p>Vent lidt, jeg vil faktisk have 5 gradientpunkter. S\u00e5 ved at holde gradientv\u00e6rkt\u00f8jet valgt kan jeg klikke hvor som helst p\u00e5 formen for at lave en ny, som jeg stadig kan justere v\u00e6gtningen og farven p\u00e5.<\/p>\n<p>Hvis du laver en ny eller bare vil slette din gradient, kan du markere den ved at klikke p\u00e5 den og derefter trykke p\u00e5 backspace-knappen. Eller du kan v\u00e6lge elementet og klikke p\u00e5 skraldespandsknappen her. Virkelig enkel brugerflade her.<\/p>\n<p>Nu har du m\u00e5ske lagt m\u00e6rke til, at der er mulighed for at tegne punkter eller linjer. Vi har valgt punkter, men vi kan ogs\u00e5 skabe en farve i en linje ved at klikke p\u00e5 et punkt i starten og et andet i slutningen. Du kan ogs\u00e5 justere formen p\u00e5 denne linje ved at lave et tredje punkt i en anden retning, som vil b\u00f8je den, eller simpelthen ved at tilf\u00f8je et tredje punkt mellem de to f\u00f8rste og tr\u00e6kke i det for at lave en kurve.<\/p>\n<p>Hvert af disse punkter skal have separate farver.<\/p>\n<p>Gradientv\u00e6rkt\u00f8jet er meget alsidigt, og det er i \u00f8jeblikket en grafisk designtrend, is\u00e6r den friformede. Heldigvis har Adobe gjort det enkelt og nemt at bruge.<\/p>\n<p>Og det er s\u00e5dan, du bruger det! Hvis du fandt denne video nyttig, m\u00e5 du gerne give den et like, og hvis du har sp\u00f8rgsm\u00e5l eller forslag, er du velkommen til at kommentere dem. Vi laver alle mulige slags vejledninger til Adobe-programmer, s\u00e5 klik p\u00e5 abonner og nyd vores indhold.<\/p>\n<p>Jeg hedder Dan, tak fordi du kiggede med.<\/p>","protected":false},"excerpt":{"rendered":"<p>We\u2019re taking a look at how to use the gradient tool in Illustrator. You\u2019ll learn to apply gradient effects to vector objects and modify the gradient attributes. Create a shape in Illustrator Select the Gradient Tool from your toolbox Go to the \u201cFill\u201d box under \u201cAppearance\u201d on the right of the screen This opens the [&hellip;]<\/p>\n","protected":false},"author":134,"featured_media":68593,"comment_status":"open","ping_status":"open","sticky":false,"template":"","format":"standard","meta":{"_acf_changed":false,"tdm_status":"","tdm_grid_status":"","footnotes":""},"categories":[555],"tags":[926],"class_list":{"0":"post-66284","1":"post","2":"type-post","3":"status-publish","4":"format-standard","5":"has-post-thumbnail","7":"category-tutorials","8":"tag-illustrator"},"acf":[],"yoast_head":"<!-- This site is optimized with the Yoast SEO plugin v27.4 - https:\/\/yoast.com\/product\/yoast-seo-wordpress\/ -->\n<title>How To Use The Gradient Tool In Illustrator | Adobe Tutorial | Solopress UK<\/title>\n<meta name=\"description\" content=\"Mastering the Illustrator gradient tool lets you apply gradient effects to vector objects and modify the gradient attributes.\" \/>\n<meta name=\"robots\" content=\"index, follow, max-snippet:-1, max-image-preview:large, max-video-preview:-1\" \/>\n<link rel=\"canonical\" href=\"https:\/\/www.solopress.com\/blog\/da\/vejledninger\/sadan-bruger-du-gradientvaerktojet-i-illustrator\/\" \/>\n<meta property=\"og:locale\" content=\"da_DK\" \/>\n<meta property=\"og:type\" content=\"article\" \/>\n<meta property=\"og:title\" content=\"How To Use The Gradient Tool In Illustrator | Adobe Tutorial | Solopress UK\" \/>\n<meta property=\"og:description\" content=\"Mastering the Illustrator gradient tool lets you apply gradient effects to vector objects and modify the gradient attributes.\" \/>\n<meta property=\"og:url\" content=\"https:\/\/www.solopress.com\/blog\/da\/vejledninger\/sadan-bruger-du-gradientvaerktojet-i-illustrator\/\" \/>\n<meta property=\"og:site_name\" content=\"The Latest Print and Design News | Solopress\" \/>\n<meta property=\"article:publisher\" content=\"https:\/\/www.facebook.com\/Solopress\" \/>\n<meta property=\"article:published_time\" content=\"2020-01-28T08:16:59+00:00\" \/>\n<meta property=\"article:modified_time\" content=\"2021-04-26T05:50:18+00:00\" \/>\n<meta property=\"og:image\" content=\"https:\/\/www.solopress.com\/blog\/wp-content\/uploads\/2020\/07\/GradientAI.jpg\" \/>\n\t<meta property=\"og:image:width\" content=\"800\" \/>\n\t<meta property=\"og:image:height\" content=\"600\" \/>\n\t<meta property=\"og:image:type\" content=\"image\/jpeg\" \/>\n<meta name=\"author\" content=\"Danny Powell\" \/>\n<meta name=\"twitter:card\" content=\"summary_large_image\" \/>\n<meta name=\"twitter:creator\" content=\"@solopress\" \/>\n<meta name=\"twitter:site\" content=\"@solopress\" \/>\n<meta name=\"twitter:label1\" content=\"Skrevet af\" \/>\n\t<meta name=\"twitter:data1\" content=\"Danny Powell\" \/>\n\t<meta name=\"twitter:label2\" content=\"Estimeret l\u00e6setid\" \/>\n\t<meta name=\"twitter:data2\" content=\"7 minutter\" \/>\n<script type=\"application\/ld+json\" class=\"yoast-schema-graph\">{\"@context\":\"https:\\\/\\\/schema.org\",\"@graph\":[{\"@type\":\"Article\",\"@id\":\"https:\\\/\\\/www.solopress.com\\\/blog\\\/tutorials\\\/how-to-use-the-gradient-tool-in-illustrator\\\/#article\",\"isPartOf\":{\"@id\":\"https:\\\/\\\/www.solopress.com\\\/blog\\\/tutorials\\\/how-to-use-the-gradient-tool-in-illustrator\\\/\"},\"author\":{\"name\":\"Danny Powell\",\"@id\":\"https:\\\/\\\/www.solopress.com\\\/blog\\\/#\\\/schema\\\/person\\\/0937555a256c22f94400f4b7e2329c09\"},\"headline\":\"How to use the gradient tool in Illustrator\",\"datePublished\":\"2020-01-28T08:16:59+00:00\",\"dateModified\":\"2021-04-26T05:50:18+00:00\",\"mainEntityOfPage\":{\"@id\":\"https:\\\/\\\/www.solopress.com\\\/blog\\\/tutorials\\\/how-to-use-the-gradient-tool-in-illustrator\\\/\"},\"wordCount\":1422,\"commentCount\":0,\"publisher\":{\"@id\":\"https:\\\/\\\/www.solopress.com\\\/blog\\\/#organization\"},\"image\":{\"@id\":\"https:\\\/\\\/www.solopress.com\\\/blog\\\/tutorials\\\/how-to-use-the-gradient-tool-in-illustrator\\\/#primaryimage\"},\"thumbnailUrl\":\"https:\\\/\\\/www.solopress.com\\\/blog\\\/wp-content\\\/uploads\\\/2020\\\/07\\\/GradientAI.jpg\",\"keywords\":[\"Illustrator\"],\"articleSection\":[\"Design Tutorials\"],\"inLanguage\":\"da-DK\",\"potentialAction\":[{\"@type\":\"CommentAction\",\"name\":\"Comment\",\"target\":[\"https:\\\/\\\/www.solopress.com\\\/blog\\\/tutorials\\\/how-to-use-the-gradient-tool-in-illustrator\\\/#respond\"]}]},{\"@type\":\"WebPage\",\"@id\":\"https:\\\/\\\/www.solopress.com\\\/blog\\\/tutorials\\\/how-to-use-the-gradient-tool-in-illustrator\\\/\",\"url\":\"https:\\\/\\\/www.solopress.com\\\/blog\\\/tutorials\\\/how-to-use-the-gradient-tool-in-illustrator\\\/\",\"name\":\"How To Use The Gradient Tool In Illustrator | Adobe Tutorial | Solopress UK\",\"isPartOf\":{\"@id\":\"https:\\\/\\\/www.solopress.com\\\/blog\\\/#website\"},\"primaryImageOfPage\":{\"@id\":\"https:\\\/\\\/www.solopress.com\\\/blog\\\/tutorials\\\/how-to-use-the-gradient-tool-in-illustrator\\\/#primaryimage\"},\"image\":{\"@id\":\"https:\\\/\\\/www.solopress.com\\\/blog\\\/tutorials\\\/how-to-use-the-gradient-tool-in-illustrator\\\/#primaryimage\"},\"thumbnailUrl\":\"https:\\\/\\\/www.solopress.com\\\/blog\\\/wp-content\\\/uploads\\\/2020\\\/07\\\/GradientAI.jpg\",\"datePublished\":\"2020-01-28T08:16:59+00:00\",\"dateModified\":\"2021-04-26T05:50:18+00:00\",\"description\":\"Mastering the Illustrator gradient tool lets you apply gradient effects to vector objects and modify the gradient attributes.\",\"breadcrumb\":{\"@id\":\"https:\\\/\\\/www.solopress.com\\\/blog\\\/tutorials\\\/how-to-use-the-gradient-tool-in-illustrator\\\/#breadcrumb\"},\"inLanguage\":\"da-DK\",\"potentialAction\":[{\"@type\":\"ReadAction\",\"target\":[\"https:\\\/\\\/www.solopress.com\\\/blog\\\/tutorials\\\/how-to-use-the-gradient-tool-in-illustrator\\\/\"]}]},{\"@type\":\"ImageObject\",\"inLanguage\":\"da-DK\",\"@id\":\"https:\\\/\\\/www.solopress.com\\\/blog\\\/tutorials\\\/how-to-use-the-gradient-tool-in-illustrator\\\/#primaryimage\",\"url\":\"https:\\\/\\\/www.solopress.com\\\/blog\\\/wp-content\\\/uploads\\\/2020\\\/07\\\/GradientAI.jpg\",\"contentUrl\":\"https:\\\/\\\/www.solopress.com\\\/blog\\\/wp-content\\\/uploads\\\/2020\\\/07\\\/GradientAI.jpg\",\"width\":800,\"height\":600,\"caption\":\"How to gradient tool in Illustrator header image\"},{\"@type\":\"BreadcrumbList\",\"@id\":\"https:\\\/\\\/www.solopress.com\\\/blog\\\/tutorials\\\/how-to-use-the-gradient-tool-in-illustrator\\\/#breadcrumb\",\"itemListElement\":[{\"@type\":\"ListItem\",\"position\":1,\"name\":\"Blog\",\"item\":\"https:\\\/\\\/www.solopress.com\\\/blog\\\/\"},{\"@type\":\"ListItem\",\"position\":2,\"name\":\"How to use the gradient tool in Illustrator\"}]},{\"@type\":\"WebSite\",\"@id\":\"https:\\\/\\\/www.solopress.com\\\/blog\\\/#website\",\"url\":\"https:\\\/\\\/www.solopress.com\\\/blog\\\/\",\"name\":\"The Latest Print and Design News | Solopress\",\"description\":\"\",\"publisher\":{\"@id\":\"https:\\\/\\\/www.solopress.com\\\/blog\\\/#organization\"},\"potentialAction\":[{\"@type\":\"SearchAction\",\"target\":{\"@type\":\"EntryPoint\",\"urlTemplate\":\"https:\\\/\\\/www.solopress.com\\\/blog\\\/?s={search_term_string}\"},\"query-input\":{\"@type\":\"PropertyValueSpecification\",\"valueRequired\":true,\"valueName\":\"search_term_string\"}}],\"inLanguage\":\"da-DK\"},{\"@type\":\"Organization\",\"@id\":\"https:\\\/\\\/www.solopress.com\\\/blog\\\/#organization\",\"name\":\"Solopress\",\"url\":\"https:\\\/\\\/www.solopress.com\\\/blog\\\/\",\"logo\":{\"@type\":\"ImageObject\",\"inLanguage\":\"da-DK\",\"@id\":\"https:\\\/\\\/www.solopress.com\\\/blog\\\/#\\\/schema\\\/logo\\\/image\\\/\",\"url\":\"https:\\\/\\\/www.solopress.com\\\/blog\\\/wp-content\\\/uploads\\\/2017\\\/06\\\/solopress-logo-no-tagline@2x.png\",\"contentUrl\":\"https:\\\/\\\/www.solopress.com\\\/blog\\\/wp-content\\\/uploads\\\/2017\\\/06\\\/solopress-logo-no-tagline@2x.png\",\"width\":428,\"height\":88,\"caption\":\"Solopress\"},\"image\":{\"@id\":\"https:\\\/\\\/www.solopress.com\\\/blog\\\/#\\\/schema\\\/logo\\\/image\\\/\"},\"sameAs\":[\"https:\\\/\\\/www.facebook.com\\\/Solopress\",\"https:\\\/\\\/x.com\\\/solopress\",\"https:\\\/\\\/instagram.com\\\/solopress\\\/\",\"https:\\\/\\\/www.linkedin.com\\\/company\\\/solopress\",\"https:\\\/\\\/uk.pinterest.com\\\/solopress\\\/\",\"https:\\\/\\\/www.youtube.com\\\/user\\\/solopress\"]},{\"@type\":\"Person\",\"@id\":\"https:\\\/\\\/www.solopress.com\\\/blog\\\/#\\\/schema\\\/person\\\/0937555a256c22f94400f4b7e2329c09\",\"name\":\"Danny Powell\",\"image\":{\"@type\":\"ImageObject\",\"inLanguage\":\"da-DK\",\"@id\":\"https:\\\/\\\/secure.gravatar.com\\\/avatar\\\/61a91dfef0f2540955232e281a9d8dd099c01492bda6e2638fa05db47a9665eb?s=96&r=g\",\"url\":\"https:\\\/\\\/secure.gravatar.com\\\/avatar\\\/61a91dfef0f2540955232e281a9d8dd099c01492bda6e2638fa05db47a9665eb?s=96&r=g\",\"contentUrl\":\"https:\\\/\\\/secure.gravatar.com\\\/avatar\\\/61a91dfef0f2540955232e281a9d8dd099c01492bda6e2638fa05db47a9665eb?s=96&r=g\",\"caption\":\"Danny Powell\"},\"description\":\"With over two decades in marketing, Danny Powell is a Senior Copywriter at Solopress, one of the UK\u2019s leading online printers. Having worked on the print buying, agency and sales sides of the industry, he brings a well-rounded perspective to his writing on print, design and sustainability.\",\"url\":\"https:\\\/\\\/www.solopress.com\\\/blog\\\/da\\\/author\\\/danny-powell\\\/\"}]}<\/script>\n<!-- \/ Yoast SEO plugin. -->","yoast_head_json":{"title":"S\u00e5dan bruger du gradientv\u00e6rkt\u00f8jet i Illustrator | Adobe Tutorial | Solopress UK","description":"N\u00e5r du mestrer Illustrators gradientv\u00e6rkt\u00f8j, kan du anvende gradienteffekter p\u00e5 vektorobjekter og \u00e6ndre gradientattributterne.","robots":{"index":"index","follow":"follow","max-snippet":"max-snippet:-1","max-image-preview":"max-image-preview:large","max-video-preview":"max-video-preview:-1"},"canonical":"https:\/\/www.solopress.com\/blog\/da\/vejledninger\/sadan-bruger-du-gradientvaerktojet-i-illustrator\/","og_locale":"da_DK","og_type":"article","og_title":"How To Use The Gradient Tool In Illustrator | Adobe Tutorial | Solopress UK","og_description":"Mastering the Illustrator gradient tool lets you apply gradient effects to vector objects and modify the gradient attributes.","og_url":"https:\/\/www.solopress.com\/blog\/da\/vejledninger\/sadan-bruger-du-gradientvaerktojet-i-illustrator\/","og_site_name":"The Latest Print and Design News | Solopress","article_publisher":"https:\/\/www.facebook.com\/Solopress","article_published_time":"2020-01-28T08:16:59+00:00","article_modified_time":"2021-04-26T05:50:18+00:00","og_image":[{"width":800,"height":600,"url":"https:\/\/www.solopress.com\/blog\/wp-content\/uploads\/2020\/07\/GradientAI.jpg","type":"image\/jpeg"}],"author":"Danny Powell","twitter_card":"summary_large_image","twitter_creator":"@solopress","twitter_site":"@solopress","twitter_misc":{"Skrevet af":"Danny Powell","Estimeret l\u00e6setid":"7 minutter"},"schema":{"@context":"https:\/\/schema.org","@graph":[{"@type":"Article","@id":"https:\/\/www.solopress.com\/blog\/tutorials\/how-to-use-the-gradient-tool-in-illustrator\/#article","isPartOf":{"@id":"https:\/\/www.solopress.com\/blog\/tutorials\/how-to-use-the-gradient-tool-in-illustrator\/"},"author":{"name":"Danny Powell","@id":"https:\/\/www.solopress.com\/blog\/#\/schema\/person\/0937555a256c22f94400f4b7e2329c09"},"headline":"How to use the gradient tool in Illustrator","datePublished":"2020-01-28T08:16:59+00:00","dateModified":"2021-04-26T05:50:18+00:00","mainEntityOfPage":{"@id":"https:\/\/www.solopress.com\/blog\/tutorials\/how-to-use-the-gradient-tool-in-illustrator\/"},"wordCount":1422,"commentCount":0,"publisher":{"@id":"https:\/\/www.solopress.com\/blog\/#organization"},"image":{"@id":"https:\/\/www.solopress.com\/blog\/tutorials\/how-to-use-the-gradient-tool-in-illustrator\/#primaryimage"},"thumbnailUrl":"https:\/\/www.solopress.com\/blog\/wp-content\/uploads\/2020\/07\/GradientAI.jpg","keywords":["Illustrator"],"articleSection":["Design Tutorials"],"inLanguage":"da-DK","potentialAction":[{"@type":"CommentAction","name":"Comment","target":["https:\/\/www.solopress.com\/blog\/tutorials\/how-to-use-the-gradient-tool-in-illustrator\/#respond"]}]},{"@type":"WebPage","@id":"https:\/\/www.solopress.com\/blog\/tutorials\/how-to-use-the-gradient-tool-in-illustrator\/","url":"https:\/\/www.solopress.com\/blog\/tutorials\/how-to-use-the-gradient-tool-in-illustrator\/","name":"S\u00e5dan bruger du gradientv\u00e6rkt\u00f8jet i Illustrator | Adobe Tutorial | Solopress UK","isPartOf":{"@id":"https:\/\/www.solopress.com\/blog\/#website"},"primaryImageOfPage":{"@id":"https:\/\/www.solopress.com\/blog\/tutorials\/how-to-use-the-gradient-tool-in-illustrator\/#primaryimage"},"image":{"@id":"https:\/\/www.solopress.com\/blog\/tutorials\/how-to-use-the-gradient-tool-in-illustrator\/#primaryimage"},"thumbnailUrl":"https:\/\/www.solopress.com\/blog\/wp-content\/uploads\/2020\/07\/GradientAI.jpg","datePublished":"2020-01-28T08:16:59+00:00","dateModified":"2021-04-26T05:50:18+00:00","description":"N\u00e5r du mestrer Illustrators gradientv\u00e6rkt\u00f8j, kan du anvende gradienteffekter p\u00e5 vektorobjekter og \u00e6ndre gradientattributterne.","breadcrumb":{"@id":"https:\/\/www.solopress.com\/blog\/tutorials\/how-to-use-the-gradient-tool-in-illustrator\/#breadcrumb"},"inLanguage":"da-DK","potentialAction":[{"@type":"ReadAction","target":["https:\/\/www.solopress.com\/blog\/tutorials\/how-to-use-the-gradient-tool-in-illustrator\/"]}]},{"@type":"ImageObject","inLanguage":"da-DK","@id":"https:\/\/www.solopress.com\/blog\/tutorials\/how-to-use-the-gradient-tool-in-illustrator\/#primaryimage","url":"https:\/\/www.solopress.com\/blog\/wp-content\/uploads\/2020\/07\/GradientAI.jpg","contentUrl":"https:\/\/www.solopress.com\/blog\/wp-content\/uploads\/2020\/07\/GradientAI.jpg","width":800,"height":600,"caption":"How to gradient tool in Illustrator header image"},{"@type":"BreadcrumbList","@id":"https:\/\/www.solopress.com\/blog\/tutorials\/how-to-use-the-gradient-tool-in-illustrator\/#breadcrumb","itemListElement":[{"@type":"ListItem","position":1,"name":"Blog","item":"https:\/\/www.solopress.com\/blog\/"},{"@type":"ListItem","position":2,"name":"How to use the gradient tool in Illustrator"}]},{"@type":"WebSite","@id":"https:\/\/www.solopress.com\/blog\/#website","url":"https:\/\/www.solopress.com\/blog\/","name":"De seneste nyheder om print og design | Solopress","description":"","publisher":{"@id":"https:\/\/www.solopress.com\/blog\/#organization"},"potentialAction":[{"@type":"SearchAction","target":{"@type":"EntryPoint","urlTemplate":"https:\/\/www.solopress.com\/blog\/?s={search_term_string}"},"query-input":{"@type":"PropertyValueSpecification","valueRequired":true,"valueName":"search_term_string"}}],"inLanguage":"da-DK"},{"@type":"Organization","@id":"https:\/\/www.solopress.com\/blog\/#organization","name":"Solopress","url":"https:\/\/www.solopress.com\/blog\/","logo":{"@type":"ImageObject","inLanguage":"da-DK","@id":"https:\/\/www.solopress.com\/blog\/#\/schema\/logo\/image\/","url":"https:\/\/www.solopress.com\/blog\/wp-content\/uploads\/2017\/06\/solopress-logo-no-tagline@2x.png","contentUrl":"https:\/\/www.solopress.com\/blog\/wp-content\/uploads\/2017\/06\/solopress-logo-no-tagline@2x.png","width":428,"height":88,"caption":"Solopress"},"image":{"@id":"https:\/\/www.solopress.com\/blog\/#\/schema\/logo\/image\/"},"sameAs":["https:\/\/www.facebook.com\/Solopress","https:\/\/x.com\/solopress","https:\/\/instagram.com\/solopress\/","https:\/\/www.linkedin.com\/company\/solopress","https:\/\/uk.pinterest.com\/solopress\/","https:\/\/www.youtube.com\/user\/solopress"]},{"@type":"Person","@id":"https:\/\/www.solopress.com\/blog\/#\/schema\/person\/0937555a256c22f94400f4b7e2329c09","name":"Danny Powell","image":{"@type":"ImageObject","inLanguage":"da-DK","@id":"https:\/\/secure.gravatar.com\/avatar\/61a91dfef0f2540955232e281a9d8dd099c01492bda6e2638fa05db47a9665eb?s=96&r=g","url":"https:\/\/secure.gravatar.com\/avatar\/61a91dfef0f2540955232e281a9d8dd099c01492bda6e2638fa05db47a9665eb?s=96&r=g","contentUrl":"https:\/\/secure.gravatar.com\/avatar\/61a91dfef0f2540955232e281a9d8dd099c01492bda6e2638fa05db47a9665eb?s=96&r=g","caption":"Danny Powell"},"description":"Danny Powell har arbejdet med markedsf\u00f8ring i over to \u00e5rtier og er senior tekstforfatter hos Solopress, et af Storbritanniens f\u00f8rende online-trykkerier. Efter at have arbejdet med indk\u00f8b af tryksager, p\u00e5 bureauer og med salg i branchen har han et velafrundet perspektiv, n\u00e5r han skriver om tryksager, design og b\u00e6redygtighed.","url":"https:\/\/www.solopress.com\/blog\/da\/author\/danny-powell\/"}]}},"jetpack_featured_media_url":"https:\/\/www.solopress.com\/blog\/wp-content\/uploads\/2020\/07\/GradientAI.jpg","_links":{"self":[{"href":"https:\/\/www.solopress.com\/blog\/da\/wp-json\/wp\/v2\/posts\/66284","targetHints":{"allow":["GET"]}}],"collection":[{"href":"https:\/\/www.solopress.com\/blog\/da\/wp-json\/wp\/v2\/posts"}],"about":[{"href":"https:\/\/www.solopress.com\/blog\/da\/wp-json\/wp\/v2\/types\/post"}],"author":[{"embeddable":true,"href":"https:\/\/www.solopress.com\/blog\/da\/wp-json\/wp\/v2\/users\/134"}],"replies":[{"embeddable":true,"href":"https:\/\/www.solopress.com\/blog\/da\/wp-json\/wp\/v2\/comments?post=66284"}],"version-history":[{"count":5,"href":"https:\/\/www.solopress.com\/blog\/da\/wp-json\/wp\/v2\/posts\/66284\/revisions"}],"predecessor-version":[{"id":67010,"href":"https:\/\/www.solopress.com\/blog\/da\/wp-json\/wp\/v2\/posts\/66284\/revisions\/67010"}],"wp:featuredmedia":[{"embeddable":true,"href":"https:\/\/www.solopress.com\/blog\/da\/wp-json\/wp\/v2\/media\/68593"}],"wp:attachment":[{"href":"https:\/\/www.solopress.com\/blog\/da\/wp-json\/wp\/v2\/media?parent=66284"}],"wp:term":[{"taxonomy":"category","embeddable":true,"href":"https:\/\/www.solopress.com\/blog\/da\/wp-json\/wp\/v2\/categories?post=66284"},{"taxonomy":"post_tag","embeddable":true,"href":"https:\/\/www.solopress.com\/blog\/da\/wp-json\/wp\/v2\/tags?post=66284"}],"curies":[{"name":"wp","href":"https:\/\/api.w.org\/{rel}","templated":true}]}}