{"id":45860,"date":"2018-11-29T09:51:05","date_gmt":"2018-11-29T09:51:05","guid":{"rendered":"https:\/\/www.solopress.com\/blog\/?p=45860"},"modified":"2023-02-27T23:03:09","modified_gmt":"2023-02-27T23:03:09","slug":"solopress-designer-veroffentlicht-kinderbuch-im-selbstverlag","status":"publish","type":"post","link":"https:\/\/www.solopress.com\/blog\/de\/solopress-news\/solopress-designer-self-publishes-childrens-book\/","title":{"rendered":"Solopress-Designer ver\u00f6ffentlicht Kinderbuch im Selbstverlag"},"content":{"rendered":"<div id=\"bsf_rt_marker\"><\/div>\r\n<p>Wir sind unglaublich stolz darauf, dass einer unserer Mitarbeiter ein Kinderbuch geschrieben, illustriert und ver\u00f6ffentlicht hat.<a href=\"http:\/\/talesfrombookend.co.uk\/\" target=\"_blank\" rel=\"noreferrer noopener\" aria-label=\"Wir sind sehr stolz darauf, dass einer unserer Mitarbeiter ein Kinderbuch mit dem Titel &quot;The Book Miles and the Spider&quot; geschrieben, illustriert und ver\u00f6ffentlicht hat. Matt Bruty verf\u00fcgt \u00fcber eine F\u00fclle von Erfahrungen in der Designbranche, von der Illustration bis zum Grafikdesign. I . Matt verriet, dass es schon immer ein Traum von ihm war, ein eigenes Buch zu schreiben, den er bis in seine Kindheit zur\u00fcckverfolgen kann (\u00f6ffnet in einem neuen Tab).\">Die Buchmilben und die Spinne<\/a>'. Matt Bruty verf\u00fcgt \u00fcber einen reichen Erfahrungsschatz in der Designbranche, von der Illustration bis zum Grafikdesign, und wir freuen uns, dass wir talentierte Menschen in unserer Mitte haben, die ihre Ziele erreichen wollen.\u00a0<\/p>\r\n\r\n\r\n\r\n<p>Vor kurzem hat er sein Buch geschrieben und ver\u00f6ffentlicht <a href=\"https:\/\/www.solopress.com\/blog\/de\/paperback-books\/\">Paperback Buch<\/a>kommentierte Matt: \"Ich wollte schon immer ein Buch schreiben, solange ich denken kann. Als meine eigenen Kinder auf die Welt kamen, sah ich die Serien, die sie sich ansahen, und in meinem Kopf machte es Klick, und ich machte mich an die Arbeit. Ich hatte das Gef\u00fchl, dass es da drau\u00dfen nicht viel Pers\u00f6nlichkeit oder Abwechslung gab, und so dachte ich, dass die Figuren, die in einem B\u00fccherregal leben, ein gro\u00dfartiges Vehikel f\u00fcr eine Serie sein w\u00fcrden. Seitdem habe ich die Idee weiterentwickelt, und die Book Mites waren geboren\".\u00a0<\/p>\r\n\r\n\r\n\r\n<ul class=\"wp-block-gallery columns-3 is-cropped wp-block-gallery-1 is-layout-flex wp-block-gallery-is-layout-flex\">\r\n<li class=\"blocks-gallery-item\">\r\n<figure><a href=\"https:\/\/www.solopress.com\/blog\/wp-content\/uploads\/2018\/11\/Clank-Book-Mite.jpg\"><img loading=\"lazy\" decoding=\"async\" width=\"1000\" height=\"1000\" class=\"wp-image-45955\" src=\"https:\/\/www.solopress.com\/blog\/wp-content\/uploads\/2018\/11\/Clank-Book-Mite.jpg\" alt=\"\" data-id=\"45955\" data-link=\"https:\/\/www.solopress.com\/blog\/?attachment_id=45955\" \/><\/a><\/figure>\r\n<\/li>\r\n<li class=\"blocks-gallery-item\">\r\n<figure><a href=\"https:\/\/www.solopress.com\/blog\/wp-content\/uploads\/2018\/11\/Curly-Book-Mite.jpg\"><img loading=\"lazy\" decoding=\"async\" width=\"957\" height=\"957\" class=\"wp-image-45958\" src=\"https:\/\/www.solopress.com\/blog\/wp-content\/uploads\/2018\/11\/Curly-Book-Mite.jpg\" alt=\"\" data-id=\"45958\" data-link=\"https:\/\/www.solopress.com\/blog\/?attachment_id=45958\" \/><\/a><\/figure>\r\n<\/li>\r\n<li class=\"blocks-gallery-item\">\r\n<figure><a href=\"https:\/\/www.solopress.com\/blog\/wp-content\/uploads\/2018\/11\/Gary-Book-Mite.jpg\"><img loading=\"lazy\" decoding=\"async\" width=\"1000\" height=\"1000\" class=\"wp-image-45961\" src=\"https:\/\/www.solopress.com\/blog\/wp-content\/uploads\/2018\/11\/Gary-Book-Mite.jpg\" alt=\"\" data-id=\"45961\" data-link=\"https:\/\/www.solopress.com\/blog\/?attachment_id=45961\" \/><\/a><\/figure>\r\n<\/li>\r\n<li class=\"blocks-gallery-item\">\r\n<figure><a href=\"https:\/\/www.solopress.com\/blog\/wp-content\/uploads\/2018\/11\/Nema-Book-Mite.jpg\"><img loading=\"lazy\" decoding=\"async\" width=\"1000\" height=\"1000\" class=\"wp-image-45964\" src=\"https:\/\/www.solopress.com\/blog\/wp-content\/uploads\/2018\/11\/Nema-Book-Mite.jpg\" alt=\"\" data-id=\"45964\" data-link=\"https:\/\/www.solopress.com\/blog\/?attachment_id=45964\" \/><\/a><\/figure>\r\n<\/li>\r\n<li class=\"blocks-gallery-item\">\r\n<figure><a href=\"https:\/\/www.solopress.com\/blog\/wp-content\/uploads\/2018\/11\/Woof-Book-Mite.jpg\"><img loading=\"lazy\" decoding=\"async\" width=\"844\" height=\"844\" class=\"wp-image-45967\" src=\"https:\/\/www.solopress.com\/blog\/wp-content\/uploads\/2018\/11\/Woof-Book-Mite.jpg\" alt=\"\" data-id=\"45967\" data-link=\"https:\/\/www.solopress.com\/blog\/?attachment_id=45967\" \/><\/a><\/figure>\r\n<\/li>\r\n<\/ul>\r\n\r\n\r\n\r\n<h2 class=\"wp-block-heading\">Erstellung eines Kinderbuchs<\/h2>\r\n\r\n\r\n\r\n<p>Nat\u00fcrlich ist die Erstellung eines Buches eine lange und harte Arbeit, die sich nicht von alleine erledigen l\u00e4sst. Normalerweise besteht ein Team aus Illustratoren, Schriftstellern und einem Verleger, aber Matt hat all diese Aufgaben selbst \u00fcbernommen. Mehr von Matt zu h\u00f6ren, sagte er: \"F\u00fcr dieses Buch habe ich 6 Jahre lang immer wieder lange N\u00e4chte durchgemacht. Ich hatte es nie eilig, es fertigzustellen, es war eher ein leidenschaftliches Projekt in meiner Freizeit. Ich habe das Buch zweimal fast vollst\u00e4ndig fertiggestellt, aber ich war nicht ganz zufrieden damit, also habe ich es umgeschrieben und meinen Illustrationsstil \u00fcberarbeitet. Mein j\u00fcngstes Kind ist jetzt 3 Jahre alt und liebt ihre B\u00fccher, also dachte ich, dass ich mich besser beeilen sollte, bevor sie zu gro\u00df wird!\".\u00a0<\/p>\r\n\r\n\r\n\r\n<h3 class=\"wp-block-heading\">Erfolg buchen<\/h3>\r\n\r\n\r\n\r\n<p>Obwohl sein Buch erst vor kurzem ver\u00f6ffentlicht wurde, ist es schon jetzt ein voller Erfolg und wird in den USA und sogar in Indien vertrieben! Er ist auch in lokalen Schulen sehr aktiv und hilft Kindern, sein Buch zu lesen und weiterzugeben. Begleitend zu seinem Buch hat er seine eigenen Malvorlagen mit den B\u00fcchermilben erstellt, die die Kinder ausmalen k\u00f6nnen. In dieser kurzen Zeit hat Matt auch im Alleingang eine aktive Gemeinschaft auf seiner Website aufgebaut. <a href=\"https:\/\/www.instagram.com\/talesfrombookend\/?hl=en\" target=\"_blank\" rel=\"noreferrer noopener\" aria-label=\"Obwohl das Buch von Matt erst vor kurzem ver\u00f6ffentlicht wurde, hat es bereits einen gro\u00dfen Erfolg erzielt. K\u00fcrzlich wurden Exemplare in den USA und sogar in Indien verteilt! Er ist auch sehr aktiv in lokalen Schulen, um Kindern beim Lesen zu helfen und sein Buch zu verbreiten. In dieser kurzen Zeit hat er au\u00dferdem im Alleingang eine aktive Gemeinschaft auf Instagram aufgebaut, in der Leser ihre Lieblingsfotos mit den Book Mites teilen.  (\u00f6ffnet in einer neuen Registerkarte)\">Instagram<\/a> mit Lesern, die ihre Lieblingsfotos mit den Book Mites teilen.\u00a0<\/p>\r\n\r\n\r\n\r\n<ul class=\"wp-block-gallery columns-3 is-cropped wp-block-gallery-2 is-layout-flex wp-block-gallery-is-layout-flex\">\r\n<li class=\"blocks-gallery-item\">\r\n<figure><a href=\"https:\/\/www.solopress.com\/blog\/wp-content\/uploads\/2018\/11\/Book-Mite-Children-Review.jpg\"><img loading=\"lazy\" decoding=\"async\" width=\"1024\" height=\"1024\" class=\"wp-image-45976\" src=\"https:\/\/www.solopress.com\/blog\/wp-content\/uploads\/2018\/11\/Book-Mite-Children-Review.jpg\" alt=\"\" data-id=\"45976\" data-link=\"https:\/\/www.solopress.com\/blog\/book-mite-children-review\/\" \/><\/a><\/figure>\r\n<\/li>\r\n<li class=\"blocks-gallery-item\">\r\n<figure><a href=\"https:\/\/www.solopress.com\/blog\/wp-content\/uploads\/2018\/11\/Book-Mites-Colouring.jpg\"><img loading=\"lazy\" decoding=\"async\" width=\"1080\" height=\"1079\" class=\"wp-image-45979\" src=\"https:\/\/www.solopress.com\/blog\/wp-content\/uploads\/2018\/11\/Book-Mites-Colouring.jpg\" alt=\"\" data-id=\"45979\" data-link=\"https:\/\/www.solopress.com\/blog\/book-mites-colouring\/\" \/><\/a><\/figure>\r\n<\/li>\r\n<li class=\"blocks-gallery-item\">\r\n<figure><a href=\"https:\/\/www.solopress.com\/blog\/wp-content\/uploads\/2018\/11\/Book-Mites-in-Washington-DC.jpg\"><img loading=\"lazy\" decoding=\"async\" width=\"718\" height=\"718\" class=\"wp-image-45982\" src=\"https:\/\/www.solopress.com\/blog\/wp-content\/uploads\/2018\/11\/Book-Mites-in-Washington-DC.jpg\" alt=\"\" data-id=\"45982\" data-link=\"https:\/\/www.solopress.com\/blog\/book-mites-in-washington-dc\/\" \/><\/a><\/figure>\r\n<\/li>\r\n<li class=\"blocks-gallery-item\">\r\n<figure><a href=\"https:\/\/www.solopress.com\/blog\/wp-content\/uploads\/2018\/11\/Matt-Bruty-School-Visit-1.jpg\"><img loading=\"lazy\" decoding=\"async\" width=\"1080\" height=\"1080\" class=\"wp-image-45985\" src=\"https:\/\/www.solopress.com\/blog\/wp-content\/uploads\/2018\/11\/Matt-Bruty-School-Visit-1.jpg\" alt=\"\" data-id=\"45985\" data-link=\"https:\/\/www.solopress.com\/blog\/matt-bruty-school-visit-1\/\" \/><\/a><\/figure>\r\n<\/li>\r\n<li class=\"blocks-gallery-item\">\r\n<figure><a href=\"https:\/\/www.solopress.com\/blog\/wp-content\/uploads\/2018\/11\/Matt-Brutys-Book-Mite-School-Visit.jpg\"><img loading=\"lazy\" decoding=\"async\" width=\"1080\" height=\"1080\" class=\"wp-image-45988\" src=\"https:\/\/www.solopress.com\/blog\/wp-content\/uploads\/2018\/11\/Matt-Brutys-Book-Mite-School-Visit.jpg\" alt=\"\" data-id=\"45988\" data-link=\"https:\/\/www.solopress.com\/blog\/matt-brutys-book-mite-school-visit\/\" \/><\/a><\/figure>\r\n<\/li>\r\n<\/ul>\r\n\r\n\r\n\r\n<p>Angesichts der kreativen Illustrationen im Buch mussten wir einfach wissen, wie Matt dazu kam, einen so interessanten Stil f\u00fcr sein Kinderbuch zu entwickeln. Matt erz\u00e4hlte uns: \"Wenn ich an die B\u00fccher denke, die ich als Kind gelesen habe, dann waren das die B\u00fccher, die mich bewegt und oft auch ein bisschen gegruselt haben. F\u00fcr mich lag das am Stil der Illustrationen und nicht so sehr an den Worten. Ich erinnere mich besonders gut daran, wie ich mich in den Illustrationen von Stephen Cartwright, Alan Ahlberg, Ted Geisel und nat\u00fcrlich Quentin Blake verloren habe.\" Und weiter: \"Ich wollte diese Emotionen, die ich empfand, in meinem eigenen Buch nachempfinden. Was den Schreibstil angeht, so mochte ich schon immer den Schreibstil von Julia Donaldson. Die Art und Weise, wie sie sich eine Geschichte ausdenkt, ist immer so perfekt, und dass sie sich dann auch noch reimt und flie\u00dft, l\u00e4sst mich einfach nur staunen. Meine \u00e4lteste Tochter ist auch ein Fan von ihr, also wollte ich mich von diesem Stil inspirieren lassen\".\u00a0<\/p>\r\n\r\n\r\n\r\n<h3 class=\"wp-block-heading\">Frisch aus der Presse<\/h3>\r\n\r\n\r\n\r\n<p>Matt war nerv\u00f6s, aber begeistert, als seine ersten B\u00fccher in den Druck gingen. Der Test war f\u00fcr ihn sehr wichtig, denn er wollte sich absolut sicher sein, wie sie aussehen w\u00fcrden. Da Matt aus dem Digital- und Druckbereich kommt, kennt er sich mit dem Buchdruck bestens aus und war gespannt darauf, wie die Farben in der physischen Ausgabe aussehen w\u00fcrden. Matt erz\u00e4hlte ein wenig mehr \u00fcber seine Erfahrungen: \"Es hat mir sehr geholfen, ein Insider der Druckbranche zu sein. Solopress hat mich mit dem Druck stolz gemacht. Ich war sehr zufrieden damit, wie die Subtilit\u00e4t meiner Illustrationen und Farben im Druck zur Geltung kam. Als ich das fertige Produkt sah, war ich sofort stolz auf das Produkt, das ich hergestellt hatte\".\u00a0<\/p>\r\n\r\n\r\n\r\n<h3 class=\"wp-block-heading\">Was kommt als N\u00e4chstes?<\/h3>\r\n\r\n\r\n\r\n<p>Aufbauend auf dem Schwung und dem Erfolg, den sein Buch bereits gefunden hat, erz\u00e4hlte uns Matt, was er als n\u00e4chstes geplant hat: \"Ich habe gerade erst ein Buch im Selbstverlag ver\u00f6ffentlicht, also konzentriere ich mich im Moment darauf, Schulen zu besuchen und meine sozialen Kontakte auszubauen. Langfristig hoffe ich, einen Literaturagenten zu finden und von dort aus weiterzumachen. Mein n\u00e4chstes Buch in der Reihe ist bereits geschrieben und zur H\u00e4lfte illustriert, also liegt mein Fokus und meine Begeisterung derzeit darauf.\".\u00a0<\/p>\r\n\r\n\r\n\r\n<p>Wir sind alle gespannt, wohin Matt mit seinen Ver\u00f6ffentlichungen in naher Zukunft gehen wird. Wenn ihr Lust auf eine neue, interessante Lekt\u00fcre f\u00fcr eure Kinder habt oder Matt und seine B\u00fcchermilben unterst\u00fctzen wollt, dann kauft euch euer eigenes Exemplar des Buches. Viele von uns haben 'Die B\u00fcchermilben und die Spinne' bereits gelesen und wir haben es geliebt, viele unserer Kinder auch! So sehr, dass sie schon nach weiteren B\u00fcchern fragen, also kein Druck, Matt! Wir wollen nichts verraten, aber es ist auf jeden Fall etwas Besonderes und Einzigartiges, ein Buch, das Sie und Ihre Kinder bereit f\u00fcr weitere B\u00fcchermilben machen wird.<\/p>\r\n\r\n\r\n\r\n<p>Sie k\u00f6nnen das Buch bei seinem <a href=\"http:\/\/talesfrombookend.co.uk\/\" target=\"_blank\" rel=\"noreferrer noopener\" aria-label=\"Kaufen Sie sich Ihr eigenes Exemplar von Matts Buch &quot;Die Buchmilben und die Spinne&quot;. Viele von uns haben es bereits gelesen und wir haben es geliebt, viele unserer Kinder auch! Wir wollen nat\u00fcrlich nichts verraten, aber es ist auf jeden Fall etwas Besonderes und wird Ihre Kinder Lust auf mehr machen. Sie k\u00f6nnen das Buch auf seiner Website zum Schn\u00e4ppchenpreis von \u00a36,99 kaufen (\u00f6ffnet in einem neuen Tab)\">Website<\/a> f\u00fcr den sehr g\u00fcnstigen Preis von 6,99 \u00a3. Wenn Ihnen das Buch gef\u00e4llt, sollten Sie Ihre Erfahrungen mit ihm auf seiner <a href=\"https:\/\/www.instagram.com\/talesfrombookend\/?hl=en\" target=\"_blank\" rel=\"noreferrer noopener\" aria-label=\"Kaufen Sie sich Ihr eigenes Exemplar von Matts Buch &quot;Die Buchmilben und die Spinne&quot;. Viele von uns haben es bereits gelesen und wir haben es geliebt, viele unserer Kinder auch! Wir wollen nat\u00fcrlich nichts verraten, aber es ist auf jeden Fall etwas Besonderes und wird Ihre Kinder Lust auf mehr machen. Sie k\u00f6nnen das Buch auf seiner Website f\u00fcr den fantastischen Preis von 6,99 \u00a3 kaufen. Teilen Sie auch Ihre Erfahrungen mit ihm auf seiner Instagram-Seite. (\u00f6ffnet in einer neuen Registerkarte)\">Instagram<\/a> Seite und werden Sie Teil der Book Mite-Gemeinschaft.<\/p>","protected":false},"excerpt":{"rendered":"<p>We&#8217;re incredibly proud to announce that one of our very own has written, illustrated and published a children&#8217;s book &#8216;The Book Mites and the Spider&#8216;. Matt Bruty has a wealth of experience within the design\u00a0industry from Illustration to Graphic Design and we&#8217;re pleased to have talented individuals reach their ambitions in our midst.\u00a0 Having recently [&hellip;]<\/p>\n","protected":false},"author":23,"featured_media":46073,"comment_status":"open","ping_status":"open","sticky":false,"template":"","format":"standard","meta":{"_acf_changed":false,"tdm_status":"","tdm_grid_status":"","footnotes":""},"categories":[551],"tags":[],"class_list":{"0":"post-45860","1":"post","2":"type-post","3":"status-publish","4":"format-standard","5":"has-post-thumbnail","7":"category-solopress-news"},"acf":[],"yoast_head":"<!-- This site is optimized with the Yoast SEO plugin v27.5 - https:\/\/yoast.com\/product\/yoast-seo-wordpress\/ -->\n<title>Solopress designer self-publishes children&#039;s book | The Latest Print and Design News | Solopress<\/title>\n<meta name=\"robots\" content=\"index, follow, max-snippet:-1, max-image-preview:large, max-video-preview:-1\" \/>\n<link rel=\"canonical\" href=\"https:\/\/www.solopress.com\/blog\/de\/solopress-nachrichten\/solopress-designer-veroffentlicht-kinderbuch-im-selbstverlag\/\" \/>\n<meta property=\"og:locale\" content=\"de_DE\" \/>\n<meta property=\"og:type\" content=\"article\" \/>\n<meta property=\"og:title\" content=\"Solopress designer self-publishes children&#039;s book | The Latest Print and Design News | Solopress\" \/>\n<meta property=\"og:description\" content=\"We&#8217;re incredibly proud to announce that one of our very own has written, illustrated and published a children&#8217;s book &#8216;The Book Mites and the Spider&#8216;. Matt Bruty has a wealth of experience within the design\u00a0industry from Illustration to Graphic Design and we&#8217;re pleased to have talented individuals reach their ambitions in our midst.\u00a0 Having recently [&hellip;]\" \/>\n<meta property=\"og:url\" content=\"https:\/\/www.solopress.com\/blog\/de\/solopress-nachrichten\/solopress-designer-veroffentlicht-kinderbuch-im-selbstverlag\/\" \/>\n<meta property=\"og:site_name\" content=\"The Latest Print and Design News | Solopress\" \/>\n<meta property=\"article:publisher\" content=\"https:\/\/www.facebook.com\/Solopress\" \/>\n<meta property=\"article:published_time\" content=\"2018-11-29T09:51:05+00:00\" \/>\n<meta property=\"article:modified_time\" content=\"2023-02-27T23:03:09+00:00\" \/>\n<meta property=\"og:image\" content=\"https:\/\/www.solopress.com\/blog\/wp-content\/uploads\/2018\/11\/Matt-Bruty-Blog.jpg\" \/>\n\t<meta property=\"og:image:width\" content=\"900\" \/>\n\t<meta property=\"og:image:height\" content=\"675\" \/>\n\t<meta property=\"og:image:type\" content=\"image\/jpeg\" \/>\n<meta name=\"author\" content=\"Solopress\" \/>\n<meta name=\"twitter:card\" content=\"summary_large_image\" \/>\n<meta name=\"twitter:creator\" content=\"@solopress\" \/>\n<meta name=\"twitter:site\" content=\"@solopress\" \/>\n<meta name=\"twitter:label1\" content=\"Verfasst von\" \/>\n\t<meta name=\"twitter:data1\" content=\"Solopress\" \/>\n\t<meta name=\"twitter:label2\" content=\"Gesch\u00e4tzte Lesezeit\" \/>\n\t<meta name=\"twitter:data2\" content=\"6\u00a0Minuten\" \/>\n<script type=\"application\/ld+json\" class=\"yoast-schema-graph\">{\"@context\":\"https:\\\/\\\/schema.org\",\"@graph\":[{\"@type\":\"Article\",\"@id\":\"https:\\\/\\\/www.solopress.com\\\/blog\\\/solopress-news\\\/solopress-designer-self-publishes-childrens-book\\\/#article\",\"isPartOf\":{\"@id\":\"https:\\\/\\\/www.solopress.com\\\/blog\\\/solopress-news\\\/solopress-designer-self-publishes-childrens-book\\\/\"},\"author\":{\"name\":\"Solopress\",\"@id\":\"https:\\\/\\\/www.solopress.com\\\/blog\\\/#\\\/schema\\\/person\\\/f8531403c74fe1b3ef14bcaeec1c8c41\"},\"headline\":\"Solopress designer self-publishes children&#8217;s book\",\"datePublished\":\"2018-11-29T09:51:05+00:00\",\"dateModified\":\"2023-02-27T23:03:09+00:00\",\"mainEntityOfPage\":{\"@id\":\"https:\\\/\\\/www.solopress.com\\\/blog\\\/solopress-news\\\/solopress-designer-self-publishes-childrens-book\\\/\"},\"wordCount\":894,\"commentCount\":2,\"publisher\":{\"@id\":\"https:\\\/\\\/www.solopress.com\\\/blog\\\/#organization\"},\"image\":{\"@id\":\"https:\\\/\\\/www.solopress.com\\\/blog\\\/solopress-news\\\/solopress-designer-self-publishes-childrens-book\\\/#primaryimage\"},\"thumbnailUrl\":\"https:\\\/\\\/www.solopress.com\\\/blog\\\/wp-content\\\/uploads\\\/2018\\\/11\\\/Matt-Bruty-Blog.jpg\",\"articleSection\":[\"Solopress News\"],\"inLanguage\":\"de\",\"potentialAction\":[{\"@type\":\"CommentAction\",\"name\":\"Comment\",\"target\":[\"https:\\\/\\\/www.solopress.com\\\/blog\\\/solopress-news\\\/solopress-designer-self-publishes-childrens-book\\\/#respond\"]}]},{\"@type\":\"WebPage\",\"@id\":\"https:\\\/\\\/www.solopress.com\\\/blog\\\/solopress-news\\\/solopress-designer-self-publishes-childrens-book\\\/\",\"url\":\"https:\\\/\\\/www.solopress.com\\\/blog\\\/solopress-news\\\/solopress-designer-self-publishes-childrens-book\\\/\",\"name\":\"Solopress designer self-publishes children's book | The Latest Print and Design News | Solopress\",\"isPartOf\":{\"@id\":\"https:\\\/\\\/www.solopress.com\\\/blog\\\/#website\"},\"primaryImageOfPage\":{\"@id\":\"https:\\\/\\\/www.solopress.com\\\/blog\\\/solopress-news\\\/solopress-designer-self-publishes-childrens-book\\\/#primaryimage\"},\"image\":{\"@id\":\"https:\\\/\\\/www.solopress.com\\\/blog\\\/solopress-news\\\/solopress-designer-self-publishes-childrens-book\\\/#primaryimage\"},\"thumbnailUrl\":\"https:\\\/\\\/www.solopress.com\\\/blog\\\/wp-content\\\/uploads\\\/2018\\\/11\\\/Matt-Bruty-Blog.jpg\",\"datePublished\":\"2018-11-29T09:51:05+00:00\",\"dateModified\":\"2023-02-27T23:03:09+00:00\",\"breadcrumb\":{\"@id\":\"https:\\\/\\\/www.solopress.com\\\/blog\\\/solopress-news\\\/solopress-designer-self-publishes-childrens-book\\\/#breadcrumb\"},\"inLanguage\":\"de\",\"potentialAction\":[{\"@type\":\"ReadAction\",\"target\":[\"https:\\\/\\\/www.solopress.com\\\/blog\\\/solopress-news\\\/solopress-designer-self-publishes-childrens-book\\\/\"]}]},{\"@type\":\"ImageObject\",\"inLanguage\":\"de\",\"@id\":\"https:\\\/\\\/www.solopress.com\\\/blog\\\/solopress-news\\\/solopress-designer-self-publishes-childrens-book\\\/#primaryimage\",\"url\":\"https:\\\/\\\/www.solopress.com\\\/blog\\\/wp-content\\\/uploads\\\/2018\\\/11\\\/Matt-Bruty-Blog.jpg\",\"contentUrl\":\"https:\\\/\\\/www.solopress.com\\\/blog\\\/wp-content\\\/uploads\\\/2018\\\/11\\\/Matt-Bruty-Blog.jpg\",\"width\":900,\"height\":675,\"caption\":\"children's book\"},{\"@type\":\"BreadcrumbList\",\"@id\":\"https:\\\/\\\/www.solopress.com\\\/blog\\\/solopress-news\\\/solopress-designer-self-publishes-childrens-book\\\/#breadcrumb\",\"itemListElement\":[{\"@type\":\"ListItem\",\"position\":1,\"name\":\"Blog\",\"item\":\"https:\\\/\\\/www.solopress.com\\\/blog\\\/\"},{\"@type\":\"ListItem\",\"position\":2,\"name\":\"Solopress designer self-publishes children&#8217;s book\"}]},{\"@type\":\"WebSite\",\"@id\":\"https:\\\/\\\/www.solopress.com\\\/blog\\\/#website\",\"url\":\"https:\\\/\\\/www.solopress.com\\\/blog\\\/\",\"name\":\"The Latest Print and Design News | Solopress\",\"description\":\"\",\"publisher\":{\"@id\":\"https:\\\/\\\/www.solopress.com\\\/blog\\\/#organization\"},\"potentialAction\":[{\"@type\":\"SearchAction\",\"target\":{\"@type\":\"EntryPoint\",\"urlTemplate\":\"https:\\\/\\\/www.solopress.com\\\/blog\\\/?s={search_term_string}\"},\"query-input\":{\"@type\":\"PropertyValueSpecification\",\"valueRequired\":true,\"valueName\":\"search_term_string\"}}],\"inLanguage\":\"de\"},{\"@type\":\"Organization\",\"@id\":\"https:\\\/\\\/www.solopress.com\\\/blog\\\/#organization\",\"name\":\"Solopress\",\"url\":\"https:\\\/\\\/www.solopress.com\\\/blog\\\/\",\"logo\":{\"@type\":\"ImageObject\",\"inLanguage\":\"de\",\"@id\":\"https:\\\/\\\/www.solopress.com\\\/blog\\\/#\\\/schema\\\/logo\\\/image\\\/\",\"url\":\"https:\\\/\\\/www.solopress.com\\\/blog\\\/wp-content\\\/uploads\\\/2017\\\/06\\\/solopress-logo-no-tagline@2x.png\",\"contentUrl\":\"https:\\\/\\\/www.solopress.com\\\/blog\\\/wp-content\\\/uploads\\\/2017\\\/06\\\/solopress-logo-no-tagline@2x.png\",\"width\":428,\"height\":88,\"caption\":\"Solopress\"},\"image\":{\"@id\":\"https:\\\/\\\/www.solopress.com\\\/blog\\\/#\\\/schema\\\/logo\\\/image\\\/\"},\"sameAs\":[\"https:\\\/\\\/www.facebook.com\\\/Solopress\",\"https:\\\/\\\/x.com\\\/solopress\",\"https:\\\/\\\/instagram.com\\\/solopress\\\/\",\"https:\\\/\\\/www.linkedin.com\\\/company\\\/solopress\",\"https:\\\/\\\/uk.pinterest.com\\\/solopress\\\/\",\"https:\\\/\\\/www.youtube.com\\\/user\\\/solopress\"]},{\"@type\":\"Person\",\"@id\":\"https:\\\/\\\/www.solopress.com\\\/blog\\\/#\\\/schema\\\/person\\\/f8531403c74fe1b3ef14bcaeec1c8c41\",\"name\":\"Solopress\",\"image\":{\"@type\":\"ImageObject\",\"inLanguage\":\"de\",\"@id\":\"https:\\\/\\\/secure.gravatar.com\\\/avatar\\\/5012622dc5386d65dcc9cba9677e1adb69a824f7e61d6885446076b73d0a2544?s=96&r=g\",\"url\":\"https:\\\/\\\/secure.gravatar.com\\\/avatar\\\/5012622dc5386d65dcc9cba9677e1adb69a824f7e61d6885446076b73d0a2544?s=96&r=g\",\"contentUrl\":\"https:\\\/\\\/secure.gravatar.com\\\/avatar\\\/5012622dc5386d65dcc9cba9677e1adb69a824f7e61d6885446076b73d0a2544?s=96&r=g\",\"caption\":\"Solopress\"},\"sameAs\":[\"https:\\\/\\\/www.solopress.com\\\/\"],\"url\":\"https:\\\/\\\/www.solopress.com\\\/blog\\\/de\\\/author\\\/solopress\\\/\"}]}<\/script>\n<!-- \/ Yoast SEO plugin. -->","yoast_head_json":{"title":"Solopress-Designer ver\u00f6ffentlicht Kinderbuch im Selbstverlag | Aktuelle Nachrichten aus Druck und Design | Solopress","robots":{"index":"index","follow":"follow","max-snippet":"max-snippet:-1","max-image-preview":"max-image-preview:large","max-video-preview":"max-video-preview:-1"},"canonical":"https:\/\/www.solopress.com\/blog\/de\/solopress-nachrichten\/solopress-designer-veroffentlicht-kinderbuch-im-selbstverlag\/","og_locale":"de_DE","og_type":"article","og_title":"Solopress designer self-publishes children's book | The Latest Print and Design News | Solopress","og_description":"We&#8217;re incredibly proud to announce that one of our very own has written, illustrated and published a children&#8217;s book &#8216;The Book Mites and the Spider&#8216;. Matt Bruty has a wealth of experience within the design\u00a0industry from Illustration to Graphic Design and we&#8217;re pleased to have talented individuals reach their ambitions in our midst.\u00a0 Having recently [&hellip;]","og_url":"https:\/\/www.solopress.com\/blog\/de\/solopress-nachrichten\/solopress-designer-veroffentlicht-kinderbuch-im-selbstverlag\/","og_site_name":"The Latest Print and Design News | Solopress","article_publisher":"https:\/\/www.facebook.com\/Solopress","article_published_time":"2018-11-29T09:51:05+00:00","article_modified_time":"2023-02-27T23:03:09+00:00","og_image":[{"width":900,"height":675,"url":"https:\/\/www.solopress.com\/blog\/wp-content\/uploads\/2018\/11\/Matt-Bruty-Blog.jpg","type":"image\/jpeg"}],"author":"Solopress","twitter_card":"summary_large_image","twitter_creator":"@solopress","twitter_site":"@solopress","twitter_misc":{"Verfasst von":"Solopress","Gesch\u00e4tzte Lesezeit":"6\u00a0Minuten"},"schema":{"@context":"https:\/\/schema.org","@graph":[{"@type":"Article","@id":"https:\/\/www.solopress.com\/blog\/solopress-news\/solopress-designer-self-publishes-childrens-book\/#article","isPartOf":{"@id":"https:\/\/www.solopress.com\/blog\/solopress-news\/solopress-designer-self-publishes-childrens-book\/"},"author":{"name":"Solopress","@id":"https:\/\/www.solopress.com\/blog\/#\/schema\/person\/f8531403c74fe1b3ef14bcaeec1c8c41"},"headline":"Solopress designer self-publishes children&#8217;s book","datePublished":"2018-11-29T09:51:05+00:00","dateModified":"2023-02-27T23:03:09+00:00","mainEntityOfPage":{"@id":"https:\/\/www.solopress.com\/blog\/solopress-news\/solopress-designer-self-publishes-childrens-book\/"},"wordCount":894,"commentCount":2,"publisher":{"@id":"https:\/\/www.solopress.com\/blog\/#organization"},"image":{"@id":"https:\/\/www.solopress.com\/blog\/solopress-news\/solopress-designer-self-publishes-childrens-book\/#primaryimage"},"thumbnailUrl":"https:\/\/www.solopress.com\/blog\/wp-content\/uploads\/2018\/11\/Matt-Bruty-Blog.jpg","articleSection":["Solopress News"],"inLanguage":"de","potentialAction":[{"@type":"CommentAction","name":"Comment","target":["https:\/\/www.solopress.com\/blog\/solopress-news\/solopress-designer-self-publishes-childrens-book\/#respond"]}]},{"@type":"WebPage","@id":"https:\/\/www.solopress.com\/blog\/solopress-news\/solopress-designer-self-publishes-childrens-book\/","url":"https:\/\/www.solopress.com\/blog\/solopress-news\/solopress-designer-self-publishes-childrens-book\/","name":"Solopress-Designer ver\u00f6ffentlicht Kinderbuch im Selbstverlag | Aktuelle Nachrichten aus Druck und Design | Solopress","isPartOf":{"@id":"https:\/\/www.solopress.com\/blog\/#website"},"primaryImageOfPage":{"@id":"https:\/\/www.solopress.com\/blog\/solopress-news\/solopress-designer-self-publishes-childrens-book\/#primaryimage"},"image":{"@id":"https:\/\/www.solopress.com\/blog\/solopress-news\/solopress-designer-self-publishes-childrens-book\/#primaryimage"},"thumbnailUrl":"https:\/\/www.solopress.com\/blog\/wp-content\/uploads\/2018\/11\/Matt-Bruty-Blog.jpg","datePublished":"2018-11-29T09:51:05+00:00","dateModified":"2023-02-27T23:03:09+00:00","breadcrumb":{"@id":"https:\/\/www.solopress.com\/blog\/solopress-news\/solopress-designer-self-publishes-childrens-book\/#breadcrumb"},"inLanguage":"de","potentialAction":[{"@type":"ReadAction","target":["https:\/\/www.solopress.com\/blog\/solopress-news\/solopress-designer-self-publishes-childrens-book\/"]}]},{"@type":"ImageObject","inLanguage":"de","@id":"https:\/\/www.solopress.com\/blog\/solopress-news\/solopress-designer-self-publishes-childrens-book\/#primaryimage","url":"https:\/\/www.solopress.com\/blog\/wp-content\/uploads\/2018\/11\/Matt-Bruty-Blog.jpg","contentUrl":"https:\/\/www.solopress.com\/blog\/wp-content\/uploads\/2018\/11\/Matt-Bruty-Blog.jpg","width":900,"height":675,"caption":"children's book"},{"@type":"BreadcrumbList","@id":"https:\/\/www.solopress.com\/blog\/solopress-news\/solopress-designer-self-publishes-childrens-book\/#breadcrumb","itemListElement":[{"@type":"ListItem","position":1,"name":"Blog","item":"https:\/\/www.solopress.com\/blog\/"},{"@type":"ListItem","position":2,"name":"Solopress designer self-publishes children&#8217;s book"}]},{"@type":"WebSite","@id":"https:\/\/www.solopress.com\/blog\/#website","url":"https:\/\/www.solopress.com\/blog\/","name":"Die neuesten Nachrichten aus Druck und Design | Solopress","description":"","publisher":{"@id":"https:\/\/www.solopress.com\/blog\/#organization"},"potentialAction":[{"@type":"SearchAction","target":{"@type":"EntryPoint","urlTemplate":"https:\/\/www.solopress.com\/blog\/?s={search_term_string}"},"query-input":{"@type":"PropertyValueSpecification","valueRequired":true,"valueName":"search_term_string"}}],"inLanguage":"de"},{"@type":"Organization","@id":"https:\/\/www.solopress.com\/blog\/#organization","name":"Solopress","url":"https:\/\/www.solopress.com\/blog\/","logo":{"@type":"ImageObject","inLanguage":"de","@id":"https:\/\/www.solopress.com\/blog\/#\/schema\/logo\/image\/","url":"https:\/\/www.solopress.com\/blog\/wp-content\/uploads\/2017\/06\/solopress-logo-no-tagline@2x.png","contentUrl":"https:\/\/www.solopress.com\/blog\/wp-content\/uploads\/2017\/06\/solopress-logo-no-tagline@2x.png","width":428,"height":88,"caption":"Solopress"},"image":{"@id":"https:\/\/www.solopress.com\/blog\/#\/schema\/logo\/image\/"},"sameAs":["https:\/\/www.facebook.com\/Solopress","https:\/\/x.com\/solopress","https:\/\/instagram.com\/solopress\/","https:\/\/www.linkedin.com\/company\/solopress","https:\/\/uk.pinterest.com\/solopress\/","https:\/\/www.youtube.com\/user\/solopress"]},{"@type":"Person","@id":"https:\/\/www.solopress.com\/blog\/#\/schema\/person\/f8531403c74fe1b3ef14bcaeec1c8c41","name":"Solopress","image":{"@type":"ImageObject","inLanguage":"de","@id":"https:\/\/secure.gravatar.com\/avatar\/5012622dc5386d65dcc9cba9677e1adb69a824f7e61d6885446076b73d0a2544?s=96&r=g","url":"https:\/\/secure.gravatar.com\/avatar\/5012622dc5386d65dcc9cba9677e1adb69a824f7e61d6885446076b73d0a2544?s=96&r=g","contentUrl":"https:\/\/secure.gravatar.com\/avatar\/5012622dc5386d65dcc9cba9677e1adb69a824f7e61d6885446076b73d0a2544?s=96&r=g","caption":"Solopress"},"sameAs":["https:\/\/www.solopress.com\/"],"url":"https:\/\/www.solopress.com\/blog\/de\/author\/solopress\/"}]}},"jetpack_featured_media_url":"https:\/\/www.solopress.com\/blog\/wp-content\/uploads\/2018\/11\/Matt-Bruty-Blog.jpg","_links":{"self":[{"href":"https:\/\/www.solopress.com\/blog\/de\/wp-json\/wp\/v2\/posts\/45860","targetHints":{"allow":["GET"]}}],"collection":[{"href":"https:\/\/www.solopress.com\/blog\/de\/wp-json\/wp\/v2\/posts"}],"about":[{"href":"https:\/\/www.solopress.com\/blog\/de\/wp-json\/wp\/v2\/types\/post"}],"author":[{"embeddable":true,"href":"https:\/\/www.solopress.com\/blog\/de\/wp-json\/wp\/v2\/users\/23"}],"replies":[{"embeddable":true,"href":"https:\/\/www.solopress.com\/blog\/de\/wp-json\/wp\/v2\/comments?post=45860"}],"version-history":[{"count":5,"href":"https:\/\/www.solopress.com\/blog\/de\/wp-json\/wp\/v2\/posts\/45860\/revisions"}],"predecessor-version":[{"id":73498,"href":"https:\/\/www.solopress.com\/blog\/de\/wp-json\/wp\/v2\/posts\/45860\/revisions\/73498"}],"wp:featuredmedia":[{"embeddable":true,"href":"https:\/\/www.solopress.com\/blog\/de\/wp-json\/wp\/v2\/media\/46073"}],"wp:attachment":[{"href":"https:\/\/www.solopress.com\/blog\/de\/wp-json\/wp\/v2\/media?parent=45860"}],"wp:term":[{"taxonomy":"category","embeddable":true,"href":"https:\/\/www.solopress.com\/blog\/de\/wp-json\/wp\/v2\/categories?post=45860"},{"taxonomy":"post_tag","embeddable":true,"href":"https:\/\/www.solopress.com\/blog\/de\/wp-json\/wp\/v2\/tags?post=45860"}],"curies":[{"name":"wp","href":"https:\/\/api.w.org\/{rel}","templated":true}]}}