{"id":62843,"date":"2019-07-26T15:47:29","date_gmt":"2019-07-26T14:47:29","guid":{"rendered":"https:\/\/www.solopress.com\/blog\/?p=62843"},"modified":"2019-07-29T15:08:46","modified_gmt":"2019-07-29T14:08:46","slug":"solopress-swietuje-20-lat-w-branzy-poligraficznej","status":"publish","type":"post","link":"https:\/\/www.solopress.com\/blog\/pl\/solopress-news\/solopress-celebrate-20-years-in-the-print-industry\/","title":{"rendered":"Solopress \u015bwi\u0119tuje 20 lat w bran\u017cy poligraficznej"},"content":{"rendered":"<div id=\"bsf_rt_marker\"><\/div><p>W lipcu 2019 r. Solopress obchodzi\u0142 20-lecie istnienia, a firma za\u0142o\u017cona przez Arona Priesta i Andy'ego Smitha w 1999 r. jest obecnie jedn\u0105 z najwi\u0119kszych i najszybciej rozwijaj\u0105cych si\u0119 firm w bran\u017cy poligraficznej.<\/p>\n<p>Z tej okazji dyrektor generalny Simon Cooper i dyrektor operacyjny Kevin Seaden po\u015bwi\u0119cili czas na wr\u0119czenie nagr\u00f3d d\u0142ugoletnim cz\u0142onkom zespo\u0142u, kt\u00f3rzy pomogli uczyni\u0107 Solopress tym, czym jest dzisiaj.<\/p>\n<p>Opr\u00f3cz certyfikat\u00f3w i pami\u0105tkowych tablic, laureaci otrzymali r\u00f3wnie\u017c <a href=\"https:\/\/www.redletterdays.co.uk\/\">Dni Czerwonej Litery<\/a> vouchery, daj\u0105c im szans\u0119 wyboru spo\u015br\u00f3d szerokiej gamy do\u015bwiadcze\u0144, kt\u00f3rymi mog\u0105 si\u0119 cieszy\u0107 i odhaczy\u0107 je na swojej li\u015bcie marze\u0144.<\/p>\n<p>Co wi\u0119cej, ka\u017cdy cz\u0142onek zespo\u0142u otrzyma\u0142 r\u00f3wnie\u017c butelk\u0119 Solohop, naszego w\u0142asnego piwa Solopress produkowanego we wsp\u00f3\u0142pracy z lokalnymi ekspertami, <a href=\"http:\/\/leighonseabrewery.co.uk\/\">Leigh on Sea Brewing Company<\/a>.<\/p>\n<p>Nie zapomnieli\u015bmy r\u00f3wnie\u017c o naszych klientach, uruchamiaj\u0105c w poniedzia\u0142ek wyprzeda\u017c 20% w ca\u0142ej witrynie, kt\u00f3r\u0105 nast\u0119pnie przed\u0142u\u017cyli\u015bmy do wtorku ze wzgl\u0119du na popularne zapotrzebowanie!<\/p>\n<p>Chcieliby\u015bmy podzi\u0119kowa\u0107 wszystkim cz\u0142onkom zespo\u0142u i klientom, kt\u00f3rzy towarzyszyli nam w tej niezwyk\u0142ej podr\u00f3\u017cy przez ostatnie 20 lat. W tym czasie do\u015bwiadczyli\u015bmy niesamowitego wzrostu, ale nie planujemy zwalnia\u0107 tempa w najbli\u017cszym czasie!<\/p>","protected":false},"excerpt":{"rendered":"<p>Solopress celebrated it&#8217;s 20 year anniversary in July 2019, with the company that was started by Aron Priest and Andy Smith in 1999 now one of the largest and fastest growing businesses in the print industry. To mark the occasion, MD Simon Cooper and COO Kevin Seaden took the time to present awards to long-serving [&hellip;]<\/p>\n","protected":false},"author":23,"featured_media":63032,"comment_status":"open","ping_status":"open","sticky":false,"template":"","format":"video","meta":{"_acf_changed":false,"tdm_status":"","tdm_grid_status":"","footnotes":""},"categories":[551],"tags":[],"class_list":{"0":"post-62843","1":"post","2":"type-post","3":"status-publish","4":"format-video","5":"has-post-thumbnail","7":"category-solopress-news","8":"post_format-post-format-video"},"acf":[],"yoast_head":"<!-- This site is optimized with the Yoast SEO plugin v27.5 - https:\/\/yoast.com\/product\/yoast-seo-wordpress\/ -->\n<title>Solopress Celebrate 20 Years In The Print Industry | Solopress<\/title>\n<meta name=\"robots\" content=\"index, follow, max-snippet:-1, max-image-preview:large, max-video-preview:-1\" \/>\n<link rel=\"canonical\" href=\"https:\/\/www.solopress.com\/blog\/pl\/solopress-news\/solopress-swietuje-20-lat-w-branzy-poligraficznej\/\" \/>\n<meta property=\"og:locale\" content=\"pl_PL\" \/>\n<meta property=\"og:type\" content=\"article\" \/>\n<meta property=\"og:title\" content=\"Solopress Celebrate 20 Years In The Print Industry | Solopress\" \/>\n<meta property=\"og:description\" content=\"Solopress celebrated it&#8217;s 20 year anniversary in July 2019, with the company that was started by Aron Priest and Andy Smith in 1999 now one of the largest and fastest growing businesses in the print industry. To mark the occasion, MD Simon Cooper and COO Kevin Seaden took the time to present awards to long-serving [&hellip;]\" \/>\n<meta property=\"og:url\" content=\"https:\/\/www.solopress.com\/blog\/pl\/solopress-news\/solopress-swietuje-20-lat-w-branzy-poligraficznej\/\" \/>\n<meta property=\"og:site_name\" content=\"The Latest Print and Design News | Solopress\" \/>\n<meta property=\"article:publisher\" content=\"https:\/\/www.facebook.com\/Solopress\" \/>\n<meta property=\"article:published_time\" content=\"2019-07-26T14:47:29+00:00\" \/>\n<meta property=\"article:modified_time\" content=\"2019-07-29T14:08:46+00:00\" \/>\n<meta property=\"og:image\" content=\"https:\/\/www.solopress.com\/blog\/wp-content\/uploads\/2019\/07\/maxresdefault-2.jpg\" \/>\n\t<meta property=\"og:image:width\" content=\"1280\" \/>\n\t<meta property=\"og:image:height\" content=\"720\" \/>\n\t<meta property=\"og:image:type\" content=\"image\/jpeg\" \/>\n<meta name=\"author\" content=\"Solopress\" \/>\n<meta name=\"twitter:card\" content=\"summary_large_image\" \/>\n<meta name=\"twitter:creator\" content=\"@solopress\" \/>\n<meta name=\"twitter:site\" content=\"@solopress\" \/>\n<meta name=\"twitter:label1\" content=\"Napisane przez\" \/>\n\t<meta name=\"twitter:data1\" content=\"Solopress\" \/>\n\t<meta name=\"twitter:label2\" content=\"Szacowany czas czytania\" \/>\n\t<meta name=\"twitter:data2\" content=\"1 minuta\" \/>\n<script type=\"application\/ld+json\" class=\"yoast-schema-graph\">{\"@context\":\"https:\\\/\\\/schema.org\",\"@graph\":[{\"@type\":\"Article\",\"@id\":\"https:\\\/\\\/www.solopress.com\\\/blog\\\/solopress-news\\\/solopress-celebrate-20-years-in-the-print-industry\\\/#article\",\"isPartOf\":{\"@id\":\"https:\\\/\\\/www.solopress.com\\\/blog\\\/solopress-news\\\/solopress-celebrate-20-years-in-the-print-industry\\\/\"},\"author\":{\"name\":\"Solopress\",\"@id\":\"https:\\\/\\\/www.solopress.com\\\/blog\\\/#\\\/schema\\\/person\\\/f8531403c74fe1b3ef14bcaeec1c8c41\"},\"headline\":\"Solopress celebrate 20 years in the print industry\",\"datePublished\":\"2019-07-26T14:47:29+00:00\",\"dateModified\":\"2019-07-29T14:08:46+00:00\",\"mainEntityOfPage\":{\"@id\":\"https:\\\/\\\/www.solopress.com\\\/blog\\\/solopress-news\\\/solopress-celebrate-20-years-in-the-print-industry\\\/\"},\"wordCount\":207,\"commentCount\":0,\"publisher\":{\"@id\":\"https:\\\/\\\/www.solopress.com\\\/blog\\\/#organization\"},\"image\":{\"@id\":\"https:\\\/\\\/www.solopress.com\\\/blog\\\/solopress-news\\\/solopress-celebrate-20-years-in-the-print-industry\\\/#primaryimage\"},\"thumbnailUrl\":\"https:\\\/\\\/www.solopress.com\\\/blog\\\/wp-content\\\/uploads\\\/2019\\\/07\\\/maxresdefault-2.jpg\",\"articleSection\":[\"Solopress News\"],\"inLanguage\":\"pl-PL\",\"potentialAction\":[{\"@type\":\"CommentAction\",\"name\":\"Comment\",\"target\":[\"https:\\\/\\\/www.solopress.com\\\/blog\\\/solopress-news\\\/solopress-celebrate-20-years-in-the-print-industry\\\/#respond\"]}]},{\"@type\":\"WebPage\",\"@id\":\"https:\\\/\\\/www.solopress.com\\\/blog\\\/solopress-news\\\/solopress-celebrate-20-years-in-the-print-industry\\\/\",\"url\":\"https:\\\/\\\/www.solopress.com\\\/blog\\\/solopress-news\\\/solopress-celebrate-20-years-in-the-print-industry\\\/\",\"name\":\"Solopress Celebrate 20 Years In The Print Industry | Solopress\",\"isPartOf\":{\"@id\":\"https:\\\/\\\/www.solopress.com\\\/blog\\\/#website\"},\"primaryImageOfPage\":{\"@id\":\"https:\\\/\\\/www.solopress.com\\\/blog\\\/solopress-news\\\/solopress-celebrate-20-years-in-the-print-industry\\\/#primaryimage\"},\"image\":{\"@id\":\"https:\\\/\\\/www.solopress.com\\\/blog\\\/solopress-news\\\/solopress-celebrate-20-years-in-the-print-industry\\\/#primaryimage\"},\"thumbnailUrl\":\"https:\\\/\\\/www.solopress.com\\\/blog\\\/wp-content\\\/uploads\\\/2019\\\/07\\\/maxresdefault-2.jpg\",\"datePublished\":\"2019-07-26T14:47:29+00:00\",\"dateModified\":\"2019-07-29T14:08:46+00:00\",\"breadcrumb\":{\"@id\":\"https:\\\/\\\/www.solopress.com\\\/blog\\\/solopress-news\\\/solopress-celebrate-20-years-in-the-print-industry\\\/#breadcrumb\"},\"inLanguage\":\"pl-PL\",\"potentialAction\":[{\"@type\":\"ReadAction\",\"target\":[\"https:\\\/\\\/www.solopress.com\\\/blog\\\/solopress-news\\\/solopress-celebrate-20-years-in-the-print-industry\\\/\"]}]},{\"@type\":\"ImageObject\",\"inLanguage\":\"pl-PL\",\"@id\":\"https:\\\/\\\/www.solopress.com\\\/blog\\\/solopress-news\\\/solopress-celebrate-20-years-in-the-print-industry\\\/#primaryimage\",\"url\":\"https:\\\/\\\/www.solopress.com\\\/blog\\\/wp-content\\\/uploads\\\/2019\\\/07\\\/maxresdefault-2.jpg\",\"contentUrl\":\"https:\\\/\\\/www.solopress.com\\\/blog\\\/wp-content\\\/uploads\\\/2019\\\/07\\\/maxresdefault-2.jpg\",\"width\":1280,\"height\":720},{\"@type\":\"BreadcrumbList\",\"@id\":\"https:\\\/\\\/www.solopress.com\\\/blog\\\/solopress-news\\\/solopress-celebrate-20-years-in-the-print-industry\\\/#breadcrumb\",\"itemListElement\":[{\"@type\":\"ListItem\",\"position\":1,\"name\":\"Blog\",\"item\":\"https:\\\/\\\/www.solopress.com\\\/blog\\\/\"},{\"@type\":\"ListItem\",\"position\":2,\"name\":\"Solopress celebrate 20 years in the print industry\"}]},{\"@type\":\"WebSite\",\"@id\":\"https:\\\/\\\/www.solopress.com\\\/blog\\\/#website\",\"url\":\"https:\\\/\\\/www.solopress.com\\\/blog\\\/\",\"name\":\"The Latest Print and Design News | Solopress\",\"description\":\"\",\"publisher\":{\"@id\":\"https:\\\/\\\/www.solopress.com\\\/blog\\\/#organization\"},\"potentialAction\":[{\"@type\":\"SearchAction\",\"target\":{\"@type\":\"EntryPoint\",\"urlTemplate\":\"https:\\\/\\\/www.solopress.com\\\/blog\\\/?s={search_term_string}\"},\"query-input\":{\"@type\":\"PropertyValueSpecification\",\"valueRequired\":true,\"valueName\":\"search_term_string\"}}],\"inLanguage\":\"pl-PL\"},{\"@type\":\"Organization\",\"@id\":\"https:\\\/\\\/www.solopress.com\\\/blog\\\/#organization\",\"name\":\"Solopress\",\"url\":\"https:\\\/\\\/www.solopress.com\\\/blog\\\/\",\"logo\":{\"@type\":\"ImageObject\",\"inLanguage\":\"pl-PL\",\"@id\":\"https:\\\/\\\/www.solopress.com\\\/blog\\\/#\\\/schema\\\/logo\\\/image\\\/\",\"url\":\"https:\\\/\\\/www.solopress.com\\\/blog\\\/wp-content\\\/uploads\\\/2017\\\/06\\\/solopress-logo-no-tagline@2x.png\",\"contentUrl\":\"https:\\\/\\\/www.solopress.com\\\/blog\\\/wp-content\\\/uploads\\\/2017\\\/06\\\/solopress-logo-no-tagline@2x.png\",\"width\":428,\"height\":88,\"caption\":\"Solopress\"},\"image\":{\"@id\":\"https:\\\/\\\/www.solopress.com\\\/blog\\\/#\\\/schema\\\/logo\\\/image\\\/\"},\"sameAs\":[\"https:\\\/\\\/www.facebook.com\\\/Solopress\",\"https:\\\/\\\/x.com\\\/solopress\",\"https:\\\/\\\/instagram.com\\\/solopress\\\/\",\"https:\\\/\\\/www.linkedin.com\\\/company\\\/solopress\",\"https:\\\/\\\/uk.pinterest.com\\\/solopress\\\/\",\"https:\\\/\\\/www.youtube.com\\\/user\\\/solopress\"]},{\"@type\":\"Person\",\"@id\":\"https:\\\/\\\/www.solopress.com\\\/blog\\\/#\\\/schema\\\/person\\\/f8531403c74fe1b3ef14bcaeec1c8c41\",\"name\":\"Solopress\",\"image\":{\"@type\":\"ImageObject\",\"inLanguage\":\"pl-PL\",\"@id\":\"https:\\\/\\\/secure.gravatar.com\\\/avatar\\\/5012622dc5386d65dcc9cba9677e1adb69a824f7e61d6885446076b73d0a2544?s=96&r=g\",\"url\":\"https:\\\/\\\/secure.gravatar.com\\\/avatar\\\/5012622dc5386d65dcc9cba9677e1adb69a824f7e61d6885446076b73d0a2544?s=96&r=g\",\"contentUrl\":\"https:\\\/\\\/secure.gravatar.com\\\/avatar\\\/5012622dc5386d65dcc9cba9677e1adb69a824f7e61d6885446076b73d0a2544?s=96&r=g\",\"caption\":\"Solopress\"},\"sameAs\":[\"https:\\\/\\\/www.solopress.com\\\/\"],\"url\":\"https:\\\/\\\/www.solopress.com\\\/blog\\\/pl\\\/author\\\/solopress\\\/\"}]}<\/script>\n<!-- \/ Yoast SEO plugin. -->","yoast_head_json":{"title":"Solopress \u015bwi\u0119tuje 20 lat w bran\u017cy poligraficznej | Solopress","robots":{"index":"index","follow":"follow","max-snippet":"max-snippet:-1","max-image-preview":"max-image-preview:large","max-video-preview":"max-video-preview:-1"},"canonical":"https:\/\/www.solopress.com\/blog\/pl\/solopress-news\/solopress-swietuje-20-lat-w-branzy-poligraficznej\/","og_locale":"pl_PL","og_type":"article","og_title":"Solopress Celebrate 20 Years In The Print Industry | Solopress","og_description":"Solopress celebrated it&#8217;s 20 year anniversary in July 2019, with the company that was started by Aron Priest and Andy Smith in 1999 now one of the largest and fastest growing businesses in the print industry. To mark the occasion, MD Simon Cooper and COO Kevin Seaden took the time to present awards to long-serving [&hellip;]","og_url":"https:\/\/www.solopress.com\/blog\/pl\/solopress-news\/solopress-swietuje-20-lat-w-branzy-poligraficznej\/","og_site_name":"The Latest Print and Design News | Solopress","article_publisher":"https:\/\/www.facebook.com\/Solopress","article_published_time":"2019-07-26T14:47:29+00:00","article_modified_time":"2019-07-29T14:08:46+00:00","og_image":[{"width":1280,"height":720,"url":"https:\/\/www.solopress.com\/blog\/wp-content\/uploads\/2019\/07\/maxresdefault-2.jpg","type":"image\/jpeg"}],"author":"Solopress","twitter_card":"summary_large_image","twitter_creator":"@solopress","twitter_site":"@solopress","twitter_misc":{"Napisane przez":"Solopress","Szacowany czas czytania":"1 minuta"},"schema":{"@context":"https:\/\/schema.org","@graph":[{"@type":"Article","@id":"https:\/\/www.solopress.com\/blog\/solopress-news\/solopress-celebrate-20-years-in-the-print-industry\/#article","isPartOf":{"@id":"https:\/\/www.solopress.com\/blog\/solopress-news\/solopress-celebrate-20-years-in-the-print-industry\/"},"author":{"name":"Solopress","@id":"https:\/\/www.solopress.com\/blog\/#\/schema\/person\/f8531403c74fe1b3ef14bcaeec1c8c41"},"headline":"Solopress celebrate 20 years in the print industry","datePublished":"2019-07-26T14:47:29+00:00","dateModified":"2019-07-29T14:08:46+00:00","mainEntityOfPage":{"@id":"https:\/\/www.solopress.com\/blog\/solopress-news\/solopress-celebrate-20-years-in-the-print-industry\/"},"wordCount":207,"commentCount":0,"publisher":{"@id":"https:\/\/www.solopress.com\/blog\/#organization"},"image":{"@id":"https:\/\/www.solopress.com\/blog\/solopress-news\/solopress-celebrate-20-years-in-the-print-industry\/#primaryimage"},"thumbnailUrl":"https:\/\/www.solopress.com\/blog\/wp-content\/uploads\/2019\/07\/maxresdefault-2.jpg","articleSection":["Solopress News"],"inLanguage":"pl-PL","potentialAction":[{"@type":"CommentAction","name":"Comment","target":["https:\/\/www.solopress.com\/blog\/solopress-news\/solopress-celebrate-20-years-in-the-print-industry\/#respond"]}]},{"@type":"WebPage","@id":"https:\/\/www.solopress.com\/blog\/solopress-news\/solopress-celebrate-20-years-in-the-print-industry\/","url":"https:\/\/www.solopress.com\/blog\/solopress-news\/solopress-celebrate-20-years-in-the-print-industry\/","name":"Solopress \u015bwi\u0119tuje 20 lat w bran\u017cy poligraficznej | Solopress","isPartOf":{"@id":"https:\/\/www.solopress.com\/blog\/#website"},"primaryImageOfPage":{"@id":"https:\/\/www.solopress.com\/blog\/solopress-news\/solopress-celebrate-20-years-in-the-print-industry\/#primaryimage"},"image":{"@id":"https:\/\/www.solopress.com\/blog\/solopress-news\/solopress-celebrate-20-years-in-the-print-industry\/#primaryimage"},"thumbnailUrl":"https:\/\/www.solopress.com\/blog\/wp-content\/uploads\/2019\/07\/maxresdefault-2.jpg","datePublished":"2019-07-26T14:47:29+00:00","dateModified":"2019-07-29T14:08:46+00:00","breadcrumb":{"@id":"https:\/\/www.solopress.com\/blog\/solopress-news\/solopress-celebrate-20-years-in-the-print-industry\/#breadcrumb"},"inLanguage":"pl-PL","potentialAction":[{"@type":"ReadAction","target":["https:\/\/www.solopress.com\/blog\/solopress-news\/solopress-celebrate-20-years-in-the-print-industry\/"]}]},{"@type":"ImageObject","inLanguage":"pl-PL","@id":"https:\/\/www.solopress.com\/blog\/solopress-news\/solopress-celebrate-20-years-in-the-print-industry\/#primaryimage","url":"https:\/\/www.solopress.com\/blog\/wp-content\/uploads\/2019\/07\/maxresdefault-2.jpg","contentUrl":"https:\/\/www.solopress.com\/blog\/wp-content\/uploads\/2019\/07\/maxresdefault-2.jpg","width":1280,"height":720},{"@type":"BreadcrumbList","@id":"https:\/\/www.solopress.com\/blog\/solopress-news\/solopress-celebrate-20-years-in-the-print-industry\/#breadcrumb","itemListElement":[{"@type":"ListItem","position":1,"name":"Blog","item":"https:\/\/www.solopress.com\/blog\/"},{"@type":"ListItem","position":2,"name":"Solopress celebrate 20 years in the print industry"}]},{"@type":"WebSite","@id":"https:\/\/www.solopress.com\/blog\/#website","url":"https:\/\/www.solopress.com\/blog\/","name":"Najnowsze wiadomo\u015bci dotycz\u0105ce druku i projektowania | Solopress","description":"","publisher":{"@id":"https:\/\/www.solopress.com\/blog\/#organization"},"potentialAction":[{"@type":"SearchAction","target":{"@type":"EntryPoint","urlTemplate":"https:\/\/www.solopress.com\/blog\/?s={search_term_string}"},"query-input":{"@type":"PropertyValueSpecification","valueRequired":true,"valueName":"search_term_string"}}],"inLanguage":"pl-PL"},{"@type":"Organization","@id":"https:\/\/www.solopress.com\/blog\/#organization","name":"Solopress","url":"https:\/\/www.solopress.com\/blog\/","logo":{"@type":"ImageObject","inLanguage":"pl-PL","@id":"https:\/\/www.solopress.com\/blog\/#\/schema\/logo\/image\/","url":"https:\/\/www.solopress.com\/blog\/wp-content\/uploads\/2017\/06\/solopress-logo-no-tagline@2x.png","contentUrl":"https:\/\/www.solopress.com\/blog\/wp-content\/uploads\/2017\/06\/solopress-logo-no-tagline@2x.png","width":428,"height":88,"caption":"Solopress"},"image":{"@id":"https:\/\/www.solopress.com\/blog\/#\/schema\/logo\/image\/"},"sameAs":["https:\/\/www.facebook.com\/Solopress","https:\/\/x.com\/solopress","https:\/\/instagram.com\/solopress\/","https:\/\/www.linkedin.com\/company\/solopress","https:\/\/uk.pinterest.com\/solopress\/","https:\/\/www.youtube.com\/user\/solopress"]},{"@type":"Person","@id":"https:\/\/www.solopress.com\/blog\/#\/schema\/person\/f8531403c74fe1b3ef14bcaeec1c8c41","name":"Solopress","image":{"@type":"ImageObject","inLanguage":"pl-PL","@id":"https:\/\/secure.gravatar.com\/avatar\/5012622dc5386d65dcc9cba9677e1adb69a824f7e61d6885446076b73d0a2544?s=96&r=g","url":"https:\/\/secure.gravatar.com\/avatar\/5012622dc5386d65dcc9cba9677e1adb69a824f7e61d6885446076b73d0a2544?s=96&r=g","contentUrl":"https:\/\/secure.gravatar.com\/avatar\/5012622dc5386d65dcc9cba9677e1adb69a824f7e61d6885446076b73d0a2544?s=96&r=g","caption":"Solopress"},"sameAs":["https:\/\/www.solopress.com\/"],"url":"https:\/\/www.solopress.com\/blog\/pl\/author\/solopress\/"}]}},"jetpack_featured_media_url":"https:\/\/www.solopress.com\/blog\/wp-content\/uploads\/2019\/07\/maxresdefault-2.jpg","_links":{"self":[{"href":"https:\/\/www.solopress.com\/blog\/pl\/wp-json\/wp\/v2\/posts\/62843","targetHints":{"allow":["GET"]}}],"collection":[{"href":"https:\/\/www.solopress.com\/blog\/pl\/wp-json\/wp\/v2\/posts"}],"about":[{"href":"https:\/\/www.solopress.com\/blog\/pl\/wp-json\/wp\/v2\/types\/post"}],"author":[{"embeddable":true,"href":"https:\/\/www.solopress.com\/blog\/pl\/wp-json\/wp\/v2\/users\/23"}],"replies":[{"embeddable":true,"href":"https:\/\/www.solopress.com\/blog\/pl\/wp-json\/wp\/v2\/comments?post=62843"}],"version-history":[{"count":3,"href":"https:\/\/www.solopress.com\/blog\/pl\/wp-json\/wp\/v2\/posts\/62843\/revisions"}],"predecessor-version":[{"id":63026,"href":"https:\/\/www.solopress.com\/blog\/pl\/wp-json\/wp\/v2\/posts\/62843\/revisions\/63026"}],"wp:featuredmedia":[{"embeddable":true,"href":"https:\/\/www.solopress.com\/blog\/pl\/wp-json\/wp\/v2\/media\/63032"}],"wp:attachment":[{"href":"https:\/\/www.solopress.com\/blog\/pl\/wp-json\/wp\/v2\/media?parent=62843"}],"wp:term":[{"taxonomy":"category","embeddable":true,"href":"https:\/\/www.solopress.com\/blog\/pl\/wp-json\/wp\/v2\/categories?post=62843"},{"taxonomy":"post_tag","embeddable":true,"href":"https:\/\/www.solopress.com\/blog\/pl\/wp-json\/wp\/v2\/tags?post=62843"}],"curies":[{"name":"wp","href":"https:\/\/api.w.org\/{rel}","templated":true}]}}