{"id":45860,"date":"2018-11-29T09:51:05","date_gmt":"2018-11-29T09:51:05","guid":{"rendered":"https:\/\/www.solopress.com\/blog\/?p=45860"},"modified":"2023-02-27T23:03:09","modified_gmt":"2023-02-27T23:03:09","slug":"designer-da-solopress-publica-por-conta-propria-um-livro-para-criancas","status":"publish","type":"post","link":"https:\/\/www.solopress.com\/blog\/pt-pt\/solopress-news\/solopress-designer-self-publishes-childrens-book\/","title":{"rendered":"Designer da Solopress publica livro infantil por conta pr\u00f3pria"},"content":{"rendered":"<div id=\"bsf_rt_marker\"><\/div>\r\n<p>\u00c9 com grande orgulho que anunciamos que um dos nossos colaboradores escreveu, ilustrou e publicou um livro infantil '<a href=\"http:\/\/talesfrombookend.co.uk\/\" target=\"_blank\" rel=\"noreferrer noopener\" aria-label=\"\u00c9 com grande orgulho que anunciamos que um dos nossos colaboradores escreveu, ilustrou e publicou o livro infantil &quot;The Book Mites and the Spider&quot;. Matt Bruty tem uma vasta experi\u00eancia na ind\u00fastria do design, desde a ilustra\u00e7\u00e3o ao design gr\u00e1fico. I . Matt revelou que sempre foi um sonho seu escrever o seu pr\u00f3prio livro, que pode ser rastreado desde os seus dias de crian\u00e7a. (abre num novo separador)\">Os \u00e1caros do livro e a aranha<\/a>'. Matt Bruty tem uma vasta experi\u00eancia no sector do design, desde a ilustra\u00e7\u00e3o ao design gr\u00e1fico, e estamos satisfeitos por ter indiv\u00edduos talentosos a alcan\u00e7ar as suas ambi\u00e7\u00f5es entre n\u00f3s.\u00a0<\/p>\r\n\r\n\r\n\r\n<p>Tendo recentemente escrito e publicado o seu <a href=\"https:\/\/www.solopress.com\/blog\/pt-pt\/paperback-books\/\">Livro de bolso<\/a>Matt comentou: \"Sempre quis escrever um livro, desde que me lembro. Quando os meus filhos nasceram, comecei a ver os programas que eles viam e algo se passou na minha cabe\u00e7a e comecei a trabalhar. Senti que n\u00e3o havia muita personalidade ou varia\u00e7\u00e3o por a\u00ed, por isso pensei que as personagens que viviam numa estante de livros seriam um \u00f3timo ve\u00edculo para uma s\u00e9rie. Desde ent\u00e3o, tenho vindo a desenvolver a ideia e nasceram os Book Mites\".\u00a0<\/p>\r\n\r\n\r\n\r\n<ul class=\"wp-block-gallery columns-3 is-cropped wp-block-gallery-1 is-layout-flex wp-block-gallery-is-layout-flex\">\r\n<li class=\"blocks-gallery-item\">\r\n<figure><a href=\"https:\/\/www.solopress.com\/blog\/wp-content\/uploads\/2018\/11\/Clank-Book-Mite.jpg\"><img loading=\"lazy\" decoding=\"async\" width=\"1000\" height=\"1000\" class=\"wp-image-45955\" src=\"https:\/\/www.solopress.com\/blog\/wp-content\/uploads\/2018\/11\/Clank-Book-Mite.jpg\" alt=\"\" data-id=\"45955\" data-link=\"https:\/\/www.solopress.com\/blog\/?attachment_id=45955\" \/><\/a><\/figure>\r\n<\/li>\r\n<li class=\"blocks-gallery-item\">\r\n<figure><a href=\"https:\/\/www.solopress.com\/blog\/wp-content\/uploads\/2018\/11\/Curly-Book-Mite.jpg\"><img loading=\"lazy\" decoding=\"async\" width=\"957\" height=\"957\" class=\"wp-image-45958\" src=\"https:\/\/www.solopress.com\/blog\/wp-content\/uploads\/2018\/11\/Curly-Book-Mite.jpg\" alt=\"\" data-id=\"45958\" data-link=\"https:\/\/www.solopress.com\/blog\/?attachment_id=45958\" \/><\/a><\/figure>\r\n<\/li>\r\n<li class=\"blocks-gallery-item\">\r\n<figure><a href=\"https:\/\/www.solopress.com\/blog\/wp-content\/uploads\/2018\/11\/Gary-Book-Mite.jpg\"><img loading=\"lazy\" decoding=\"async\" width=\"1000\" height=\"1000\" class=\"wp-image-45961\" src=\"https:\/\/www.solopress.com\/blog\/wp-content\/uploads\/2018\/11\/Gary-Book-Mite.jpg\" alt=\"\" data-id=\"45961\" data-link=\"https:\/\/www.solopress.com\/blog\/?attachment_id=45961\" \/><\/a><\/figure>\r\n<\/li>\r\n<li class=\"blocks-gallery-item\">\r\n<figure><a href=\"https:\/\/www.solopress.com\/blog\/wp-content\/uploads\/2018\/11\/Nema-Book-Mite.jpg\"><img loading=\"lazy\" decoding=\"async\" width=\"1000\" height=\"1000\" class=\"wp-image-45964\" src=\"https:\/\/www.solopress.com\/blog\/wp-content\/uploads\/2018\/11\/Nema-Book-Mite.jpg\" alt=\"\" data-id=\"45964\" data-link=\"https:\/\/www.solopress.com\/blog\/?attachment_id=45964\" \/><\/a><\/figure>\r\n<\/li>\r\n<li class=\"blocks-gallery-item\">\r\n<figure><a href=\"https:\/\/www.solopress.com\/blog\/wp-content\/uploads\/2018\/11\/Woof-Book-Mite.jpg\"><img loading=\"lazy\" decoding=\"async\" width=\"844\" height=\"844\" class=\"wp-image-45967\" src=\"https:\/\/www.solopress.com\/blog\/wp-content\/uploads\/2018\/11\/Woof-Book-Mite.jpg\" alt=\"\" data-id=\"45967\" data-link=\"https:\/\/www.solopress.com\/blog\/?attachment_id=45967\" \/><\/a><\/figure>\r\n<\/li>\r\n<\/ul>\r\n\r\n\r\n\r\n<h2 class=\"wp-block-heading\">Criar um livro para crian\u00e7as<\/h2>\r\n\r\n\r\n\r\n<p>Claro que criar um livro \u00e9 um trabalho longo e \u00e1rduo que n\u00e3o se faz sozinho. Normalmente, uma equipa \u00e9 constitu\u00edda por ilustradores, escritores e um editor, mas Matt assumiu todas estas fun\u00e7\u00f5es. Para saber mais sobre Matt, ele disse \"Este livro levou 6 anos de noites em claro. Nunca foi algo que eu tivesse pressa em terminar, foi mais um projeto de paix\u00e3o no meu tempo livre. Na verdade, quase terminei o livro duas vezes, mas n\u00e3o estava completamente satisfeito com ele, por isso reescrevi e reformulei o meu estilo de ilustra\u00e7\u00e3o. A minha filha mais nova tem agora 3 anos e gosta muito dos seus livros, por isso achei melhor despachar-me antes que ela cres\u00e7a demasiado!\u00a0<\/p>\r\n\r\n\r\n\r\n<h3 class=\"wp-block-heading\">Sucesso do livro<\/h3>\r\n\r\n\r\n\r\n<p>Apesar de ter sido publicado h\u00e1 pouco tempo, o livro de Matt j\u00e1 est\u00e1 a dar frutos, tendo sido distribu\u00eddas c\u00f3pias para os Estados Unidos e at\u00e9 para a \u00cdndia! Ele tamb\u00e9m \u00e9 muito ativo nas escolas locais, ajudando as crian\u00e7as a ler e a partilhar o seu livro. Para acompanhar o seu livro, criou as suas pr\u00f3prias folhas de colorir com os Book Mites para as crian\u00e7as colorirem. Neste curto espa\u00e7o de tempo, Matt tamb\u00e9m construiu sozinho uma comunidade ativa no seu <a href=\"https:\/\/www.instagram.com\/talesfrombookend\/?hl=en\" target=\"_blank\" rel=\"noreferrer noopener\" aria-label=\"Apesar de ter sido publicado h\u00e1 pouco tempo, o livro de Matt j\u00e1 est\u00e1 a dar os seus frutos. Recentemente, distribuiu c\u00f3pias para os Estados Unidos e at\u00e9 para a \u00cdndia! Ele tamb\u00e9m \u00e9 muito ativo nas escolas locais para ajudar as crian\u00e7as a ler e a partilhar o seu livro. Neste curto espa\u00e7o de tempo, ele tamb\u00e9m construiu sozinho uma comunidade ativa no seu Instagram com leitores que partilham as suas fotografias favoritas com os Book Mites.  (abre num novo separador)\">Instagram<\/a> com os leitores a partilharem as suas fotografias preferidas com os Book Mites.\u00a0<\/p>\r\n\r\n\r\n\r\n<ul class=\"wp-block-gallery columns-3 is-cropped wp-block-gallery-2 is-layout-flex wp-block-gallery-is-layout-flex\">\r\n<li class=\"blocks-gallery-item\">\r\n<figure><a href=\"https:\/\/www.solopress.com\/blog\/wp-content\/uploads\/2018\/11\/Book-Mite-Children-Review.jpg\"><img loading=\"lazy\" decoding=\"async\" width=\"1024\" height=\"1024\" class=\"wp-image-45976\" src=\"https:\/\/www.solopress.com\/blog\/wp-content\/uploads\/2018\/11\/Book-Mite-Children-Review.jpg\" alt=\"\" data-id=\"45976\" data-link=\"https:\/\/www.solopress.com\/blog\/book-mite-children-review\/\" \/><\/a><\/figure>\r\n<\/li>\r\n<li class=\"blocks-gallery-item\">\r\n<figure><a href=\"https:\/\/www.solopress.com\/blog\/wp-content\/uploads\/2018\/11\/Book-Mites-Colouring.jpg\"><img loading=\"lazy\" decoding=\"async\" width=\"1080\" height=\"1079\" class=\"wp-image-45979\" src=\"https:\/\/www.solopress.com\/blog\/wp-content\/uploads\/2018\/11\/Book-Mites-Colouring.jpg\" alt=\"\" data-id=\"45979\" data-link=\"https:\/\/www.solopress.com\/blog\/book-mites-colouring\/\" \/><\/a><\/figure>\r\n<\/li>\r\n<li class=\"blocks-gallery-item\">\r\n<figure><a href=\"https:\/\/www.solopress.com\/blog\/wp-content\/uploads\/2018\/11\/Book-Mites-in-Washington-DC.jpg\"><img loading=\"lazy\" decoding=\"async\" width=\"718\" height=\"718\" class=\"wp-image-45982\" src=\"https:\/\/www.solopress.com\/blog\/wp-content\/uploads\/2018\/11\/Book-Mites-in-Washington-DC.jpg\" alt=\"\" data-id=\"45982\" data-link=\"https:\/\/www.solopress.com\/blog\/book-mites-in-washington-dc\/\" \/><\/a><\/figure>\r\n<\/li>\r\n<li class=\"blocks-gallery-item\">\r\n<figure><a href=\"https:\/\/www.solopress.com\/blog\/wp-content\/uploads\/2018\/11\/Matt-Bruty-School-Visit-1.jpg\"><img loading=\"lazy\" decoding=\"async\" width=\"1080\" height=\"1080\" class=\"wp-image-45985\" src=\"https:\/\/www.solopress.com\/blog\/wp-content\/uploads\/2018\/11\/Matt-Bruty-School-Visit-1.jpg\" alt=\"\" data-id=\"45985\" data-link=\"https:\/\/www.solopress.com\/blog\/matt-bruty-school-visit-1\/\" \/><\/a><\/figure>\r\n<\/li>\r\n<li class=\"blocks-gallery-item\">\r\n<figure><a href=\"https:\/\/www.solopress.com\/blog\/wp-content\/uploads\/2018\/11\/Matt-Brutys-Book-Mite-School-Visit.jpg\"><img loading=\"lazy\" decoding=\"async\" width=\"1080\" height=\"1080\" class=\"wp-image-45988\" src=\"https:\/\/www.solopress.com\/blog\/wp-content\/uploads\/2018\/11\/Matt-Brutys-Book-Mite-School-Visit.jpg\" alt=\"\" data-id=\"45988\" data-link=\"https:\/\/www.solopress.com\/blog\/matt-brutys-book-mite-school-visit\/\" \/><\/a><\/figure>\r\n<\/li>\r\n<\/ul>\r\n\r\n\r\n\r\n<p>Com a ilustra\u00e7\u00e3o criativa que se v\u00ea no livro, t\u00ednhamos de saber o que levou Matt a desenvolver um estilo t\u00e3o interessante para o seu livro infantil. Matt contou-nos: \"Quando penso nos livros que li em crian\u00e7a, s\u00e3o os que me comovem e muitas vezes me assustam um pouco. Para mim, isso deveu-se ao estilo da ilustra\u00e7\u00e3o e n\u00e3o tanto \u00e0s palavras. Lembro-me particularmente de me perder nas ilustra\u00e7\u00f5es de Stephen Cartwright, Alan Ahlberg, Ted Geisel e, claro, Quentin Blake\". Acrescentando: \"Queria realmente imitar essas emo\u00e7\u00f5es que senti no meu pr\u00f3prio livro. Relativamente ao estilo de escrita, sempre gostei do estilo de escrita de Julia Donaldson. A forma como ela planeia uma hist\u00f3ria \u00e9 sempre t\u00e3o perfeita, e depois faz\u00ea-la rimar e fluir deixa-me maravilhada. A minha filha mais velha tamb\u00e9m \u00e9 uma f\u00e3, por isso quis mesmo inspirar-me nesse estilo\".\u00a0<\/p>\r\n\r\n\r\n\r\n<h3 class=\"wp-block-heading\">Acabado de sair da imprensa<\/h3>\r\n\r\n\r\n\r\n<p>Matt estava nervoso mas entusiasmado quando os seus primeiros livros foram impressos. O teste era muito importante para ele, pois queria ter a certeza absoluta do seu aspeto. Sendo oriundo de um meio digital e de impress\u00e3o, Matt conhece bem os meandros da impress\u00e3o de livros, pelo que estava ansioso por verificar como \u00e9 que as cores ficariam no lan\u00e7amento f\u00edsico. Matt falou um pouco mais sobre a sua experi\u00eancia: \"Ser um iniciado no sector da impress\u00e3o ajudou-me muito. A Solopress deixou-me orgulhoso com a impress\u00e3o. Fiquei muito satisfeito com a subtileza das minhas ilustra\u00e7\u00f5es e cores na impress\u00e3o. Assim que vi o produto acabado, senti-me imediatamente orgulhoso do produto que tinha produzido\".\u00a0<\/p>\r\n\r\n\r\n\r\n<h3 class=\"wp-block-heading\">O que \u00e9 que se segue?<\/h3>\r\n\r\n\r\n\r\n<p>Aproveitando todo o impulso e sucesso que o seu livro j\u00e1 alcan\u00e7ou, Matt contou-nos o que tem planeado para o futuro: \"Acabei de publicar o meu livro por conta pr\u00f3pria, por isso, neste momento, estou a concentrar-me em visitar escolas e a construir os meus seguidores nas redes sociais. A longo prazo, espero conseguir um agente liter\u00e1rio e continuar a partir da\u00ed. O meu pr\u00f3ximo livro da s\u00e9rie j\u00e1 est\u00e1 escrito e meio ilustrado, por isso, neste momento, estou concentrado e entusiasmado com ele\".\u00a0<\/p>\r\n\r\n\r\n\r\n<p>Estamos todos ansiosos por ver onde \u00e9 que a publica\u00e7\u00e3o do Matt o vai levar no futuro pr\u00f3ximo. Se quiserem uma nova leitura interessante para os vossos filhos ou se quiserem apoiar o Matt e os seus Book Mites, comprem o vosso pr\u00f3prio exemplar do livro. Muitos de n\u00f3s j\u00e1 leram \"Os \u00e1caros e a aranha\" e ador\u00e1mos, e muitos dos nossos filhos tamb\u00e9m! Tanto que est\u00e3o a pedir mais, por isso, nada de press\u00f5es, Matt! N\u00e3o vamos estragar nada, mas \u00e9 certamente especial e \u00fanico, \u00e9 um livro que o vai deixar a si e aos seus filhos prontos para mais Book Mites.<\/p>\r\n\r\n\r\n\r\n<p>O livro pode ser adquirido no site <a href=\"http:\/\/talesfrombookend.co.uk\/\" target=\"_blank\" rel=\"noreferrer noopener\" aria-label=\"Comprem o vosso pr\u00f3prio exemplar do livro do Matt &quot;The Book Mites and the Spider&quot;. Muitos de n\u00f3s j\u00e1 o lemos e ador\u00e1mos, muitos dos nossos filhos tamb\u00e9m! N\u00e3o vamos estragar nada, mas \u00e9 certamente algo especial e vai deixar os vossos filhos prontos para mais. O livro pode ser comprado no s\u00edtio Web do autor pelo pre\u00e7o de 6,99 euros (abre num novo separador)\">s\u00edtio Web<\/a> pelo pre\u00e7o muito razo\u00e1vel de \u00a36,99. Se gostar do livro, n\u00e3o se esque\u00e7a de partilhar as suas experi\u00eancias com ele no seu <a href=\"https:\/\/www.instagram.com\/talesfrombookend\/?hl=en\" target=\"_blank\" rel=\"noreferrer noopener\" aria-label=\"Comprem o vosso pr\u00f3prio exemplar do livro do Matt &quot;The Book Mites and the Spider&quot;. Muitos de n\u00f3s j\u00e1 o leram e adoraram-no, e muitos dos nossos filhos tamb\u00e9m! N\u00e3o vamos estragar nada, mas \u00e9 certamente algo especial e vai deixar os vossos filhos prontos para mais. Pode comprar o livro no s\u00edtio Web do autor pelo fant\u00e1stico pre\u00e7o de 6,99 euros. N\u00e3o se esque\u00e7a tamb\u00e9m de partilhar as suas experi\u00eancias com ele na sua p\u00e1gina do Instagram. (abre num novo separador)\">Instagram<\/a> e tornar-se parte da comunidade Book Mite.<\/p>","protected":false},"excerpt":{"rendered":"<p>We&#8217;re incredibly proud to announce that one of our very own has written, illustrated and published a children&#8217;s book &#8216;The Book Mites and the Spider&#8216;. Matt Bruty has a wealth of experience within the design\u00a0industry from Illustration to Graphic Design and we&#8217;re pleased to have talented individuals reach their ambitions in our midst.\u00a0 Having recently [&hellip;]<\/p>\n","protected":false},"author":23,"featured_media":46073,"comment_status":"open","ping_status":"open","sticky":false,"template":"","format":"standard","meta":{"_acf_changed":false,"tdm_status":"","tdm_grid_status":"","footnotes":""},"categories":[551],"tags":[],"class_list":{"0":"post-45860","1":"post","2":"type-post","3":"status-publish","4":"format-standard","5":"has-post-thumbnail","7":"category-solopress-news"},"acf":[],"yoast_head":"<!-- This site is optimized with the Yoast SEO plugin v27.5 - https:\/\/yoast.com\/product\/yoast-seo-wordpress\/ -->\n<title>Solopress designer self-publishes children&#039;s book | The Latest Print and Design News | Solopress<\/title>\n<meta name=\"robots\" content=\"index, follow, max-snippet:-1, max-image-preview:large, max-video-preview:-1\" \/>\n<link rel=\"canonical\" href=\"https:\/\/www.solopress.com\/blog\/pt-pt\/solopress-news\/designer-da-solopress-publica-por-conta-propria-um-livro-para-criancas\/\" \/>\n<meta property=\"og:locale\" content=\"pt_PT\" \/>\n<meta property=\"og:type\" content=\"article\" \/>\n<meta property=\"og:title\" content=\"Solopress designer self-publishes children&#039;s book | The Latest Print and Design News | Solopress\" \/>\n<meta property=\"og:description\" content=\"We&#8217;re incredibly proud to announce that one of our very own has written, illustrated and published a children&#8217;s book &#8216;The Book Mites and the Spider&#8216;. Matt Bruty has a wealth of experience within the design\u00a0industry from Illustration to Graphic Design and we&#8217;re pleased to have talented individuals reach their ambitions in our midst.\u00a0 Having recently [&hellip;]\" \/>\n<meta property=\"og:url\" content=\"https:\/\/www.solopress.com\/blog\/pt-pt\/solopress-news\/designer-da-solopress-publica-por-conta-propria-um-livro-para-criancas\/\" \/>\n<meta property=\"og:site_name\" content=\"The Latest Print and Design News | Solopress\" \/>\n<meta property=\"article:publisher\" content=\"https:\/\/www.facebook.com\/Solopress\" \/>\n<meta property=\"article:published_time\" content=\"2018-11-29T09:51:05+00:00\" \/>\n<meta property=\"article:modified_time\" content=\"2023-02-27T23:03:09+00:00\" \/>\n<meta property=\"og:image\" content=\"https:\/\/www.solopress.com\/blog\/wp-content\/uploads\/2018\/11\/Matt-Bruty-Blog.jpg\" \/>\n\t<meta property=\"og:image:width\" content=\"900\" \/>\n\t<meta property=\"og:image:height\" content=\"675\" \/>\n\t<meta property=\"og:image:type\" content=\"image\/jpeg\" \/>\n<meta name=\"author\" content=\"Solopress\" \/>\n<meta name=\"twitter:card\" content=\"summary_large_image\" \/>\n<meta name=\"twitter:creator\" content=\"@solopress\" \/>\n<meta name=\"twitter:site\" content=\"@solopress\" \/>\n<meta name=\"twitter:label1\" content=\"Escrito por\" \/>\n\t<meta name=\"twitter:data1\" content=\"Solopress\" \/>\n\t<meta name=\"twitter:label2\" content=\"Tempo estimado de leitura\" \/>\n\t<meta name=\"twitter:data2\" content=\"6 minutos\" \/>\n<script type=\"application\/ld+json\" class=\"yoast-schema-graph\">{\"@context\":\"https:\\\/\\\/schema.org\",\"@graph\":[{\"@type\":\"Article\",\"@id\":\"https:\\\/\\\/www.solopress.com\\\/blog\\\/solopress-news\\\/solopress-designer-self-publishes-childrens-book\\\/#article\",\"isPartOf\":{\"@id\":\"https:\\\/\\\/www.solopress.com\\\/blog\\\/solopress-news\\\/solopress-designer-self-publishes-childrens-book\\\/\"},\"author\":{\"name\":\"Solopress\",\"@id\":\"https:\\\/\\\/www.solopress.com\\\/blog\\\/#\\\/schema\\\/person\\\/f8531403c74fe1b3ef14bcaeec1c8c41\"},\"headline\":\"Solopress designer self-publishes children&#8217;s book\",\"datePublished\":\"2018-11-29T09:51:05+00:00\",\"dateModified\":\"2023-02-27T23:03:09+00:00\",\"mainEntityOfPage\":{\"@id\":\"https:\\\/\\\/www.solopress.com\\\/blog\\\/solopress-news\\\/solopress-designer-self-publishes-childrens-book\\\/\"},\"wordCount\":894,\"commentCount\":2,\"publisher\":{\"@id\":\"https:\\\/\\\/www.solopress.com\\\/blog\\\/#organization\"},\"image\":{\"@id\":\"https:\\\/\\\/www.solopress.com\\\/blog\\\/solopress-news\\\/solopress-designer-self-publishes-childrens-book\\\/#primaryimage\"},\"thumbnailUrl\":\"https:\\\/\\\/www.solopress.com\\\/blog\\\/wp-content\\\/uploads\\\/2018\\\/11\\\/Matt-Bruty-Blog.jpg\",\"articleSection\":[\"Solopress News\"],\"inLanguage\":\"pt-PT\",\"potentialAction\":[{\"@type\":\"CommentAction\",\"name\":\"Comment\",\"target\":[\"https:\\\/\\\/www.solopress.com\\\/blog\\\/solopress-news\\\/solopress-designer-self-publishes-childrens-book\\\/#respond\"]}]},{\"@type\":\"WebPage\",\"@id\":\"https:\\\/\\\/www.solopress.com\\\/blog\\\/solopress-news\\\/solopress-designer-self-publishes-childrens-book\\\/\",\"url\":\"https:\\\/\\\/www.solopress.com\\\/blog\\\/solopress-news\\\/solopress-designer-self-publishes-childrens-book\\\/\",\"name\":\"Solopress designer self-publishes children's book | The Latest Print and Design News | Solopress\",\"isPartOf\":{\"@id\":\"https:\\\/\\\/www.solopress.com\\\/blog\\\/#website\"},\"primaryImageOfPage\":{\"@id\":\"https:\\\/\\\/www.solopress.com\\\/blog\\\/solopress-news\\\/solopress-designer-self-publishes-childrens-book\\\/#primaryimage\"},\"image\":{\"@id\":\"https:\\\/\\\/www.solopress.com\\\/blog\\\/solopress-news\\\/solopress-designer-self-publishes-childrens-book\\\/#primaryimage\"},\"thumbnailUrl\":\"https:\\\/\\\/www.solopress.com\\\/blog\\\/wp-content\\\/uploads\\\/2018\\\/11\\\/Matt-Bruty-Blog.jpg\",\"datePublished\":\"2018-11-29T09:51:05+00:00\",\"dateModified\":\"2023-02-27T23:03:09+00:00\",\"breadcrumb\":{\"@id\":\"https:\\\/\\\/www.solopress.com\\\/blog\\\/solopress-news\\\/solopress-designer-self-publishes-childrens-book\\\/#breadcrumb\"},\"inLanguage\":\"pt-PT\",\"potentialAction\":[{\"@type\":\"ReadAction\",\"target\":[\"https:\\\/\\\/www.solopress.com\\\/blog\\\/solopress-news\\\/solopress-designer-self-publishes-childrens-book\\\/\"]}]},{\"@type\":\"ImageObject\",\"inLanguage\":\"pt-PT\",\"@id\":\"https:\\\/\\\/www.solopress.com\\\/blog\\\/solopress-news\\\/solopress-designer-self-publishes-childrens-book\\\/#primaryimage\",\"url\":\"https:\\\/\\\/www.solopress.com\\\/blog\\\/wp-content\\\/uploads\\\/2018\\\/11\\\/Matt-Bruty-Blog.jpg\",\"contentUrl\":\"https:\\\/\\\/www.solopress.com\\\/blog\\\/wp-content\\\/uploads\\\/2018\\\/11\\\/Matt-Bruty-Blog.jpg\",\"width\":900,\"height\":675,\"caption\":\"children's book\"},{\"@type\":\"BreadcrumbList\",\"@id\":\"https:\\\/\\\/www.solopress.com\\\/blog\\\/solopress-news\\\/solopress-designer-self-publishes-childrens-book\\\/#breadcrumb\",\"itemListElement\":[{\"@type\":\"ListItem\",\"position\":1,\"name\":\"Blog\",\"item\":\"https:\\\/\\\/www.solopress.com\\\/blog\\\/\"},{\"@type\":\"ListItem\",\"position\":2,\"name\":\"Solopress designer self-publishes children&#8217;s book\"}]},{\"@type\":\"WebSite\",\"@id\":\"https:\\\/\\\/www.solopress.com\\\/blog\\\/#website\",\"url\":\"https:\\\/\\\/www.solopress.com\\\/blog\\\/\",\"name\":\"The Latest Print and Design News | Solopress\",\"description\":\"\",\"publisher\":{\"@id\":\"https:\\\/\\\/www.solopress.com\\\/blog\\\/#organization\"},\"potentialAction\":[{\"@type\":\"SearchAction\",\"target\":{\"@type\":\"EntryPoint\",\"urlTemplate\":\"https:\\\/\\\/www.solopress.com\\\/blog\\\/?s={search_term_string}\"},\"query-input\":{\"@type\":\"PropertyValueSpecification\",\"valueRequired\":true,\"valueName\":\"search_term_string\"}}],\"inLanguage\":\"pt-PT\"},{\"@type\":\"Organization\",\"@id\":\"https:\\\/\\\/www.solopress.com\\\/blog\\\/#organization\",\"name\":\"Solopress\",\"url\":\"https:\\\/\\\/www.solopress.com\\\/blog\\\/\",\"logo\":{\"@type\":\"ImageObject\",\"inLanguage\":\"pt-PT\",\"@id\":\"https:\\\/\\\/www.solopress.com\\\/blog\\\/#\\\/schema\\\/logo\\\/image\\\/\",\"url\":\"https:\\\/\\\/www.solopress.com\\\/blog\\\/wp-content\\\/uploads\\\/2017\\\/06\\\/solopress-logo-no-tagline@2x.png\",\"contentUrl\":\"https:\\\/\\\/www.solopress.com\\\/blog\\\/wp-content\\\/uploads\\\/2017\\\/06\\\/solopress-logo-no-tagline@2x.png\",\"width\":428,\"height\":88,\"caption\":\"Solopress\"},\"image\":{\"@id\":\"https:\\\/\\\/www.solopress.com\\\/blog\\\/#\\\/schema\\\/logo\\\/image\\\/\"},\"sameAs\":[\"https:\\\/\\\/www.facebook.com\\\/Solopress\",\"https:\\\/\\\/x.com\\\/solopress\",\"https:\\\/\\\/instagram.com\\\/solopress\\\/\",\"https:\\\/\\\/www.linkedin.com\\\/company\\\/solopress\",\"https:\\\/\\\/uk.pinterest.com\\\/solopress\\\/\",\"https:\\\/\\\/www.youtube.com\\\/user\\\/solopress\"]},{\"@type\":\"Person\",\"@id\":\"https:\\\/\\\/www.solopress.com\\\/blog\\\/#\\\/schema\\\/person\\\/f8531403c74fe1b3ef14bcaeec1c8c41\",\"name\":\"Solopress\",\"image\":{\"@type\":\"ImageObject\",\"inLanguage\":\"pt-PT\",\"@id\":\"https:\\\/\\\/secure.gravatar.com\\\/avatar\\\/5012622dc5386d65dcc9cba9677e1adb69a824f7e61d6885446076b73d0a2544?s=96&r=g\",\"url\":\"https:\\\/\\\/secure.gravatar.com\\\/avatar\\\/5012622dc5386d65dcc9cba9677e1adb69a824f7e61d6885446076b73d0a2544?s=96&r=g\",\"contentUrl\":\"https:\\\/\\\/secure.gravatar.com\\\/avatar\\\/5012622dc5386d65dcc9cba9677e1adb69a824f7e61d6885446076b73d0a2544?s=96&r=g\",\"caption\":\"Solopress\"},\"sameAs\":[\"https:\\\/\\\/www.solopress.com\\\/\"],\"url\":\"https:\\\/\\\/www.solopress.com\\\/blog\\\/pt-pt\\\/author\\\/solopress\\\/\"}]}<\/script>\n<!-- \/ Yoast SEO plugin. -->","yoast_head_json":{"title":"Designer da Solopress publica livro infantil por conta pr\u00f3pria | As \u00faltimas not\u00edcias sobre impress\u00e3o e design | Solopress","robots":{"index":"index","follow":"follow","max-snippet":"max-snippet:-1","max-image-preview":"max-image-preview:large","max-video-preview":"max-video-preview:-1"},"canonical":"https:\/\/www.solopress.com\/blog\/pt-pt\/solopress-news\/designer-da-solopress-publica-por-conta-propria-um-livro-para-criancas\/","og_locale":"pt_PT","og_type":"article","og_title":"Solopress designer self-publishes children's book | The Latest Print and Design News | Solopress","og_description":"We&#8217;re incredibly proud to announce that one of our very own has written, illustrated and published a children&#8217;s book &#8216;The Book Mites and the Spider&#8216;. Matt Bruty has a wealth of experience within the design\u00a0industry from Illustration to Graphic Design and we&#8217;re pleased to have talented individuals reach their ambitions in our midst.\u00a0 Having recently [&hellip;]","og_url":"https:\/\/www.solopress.com\/blog\/pt-pt\/solopress-news\/designer-da-solopress-publica-por-conta-propria-um-livro-para-criancas\/","og_site_name":"The Latest Print and Design News | Solopress","article_publisher":"https:\/\/www.facebook.com\/Solopress","article_published_time":"2018-11-29T09:51:05+00:00","article_modified_time":"2023-02-27T23:03:09+00:00","og_image":[{"width":900,"height":675,"url":"https:\/\/www.solopress.com\/blog\/wp-content\/uploads\/2018\/11\/Matt-Bruty-Blog.jpg","type":"image\/jpeg"}],"author":"Solopress","twitter_card":"summary_large_image","twitter_creator":"@solopress","twitter_site":"@solopress","twitter_misc":{"Escrito por":"Solopress","Tempo estimado de leitura":"6 minutos"},"schema":{"@context":"https:\/\/schema.org","@graph":[{"@type":"Article","@id":"https:\/\/www.solopress.com\/blog\/solopress-news\/solopress-designer-self-publishes-childrens-book\/#article","isPartOf":{"@id":"https:\/\/www.solopress.com\/blog\/solopress-news\/solopress-designer-self-publishes-childrens-book\/"},"author":{"name":"Solopress","@id":"https:\/\/www.solopress.com\/blog\/#\/schema\/person\/f8531403c74fe1b3ef14bcaeec1c8c41"},"headline":"Solopress designer self-publishes children&#8217;s book","datePublished":"2018-11-29T09:51:05+00:00","dateModified":"2023-02-27T23:03:09+00:00","mainEntityOfPage":{"@id":"https:\/\/www.solopress.com\/blog\/solopress-news\/solopress-designer-self-publishes-childrens-book\/"},"wordCount":894,"commentCount":2,"publisher":{"@id":"https:\/\/www.solopress.com\/blog\/#organization"},"image":{"@id":"https:\/\/www.solopress.com\/blog\/solopress-news\/solopress-designer-self-publishes-childrens-book\/#primaryimage"},"thumbnailUrl":"https:\/\/www.solopress.com\/blog\/wp-content\/uploads\/2018\/11\/Matt-Bruty-Blog.jpg","articleSection":["Solopress News"],"inLanguage":"pt-PT","potentialAction":[{"@type":"CommentAction","name":"Comment","target":["https:\/\/www.solopress.com\/blog\/solopress-news\/solopress-designer-self-publishes-childrens-book\/#respond"]}]},{"@type":"WebPage","@id":"https:\/\/www.solopress.com\/blog\/solopress-news\/solopress-designer-self-publishes-childrens-book\/","url":"https:\/\/www.solopress.com\/blog\/solopress-news\/solopress-designer-self-publishes-childrens-book\/","name":"Designer da Solopress publica livro infantil por conta pr\u00f3pria | As \u00faltimas not\u00edcias sobre impress\u00e3o e design | Solopress","isPartOf":{"@id":"https:\/\/www.solopress.com\/blog\/#website"},"primaryImageOfPage":{"@id":"https:\/\/www.solopress.com\/blog\/solopress-news\/solopress-designer-self-publishes-childrens-book\/#primaryimage"},"image":{"@id":"https:\/\/www.solopress.com\/blog\/solopress-news\/solopress-designer-self-publishes-childrens-book\/#primaryimage"},"thumbnailUrl":"https:\/\/www.solopress.com\/blog\/wp-content\/uploads\/2018\/11\/Matt-Bruty-Blog.jpg","datePublished":"2018-11-29T09:51:05+00:00","dateModified":"2023-02-27T23:03:09+00:00","breadcrumb":{"@id":"https:\/\/www.solopress.com\/blog\/solopress-news\/solopress-designer-self-publishes-childrens-book\/#breadcrumb"},"inLanguage":"pt-PT","potentialAction":[{"@type":"ReadAction","target":["https:\/\/www.solopress.com\/blog\/solopress-news\/solopress-designer-self-publishes-childrens-book\/"]}]},{"@type":"ImageObject","inLanguage":"pt-PT","@id":"https:\/\/www.solopress.com\/blog\/solopress-news\/solopress-designer-self-publishes-childrens-book\/#primaryimage","url":"https:\/\/www.solopress.com\/blog\/wp-content\/uploads\/2018\/11\/Matt-Bruty-Blog.jpg","contentUrl":"https:\/\/www.solopress.com\/blog\/wp-content\/uploads\/2018\/11\/Matt-Bruty-Blog.jpg","width":900,"height":675,"caption":"children's book"},{"@type":"BreadcrumbList","@id":"https:\/\/www.solopress.com\/blog\/solopress-news\/solopress-designer-self-publishes-childrens-book\/#breadcrumb","itemListElement":[{"@type":"ListItem","position":1,"name":"Blog","item":"https:\/\/www.solopress.com\/blog\/"},{"@type":"ListItem","position":2,"name":"Solopress designer self-publishes children&#8217;s book"}]},{"@type":"WebSite","@id":"https:\/\/www.solopress.com\/blog\/#website","url":"https:\/\/www.solopress.com\/blog\/","name":"As \u00faltimas not\u00edcias sobre impress\u00e3o e design | Solopress","description":"","publisher":{"@id":"https:\/\/www.solopress.com\/blog\/#organization"},"potentialAction":[{"@type":"SearchAction","target":{"@type":"EntryPoint","urlTemplate":"https:\/\/www.solopress.com\/blog\/?s={search_term_string}"},"query-input":{"@type":"PropertyValueSpecification","valueRequired":true,"valueName":"search_term_string"}}],"inLanguage":"pt-PT"},{"@type":"Organization","@id":"https:\/\/www.solopress.com\/blog\/#organization","name":"Solopress","url":"https:\/\/www.solopress.com\/blog\/","logo":{"@type":"ImageObject","inLanguage":"pt-PT","@id":"https:\/\/www.solopress.com\/blog\/#\/schema\/logo\/image\/","url":"https:\/\/www.solopress.com\/blog\/wp-content\/uploads\/2017\/06\/solopress-logo-no-tagline@2x.png","contentUrl":"https:\/\/www.solopress.com\/blog\/wp-content\/uploads\/2017\/06\/solopress-logo-no-tagline@2x.png","width":428,"height":88,"caption":"Solopress"},"image":{"@id":"https:\/\/www.solopress.com\/blog\/#\/schema\/logo\/image\/"},"sameAs":["https:\/\/www.facebook.com\/Solopress","https:\/\/x.com\/solopress","https:\/\/instagram.com\/solopress\/","https:\/\/www.linkedin.com\/company\/solopress","https:\/\/uk.pinterest.com\/solopress\/","https:\/\/www.youtube.com\/user\/solopress"]},{"@type":"Person","@id":"https:\/\/www.solopress.com\/blog\/#\/schema\/person\/f8531403c74fe1b3ef14bcaeec1c8c41","name":"Solopress","image":{"@type":"ImageObject","inLanguage":"pt-PT","@id":"https:\/\/secure.gravatar.com\/avatar\/5012622dc5386d65dcc9cba9677e1adb69a824f7e61d6885446076b73d0a2544?s=96&r=g","url":"https:\/\/secure.gravatar.com\/avatar\/5012622dc5386d65dcc9cba9677e1adb69a824f7e61d6885446076b73d0a2544?s=96&r=g","contentUrl":"https:\/\/secure.gravatar.com\/avatar\/5012622dc5386d65dcc9cba9677e1adb69a824f7e61d6885446076b73d0a2544?s=96&r=g","caption":"Solopress"},"sameAs":["https:\/\/www.solopress.com\/"],"url":"https:\/\/www.solopress.com\/blog\/pt-pt\/author\/solopress\/"}]}},"jetpack_featured_media_url":"https:\/\/www.solopress.com\/blog\/wp-content\/uploads\/2018\/11\/Matt-Bruty-Blog.jpg","_links":{"self":[{"href":"https:\/\/www.solopress.com\/blog\/pt-pt\/wp-json\/wp\/v2\/posts\/45860","targetHints":{"allow":["GET"]}}],"collection":[{"href":"https:\/\/www.solopress.com\/blog\/pt-pt\/wp-json\/wp\/v2\/posts"}],"about":[{"href":"https:\/\/www.solopress.com\/blog\/pt-pt\/wp-json\/wp\/v2\/types\/post"}],"author":[{"embeddable":true,"href":"https:\/\/www.solopress.com\/blog\/pt-pt\/wp-json\/wp\/v2\/users\/23"}],"replies":[{"embeddable":true,"href":"https:\/\/www.solopress.com\/blog\/pt-pt\/wp-json\/wp\/v2\/comments?post=45860"}],"version-history":[{"count":5,"href":"https:\/\/www.solopress.com\/blog\/pt-pt\/wp-json\/wp\/v2\/posts\/45860\/revisions"}],"predecessor-version":[{"id":73498,"href":"https:\/\/www.solopress.com\/blog\/pt-pt\/wp-json\/wp\/v2\/posts\/45860\/revisions\/73498"}],"wp:featuredmedia":[{"embeddable":true,"href":"https:\/\/www.solopress.com\/blog\/pt-pt\/wp-json\/wp\/v2\/media\/46073"}],"wp:attachment":[{"href":"https:\/\/www.solopress.com\/blog\/pt-pt\/wp-json\/wp\/v2\/media?parent=45860"}],"wp:term":[{"taxonomy":"category","embeddable":true,"href":"https:\/\/www.solopress.com\/blog\/pt-pt\/wp-json\/wp\/v2\/categories?post=45860"},{"taxonomy":"post_tag","embeddable":true,"href":"https:\/\/www.solopress.com\/blog\/pt-pt\/wp-json\/wp\/v2\/tags?post=45860"}],"curies":[{"name":"wp","href":"https:\/\/api.w.org\/{rel}","templated":true}]}}