{"id":75892,"date":"2025-11-19T11:06:57","date_gmt":"2025-11-19T11:06:57","guid":{"rendered":"https:\/\/www.solopress.com\/blog\/?p=75892"},"modified":"2025-12-09T09:15:25","modified_gmt":"2025-12-09T09:15:25","slug":"como-adicionar-marcadores-no-indesign-2","status":"publish","type":"post","link":"https:\/\/www.solopress.com\/blog\/pt-pt\/tutorials\/how-to-add-bullet-points-in-indesign-2\/","title":{"rendered":"Como adicionar marcadores no InDesign"},"content":{"rendered":"<div id=\"bsf_rt_marker\"><\/div><p><span style=\"font-weight: 400;\">Os designers precisam frequentemente de apresentar listas claras e estruturadas quando trabalham no Adobe InDesign. Os marcadores ajudam a organizar a informa\u00e7\u00e3o, orientam o leitor e suportam esquemas organizados. O nosso tutorial em v\u00eddeo apresenta tr\u00eas m\u00e9todos pr\u00e1ticos para criar marcadores, desde pontos pretos normais a formas personalizadas e gr\u00e1ficos multicoloridos.<\/span><\/p>\n<h2><b>O nosso guia em v\u00eddeo para adicionar marcadores no InDesign<\/b><\/h2>\n<p><span style=\"font-weight: 400;\">Se preferir seguir os passos no ecr\u00e3, o v\u00eddeo abaixo mostra Lucy a demonstrar tr\u00eas abordagens fi\u00e1veis. Ver\u00e1 como ela cria marcadores b\u00e1sicos, adiciona caracteres coloridos e constr\u00f3i os seus pr\u00f3prios marcadores gr\u00e1ficos personalizados para um aspeto mais personalizado.<\/span><\/p>\n<p><iframe loading=\"lazy\" title=\"Leitor de v\u00eddeo do YouTube\" src=\"https:\/\/www.youtube.com\/embed\/t5xQEqN36M4\" width=\"560\" height=\"315\" frameborder=\"0\" allowfullscreen=\"allowfullscreen\"><\/iframe><\/p>\n<h2><a href=\"https:\/\/www.youtube.com\/solopress?sub_confirmation=1\" target=\"_blank\" rel=\"noopener noreferrer\" data-wp-editing=\"1\"><img loading=\"lazy\" decoding=\"async\" class=\"lazyloaded alignnone wp-image-66137\" src=\"https:\/\/www.solopress.com\/blog\/wp-content\/uploads\/2020\/01\/subscribe.png\" alt=\"bot\u00e3o de subscri\u00e7\u00e3o\" width=\"157\" height=\"48\" data-src=\"https:\/\/www.solopress.com\/blog\/wp-content\/uploads\/2020\/01\/subscribe.png\" \/><\/a><\/h2>\n<h2><b>Para que \u00e9 utilizado o Adobe InDesign?<\/b><\/h2>\n<p><span style=\"font-weight: 400;\">O Adobe InDesign \u00e9 um programa de apresenta\u00e7\u00e3o utilizado para reunir texto, imagens e elementos gr\u00e1ficos num formato controlado. Os designers utilizam-no para brochuras, revistas, folhetos, livros, menus, cartazes e qualquer projeto em que seja importante uma apresenta\u00e7\u00e3o estruturada e um controlo tipogr\u00e1fico preciso.<\/span><\/p>\n<h2><b>Porqu\u00ea escolher o InDesign para um projeto em vez do Photoshop?<\/b><\/h2>\n<p><span style=\"font-weight: 400;\">O Photoshop foi concebido para a edi\u00e7\u00e3o de imagens. O InDesign foi concebido para trabalhos de apresenta\u00e7\u00e3o. Lida com documentos longos, p\u00e1ginas-mestras, activos ligados, estilos de par\u00e1grafo e tipografia consistente. Isto torna-o mais adequado para projectos de impress\u00e3o de v\u00e1rias p\u00e1ginas em que a hierarquia, o espa\u00e7amento e a estrutura do texto s\u00e3o fundamentais para o design.<\/span><\/p>\n<h2><b>Porqu\u00ea utilizar marcadores nos projectos InDesign?<\/b><\/h2>\n<p><span style=\"font-weight: 400;\">Os marcadores tornam a informa\u00e7\u00e3o mais f\u00e1cil de processar. Separam ideias complexas em passos, instru\u00e7\u00f5es ou carater\u00edsticas. Em trabalhos impressos, ajudam a facilitar a leitura e a criar esquemas organizados e equilibrados. O sistema de estilos do InDesign tamb\u00e9m significa que pode aplicar a formata\u00e7\u00e3o de marcadores de forma consistente num documento longo com um \u00fanico clique.<\/span><\/p>\n<h2><b>Quais s\u00e3o os tr\u00eas m\u00e9todos para adicionar marcadores no InDesign?<\/b><\/h2>\n<p><span style=\"font-weight: 400;\">O tutorial da Lucy demonstra tr\u00eas abordagens.<\/span><\/p>\n<ol>\n<li style=\"font-weight: 400;\" aria-level=\"1\"><span style=\"font-weight: 400;\">Marcadores padr\u00e3o criados atrav\u00e9s de estilos de par\u00e1grafo<\/span><\/li>\n<li style=\"font-weight: 400;\" aria-level=\"1\"><span style=\"font-weight: 400;\">Marcadores coloridos personalizados utilizando caracteres espec\u00edficos das fontes do seu sistema<\/span><\/li>\n<li style=\"font-weight: 400;\" aria-level=\"1\"><span style=\"font-weight: 400;\">Balas multicoloridas totalmente personalizadas, criadas como glifos num tipo de letra personalizado<\/span><\/li>\n<\/ol>\n<p><span style=\"font-weight: 400;\">Estes m\u00e9todos podem ser utilizados desde listas simples a designs criativos orientados para a marca.<\/span><\/p>\n<h2><b>Como posso configurar marcadores b\u00e1sicos no InDesign utilizando estilos de par\u00e1grafo?<\/b><\/h2>\n<p><span style=\"font-weight: 400;\">O v\u00eddeo come\u00e7a com o m\u00e9todo mais pr\u00e1tico. Os estilos de par\u00e1grafo mant\u00eam a sua formata\u00e7\u00e3o consistente ao longo de um documento, o que \u00e9 especialmente \u00fatil para relat\u00f3rios longos, cat\u00e1logos e apresenta\u00e7\u00f5es de livros.<\/span><\/p>\n<p><span style=\"font-weight: 400;\">Abra o painel Estilos de par\u00e1grafo em Janela e, em seguida, Estilos. Crie um novo estilo a partir do menu do painel, d\u00ea-lhe um nome e aplique-o ao texto escolhido. Volte a abrir as defini\u00e7\u00f5es de estilo e navegue at\u00e9 Marcadores e Numera\u00e7\u00e3o. Active a Pr\u00e9-visualiza\u00e7\u00e3o para ver as altera\u00e7\u00f5es \u00e0 medida que as vai fazendo e, em seguida, mude o Tipo de Lista para Marcadores.<\/span><\/p>\n<p><span style=\"font-weight: 400;\">O espa\u00e7amento pode ser ajustado com o Recuo \u00e0 esquerda e o Recuo da primeira linha. Estes controlos definem a forma como o texto se alinha ap\u00f3s a primeira linha. Quando definidos corretamente, os marcadores de v\u00e1rias linhas permanecer\u00e3o alinhados em vez de saltarem para a extrema esquerda.<\/span><\/p>\n<h2><b>Como \u00e9 que posso adicionar cores e caracteres especiais como marcadores no InDesign?<\/b><\/h2>\n<p><span style=\"font-weight: 400;\">No segundo m\u00e9todo, a Lucy introduz um marcador estil\u00edstico colorido. Primeiro, crie uma nova amostra de cor no painel Amostras. Em seguida, crie um novo estilo de par\u00e1grafo e adicione um car\u00e1cter de marcador. Pode utilizar qualquer glifo de qualquer tipo de letra instalado, incluindo tipos de letra decorativos. A Lucy seleciona um car\u00e1cter de um tipo de letra dingbat que descarregou.<\/span><\/p>\n<p><span style=\"font-weight: 400;\">Para colorir o marcador, crie um novo estilo de car\u00e1cter. Defina a cor na sec\u00e7\u00e3o Cor do car\u00e1cter e aplique o estilo de car\u00e1cter nas defini\u00e7\u00f5es do marcador do seu estilo de par\u00e1grafo. Isto d\u00e1-lhe controlo total sobre a cor sem afetar o texto que se segue a cada marcador.<\/span><\/p>\n<h2><b>Porqu\u00ea utilizar um gr\u00e1fico multicolorido feito \u00e0 medida como um marcador?<\/b><\/h2>\n<p><span style=\"font-weight: 400;\">Um marcador gr\u00e1fico personalizado pode refor\u00e7ar uma marca quando um s\u00edmbolo padr\u00e3o n\u00e3o \u00e9 suficiente. No m\u00e9todo final, Lucy cria o seu pr\u00f3prio tipo de letra suportado por SVG atrav\u00e9s do FontStruct. Exportar o tipo de letra como um ficheiro TrueType mais SVG preserva as cores quando colocado no InDesign. Uma vez instalado, o glifo pode ser adicionado \u00e0 lista de marcadores da mesma forma que um car\u00e1cter normal.<\/span><\/p>\n<p><span style=\"font-weight: 400;\">Se o marcador parecer demasiado grande em rela\u00e7\u00e3o ao texto, um estilo de car\u00e1cter com um tamanho de ponto reduzido permitir-lhe-\u00e1 redimension\u00e1-lo de forma perfeita.<\/span><\/p>\n<h2><b>Fa\u00e7a algumas observa\u00e7\u00f5es positivas<\/b><\/h2>\n<p><span style=\"font-weight: 400;\">Os marcadores contribuem para a clareza e a estrutura, e o InDesign oferece-lhe uma vasta gama de formas de os estilizar. Quer necessite de simples pontos pretos, \u00edcones coloridos ou um gr\u00e1fico personalizado que reflicta uma marca, estes m\u00e9todos proporcionam-lhe um controlo fi\u00e1vel em qualquer projeto.<\/span><\/p>\n<p><span style=\"font-weight: 400;\">Se pretender desenvolver mais compet\u00eancias, explore as nossas outras <a href=\"https:\/\/www.solopress.com\/blog\/pt-pt\/tutoriais\/\" target=\"_blank\" rel=\"noopener\">Tutoriais do InDesign e os nossos guias de design mais alargados em todo o conjunto Adobe<\/a>. Abrangem t\u00e9cnicas \u00fateis de apresenta\u00e7\u00e3o, cor, tipografia e prepara\u00e7\u00e3o de trabalhos art\u00edsticos para impress\u00e3o.<\/span><\/p>","protected":false},"excerpt":{"rendered":"<p>Designers often need to present clear, structured lists when working in Adobe InDesign. Bullet points help organise information, guide the reader and support tidy layouts. Our video tutorial walks through three practical methods for creating bullet points, from standard black dots to custom shapes and multicoloured graphics. Our video guide to adding bullet points in [&hellip;]<\/p>\n","protected":false},"author":134,"featured_media":75896,"comment_status":"closed","ping_status":"open","sticky":false,"template":"","format":"standard","meta":{"_acf_changed":false,"tdm_status":"","tdm_grid_status":"","footnotes":""},"categories":[545,555],"tags":[],"class_list":{"0":"post-75892","1":"post","2":"type-post","3":"status-publish","4":"format-standard","5":"has-post-thumbnail","7":"category-art-design","8":"category-tutorials"},"acf":[],"yoast_head":"<!-- This site is optimized with the Yoast SEO plugin v27.5 - https:\/\/yoast.com\/product\/yoast-seo-wordpress\/ -->\n<title>How to add Bullet Points in InDesign - Solopress UK<\/title>\n<meta name=\"description\" content=\"Learn three clear methods for adding bullet points in Adobe InDesign, including basic styles, coloured characters and custom graphic bullets.\" \/>\n<meta name=\"robots\" content=\"index, follow, max-snippet:-1, max-image-preview:large, max-video-preview:-1\" \/>\n<link rel=\"canonical\" href=\"https:\/\/www.solopress.com\/blog\/pt-pt\/tutoriais\/como-adicionar-marcadores-no-indesign-2\/\" \/>\n<meta property=\"og:locale\" content=\"pt_PT\" \/>\n<meta property=\"og:type\" content=\"article\" \/>\n<meta property=\"og:title\" content=\"How to add Bullet Points in InDesign - Solopress UK\" \/>\n<meta property=\"og:description\" content=\"Learn three clear methods for adding bullet points in Adobe InDesign, including basic styles, coloured characters and custom graphic bullets.\" \/>\n<meta property=\"og:url\" content=\"https:\/\/www.solopress.com\/blog\/pt-pt\/tutoriais\/como-adicionar-marcadores-no-indesign-2\/\" \/>\n<meta property=\"og:site_name\" content=\"The Latest Print and Design News | Solopress\" \/>\n<meta property=\"article:publisher\" content=\"https:\/\/www.facebook.com\/Solopress\" \/>\n<meta property=\"article:published_time\" content=\"2025-11-19T11:06:57+00:00\" \/>\n<meta property=\"article:modified_time\" content=\"2025-12-09T09:15:25+00:00\" \/>\n<meta property=\"og:image\" content=\"https:\/\/www.solopress.com\/blog\/wp-content\/uploads\/2025\/11\/Tutorial-indesign-bullets-thumbnails-03.jpg\" \/>\n\t<meta property=\"og:image:width\" content=\"900\" \/>\n\t<meta property=\"og:image:height\" content=\"675\" \/>\n\t<meta property=\"og:image:type\" content=\"image\/jpeg\" \/>\n<meta name=\"author\" content=\"Danny Powell\" \/>\n<meta name=\"twitter:card\" content=\"summary_large_image\" \/>\n<meta name=\"twitter:creator\" content=\"@solopress\" \/>\n<meta name=\"twitter:site\" content=\"@solopress\" \/>\n<meta name=\"twitter:label1\" content=\"Escrito por\" \/>\n\t<meta name=\"twitter:data1\" content=\"Danny Powell\" \/>\n\t<meta name=\"twitter:label2\" content=\"Tempo estimado de leitura\" \/>\n\t<meta name=\"twitter:data2\" content=\"4 minutos\" \/>\n<script type=\"application\/ld+json\" class=\"yoast-schema-graph\">{\"@context\":\"https:\\\/\\\/schema.org\",\"@graph\":[{\"@type\":\"Article\",\"@id\":\"https:\\\/\\\/www.solopress.com\\\/blog\\\/tutorials\\\/how-to-add-bullet-points-in-indesign-2\\\/#article\",\"isPartOf\":{\"@id\":\"https:\\\/\\\/www.solopress.com\\\/blog\\\/tutorials\\\/how-to-add-bullet-points-in-indesign-2\\\/\"},\"author\":{\"name\":\"Danny Powell\",\"@id\":\"https:\\\/\\\/www.solopress.com\\\/blog\\\/#\\\/schema\\\/person\\\/0937555a256c22f94400f4b7e2329c09\"},\"headline\":\"How to add Bullet Points in InDesign\",\"datePublished\":\"2025-11-19T11:06:57+00:00\",\"dateModified\":\"2025-12-09T09:15:25+00:00\",\"mainEntityOfPage\":{\"@id\":\"https:\\\/\\\/www.solopress.com\\\/blog\\\/tutorials\\\/how-to-add-bullet-points-in-indesign-2\\\/\"},\"wordCount\":740,\"publisher\":{\"@id\":\"https:\\\/\\\/www.solopress.com\\\/blog\\\/#organization\"},\"image\":{\"@id\":\"https:\\\/\\\/www.solopress.com\\\/blog\\\/tutorials\\\/how-to-add-bullet-points-in-indesign-2\\\/#primaryimage\"},\"thumbnailUrl\":\"https:\\\/\\\/www.solopress.com\\\/blog\\\/wp-content\\\/uploads\\\/2025\\\/11\\\/Tutorial-indesign-bullets-thumbnails-03.jpg\",\"articleSection\":[\"Art &amp; Design\",\"Design Tutorials\"],\"inLanguage\":\"pt-PT\"},{\"@type\":\"WebPage\",\"@id\":\"https:\\\/\\\/www.solopress.com\\\/blog\\\/tutorials\\\/how-to-add-bullet-points-in-indesign-2\\\/\",\"url\":\"https:\\\/\\\/www.solopress.com\\\/blog\\\/tutorials\\\/how-to-add-bullet-points-in-indesign-2\\\/\",\"name\":\"How to add Bullet Points in InDesign - Solopress UK\",\"isPartOf\":{\"@id\":\"https:\\\/\\\/www.solopress.com\\\/blog\\\/#website\"},\"primaryImageOfPage\":{\"@id\":\"https:\\\/\\\/www.solopress.com\\\/blog\\\/tutorials\\\/how-to-add-bullet-points-in-indesign-2\\\/#primaryimage\"},\"image\":{\"@id\":\"https:\\\/\\\/www.solopress.com\\\/blog\\\/tutorials\\\/how-to-add-bullet-points-in-indesign-2\\\/#primaryimage\"},\"thumbnailUrl\":\"https:\\\/\\\/www.solopress.com\\\/blog\\\/wp-content\\\/uploads\\\/2025\\\/11\\\/Tutorial-indesign-bullets-thumbnails-03.jpg\",\"datePublished\":\"2025-11-19T11:06:57+00:00\",\"dateModified\":\"2025-12-09T09:15:25+00:00\",\"description\":\"Learn three clear methods for adding bullet points in Adobe InDesign, including basic styles, coloured characters and custom graphic bullets.\",\"breadcrumb\":{\"@id\":\"https:\\\/\\\/www.solopress.com\\\/blog\\\/tutorials\\\/how-to-add-bullet-points-in-indesign-2\\\/#breadcrumb\"},\"inLanguage\":\"pt-PT\",\"potentialAction\":[{\"@type\":\"ReadAction\",\"target\":[\"https:\\\/\\\/www.solopress.com\\\/blog\\\/tutorials\\\/how-to-add-bullet-points-in-indesign-2\\\/\"]}]},{\"@type\":\"ImageObject\",\"inLanguage\":\"pt-PT\",\"@id\":\"https:\\\/\\\/www.solopress.com\\\/blog\\\/tutorials\\\/how-to-add-bullet-points-in-indesign-2\\\/#primaryimage\",\"url\":\"https:\\\/\\\/www.solopress.com\\\/blog\\\/wp-content\\\/uploads\\\/2025\\\/11\\\/Tutorial-indesign-bullets-thumbnails-03.jpg\",\"contentUrl\":\"https:\\\/\\\/www.solopress.com\\\/blog\\\/wp-content\\\/uploads\\\/2025\\\/11\\\/Tutorial-indesign-bullets-thumbnails-03.jpg\",\"width\":900,\"height\":675,\"caption\":\"Bullet points in InDesign Header\"},{\"@type\":\"BreadcrumbList\",\"@id\":\"https:\\\/\\\/www.solopress.com\\\/blog\\\/tutorials\\\/how-to-add-bullet-points-in-indesign-2\\\/#breadcrumb\",\"itemListElement\":[{\"@type\":\"ListItem\",\"position\":1,\"name\":\"Blog\",\"item\":\"https:\\\/\\\/www.solopress.com\\\/blog\\\/\"},{\"@type\":\"ListItem\",\"position\":2,\"name\":\"How to add Bullet Points in InDesign\"}]},{\"@type\":\"WebSite\",\"@id\":\"https:\\\/\\\/www.solopress.com\\\/blog\\\/#website\",\"url\":\"https:\\\/\\\/www.solopress.com\\\/blog\\\/\",\"name\":\"The Latest Print and Design News | Solopress\",\"description\":\"\",\"publisher\":{\"@id\":\"https:\\\/\\\/www.solopress.com\\\/blog\\\/#organization\"},\"potentialAction\":[{\"@type\":\"SearchAction\",\"target\":{\"@type\":\"EntryPoint\",\"urlTemplate\":\"https:\\\/\\\/www.solopress.com\\\/blog\\\/?s={search_term_string}\"},\"query-input\":{\"@type\":\"PropertyValueSpecification\",\"valueRequired\":true,\"valueName\":\"search_term_string\"}}],\"inLanguage\":\"pt-PT\"},{\"@type\":\"Organization\",\"@id\":\"https:\\\/\\\/www.solopress.com\\\/blog\\\/#organization\",\"name\":\"Solopress\",\"url\":\"https:\\\/\\\/www.solopress.com\\\/blog\\\/\",\"logo\":{\"@type\":\"ImageObject\",\"inLanguage\":\"pt-PT\",\"@id\":\"https:\\\/\\\/www.solopress.com\\\/blog\\\/#\\\/schema\\\/logo\\\/image\\\/\",\"url\":\"https:\\\/\\\/www.solopress.com\\\/blog\\\/wp-content\\\/uploads\\\/2017\\\/06\\\/solopress-logo-no-tagline@2x.png\",\"contentUrl\":\"https:\\\/\\\/www.solopress.com\\\/blog\\\/wp-content\\\/uploads\\\/2017\\\/06\\\/solopress-logo-no-tagline@2x.png\",\"width\":428,\"height\":88,\"caption\":\"Solopress\"},\"image\":{\"@id\":\"https:\\\/\\\/www.solopress.com\\\/blog\\\/#\\\/schema\\\/logo\\\/image\\\/\"},\"sameAs\":[\"https:\\\/\\\/www.facebook.com\\\/Solopress\",\"https:\\\/\\\/x.com\\\/solopress\",\"https:\\\/\\\/instagram.com\\\/solopress\\\/\",\"https:\\\/\\\/www.linkedin.com\\\/company\\\/solopress\",\"https:\\\/\\\/uk.pinterest.com\\\/solopress\\\/\",\"https:\\\/\\\/www.youtube.com\\\/user\\\/solopress\"]},{\"@type\":\"Person\",\"@id\":\"https:\\\/\\\/www.solopress.com\\\/blog\\\/#\\\/schema\\\/person\\\/0937555a256c22f94400f4b7e2329c09\",\"name\":\"Danny Powell\",\"image\":{\"@type\":\"ImageObject\",\"inLanguage\":\"pt-PT\",\"@id\":\"https:\\\/\\\/secure.gravatar.com\\\/avatar\\\/61a91dfef0f2540955232e281a9d8dd099c01492bda6e2638fa05db47a9665eb?s=96&r=g\",\"url\":\"https:\\\/\\\/secure.gravatar.com\\\/avatar\\\/61a91dfef0f2540955232e281a9d8dd099c01492bda6e2638fa05db47a9665eb?s=96&r=g\",\"contentUrl\":\"https:\\\/\\\/secure.gravatar.com\\\/avatar\\\/61a91dfef0f2540955232e281a9d8dd099c01492bda6e2638fa05db47a9665eb?s=96&r=g\",\"caption\":\"Danny Powell\"},\"description\":\"With over two decades in marketing, Danny Powell is a Senior Copywriter at Solopress, one of the UK\u2019s leading online printers. Having worked on the print buying, agency and sales sides of the industry, he brings a well-rounded perspective to his writing on print, design and sustainability.\",\"url\":\"https:\\\/\\\/www.solopress.com\\\/blog\\\/pt-pt\\\/author\\\/danny-powell\\\/\"}]}<\/script>\n<!-- \/ Yoast SEO plugin. -->","yoast_head_json":{"title":"Como adicionar marcadores no InDesign - Solopress Portugal","description":"Aprenda tr\u00eas m\u00e9todos claros para adicionar marcadores no Adobe InDesign, incluindo estilos b\u00e1sicos, caracteres coloridos e marcadores gr\u00e1ficos personalizados.","robots":{"index":"index","follow":"follow","max-snippet":"max-snippet:-1","max-image-preview":"max-image-preview:large","max-video-preview":"max-video-preview:-1"},"canonical":"https:\/\/www.solopress.com\/blog\/pt-pt\/tutoriais\/como-adicionar-marcadores-no-indesign-2\/","og_locale":"pt_PT","og_type":"article","og_title":"How to add Bullet Points in InDesign - Solopress UK","og_description":"Learn three clear methods for adding bullet points in Adobe InDesign, including basic styles, coloured characters and custom graphic bullets.","og_url":"https:\/\/www.solopress.com\/blog\/pt-pt\/tutoriais\/como-adicionar-marcadores-no-indesign-2\/","og_site_name":"The Latest Print and Design News | Solopress","article_publisher":"https:\/\/www.facebook.com\/Solopress","article_published_time":"2025-11-19T11:06:57+00:00","article_modified_time":"2025-12-09T09:15:25+00:00","og_image":[{"width":900,"height":675,"url":"https:\/\/www.solopress.com\/blog\/wp-content\/uploads\/2025\/11\/Tutorial-indesign-bullets-thumbnails-03.jpg","type":"image\/jpeg"}],"author":"Danny Powell","twitter_card":"summary_large_image","twitter_creator":"@solopress","twitter_site":"@solopress","twitter_misc":{"Escrito por":"Danny Powell","Tempo estimado de leitura":"4 minutos"},"schema":{"@context":"https:\/\/schema.org","@graph":[{"@type":"Article","@id":"https:\/\/www.solopress.com\/blog\/tutorials\/how-to-add-bullet-points-in-indesign-2\/#article","isPartOf":{"@id":"https:\/\/www.solopress.com\/blog\/tutorials\/how-to-add-bullet-points-in-indesign-2\/"},"author":{"name":"Danny Powell","@id":"https:\/\/www.solopress.com\/blog\/#\/schema\/person\/0937555a256c22f94400f4b7e2329c09"},"headline":"How to add Bullet Points in InDesign","datePublished":"2025-11-19T11:06:57+00:00","dateModified":"2025-12-09T09:15:25+00:00","mainEntityOfPage":{"@id":"https:\/\/www.solopress.com\/blog\/tutorials\/how-to-add-bullet-points-in-indesign-2\/"},"wordCount":740,"publisher":{"@id":"https:\/\/www.solopress.com\/blog\/#organization"},"image":{"@id":"https:\/\/www.solopress.com\/blog\/tutorials\/how-to-add-bullet-points-in-indesign-2\/#primaryimage"},"thumbnailUrl":"https:\/\/www.solopress.com\/blog\/wp-content\/uploads\/2025\/11\/Tutorial-indesign-bullets-thumbnails-03.jpg","articleSection":["Art &amp; Design","Design Tutorials"],"inLanguage":"pt-PT"},{"@type":"WebPage","@id":"https:\/\/www.solopress.com\/blog\/tutorials\/how-to-add-bullet-points-in-indesign-2\/","url":"https:\/\/www.solopress.com\/blog\/tutorials\/how-to-add-bullet-points-in-indesign-2\/","name":"Como adicionar marcadores no InDesign - Solopress Portugal","isPartOf":{"@id":"https:\/\/www.solopress.com\/blog\/#website"},"primaryImageOfPage":{"@id":"https:\/\/www.solopress.com\/blog\/tutorials\/how-to-add-bullet-points-in-indesign-2\/#primaryimage"},"image":{"@id":"https:\/\/www.solopress.com\/blog\/tutorials\/how-to-add-bullet-points-in-indesign-2\/#primaryimage"},"thumbnailUrl":"https:\/\/www.solopress.com\/blog\/wp-content\/uploads\/2025\/11\/Tutorial-indesign-bullets-thumbnails-03.jpg","datePublished":"2025-11-19T11:06:57+00:00","dateModified":"2025-12-09T09:15:25+00:00","description":"Aprenda tr\u00eas m\u00e9todos claros para adicionar marcadores no Adobe InDesign, incluindo estilos b\u00e1sicos, caracteres coloridos e marcadores gr\u00e1ficos personalizados.","breadcrumb":{"@id":"https:\/\/www.solopress.com\/blog\/tutorials\/how-to-add-bullet-points-in-indesign-2\/#breadcrumb"},"inLanguage":"pt-PT","potentialAction":[{"@type":"ReadAction","target":["https:\/\/www.solopress.com\/blog\/tutorials\/how-to-add-bullet-points-in-indesign-2\/"]}]},{"@type":"ImageObject","inLanguage":"pt-PT","@id":"https:\/\/www.solopress.com\/blog\/tutorials\/how-to-add-bullet-points-in-indesign-2\/#primaryimage","url":"https:\/\/www.solopress.com\/blog\/wp-content\/uploads\/2025\/11\/Tutorial-indesign-bullets-thumbnails-03.jpg","contentUrl":"https:\/\/www.solopress.com\/blog\/wp-content\/uploads\/2025\/11\/Tutorial-indesign-bullets-thumbnails-03.jpg","width":900,"height":675,"caption":"Bullet points in InDesign Header"},{"@type":"BreadcrumbList","@id":"https:\/\/www.solopress.com\/blog\/tutorials\/how-to-add-bullet-points-in-indesign-2\/#breadcrumb","itemListElement":[{"@type":"ListItem","position":1,"name":"Blog","item":"https:\/\/www.solopress.com\/blog\/"},{"@type":"ListItem","position":2,"name":"How to add Bullet Points in InDesign"}]},{"@type":"WebSite","@id":"https:\/\/www.solopress.com\/blog\/#website","url":"https:\/\/www.solopress.com\/blog\/","name":"As \u00faltimas not\u00edcias sobre impress\u00e3o e design | Solopress","description":"","publisher":{"@id":"https:\/\/www.solopress.com\/blog\/#organization"},"potentialAction":[{"@type":"SearchAction","target":{"@type":"EntryPoint","urlTemplate":"https:\/\/www.solopress.com\/blog\/?s={search_term_string}"},"query-input":{"@type":"PropertyValueSpecification","valueRequired":true,"valueName":"search_term_string"}}],"inLanguage":"pt-PT"},{"@type":"Organization","@id":"https:\/\/www.solopress.com\/blog\/#organization","name":"Solopress","url":"https:\/\/www.solopress.com\/blog\/","logo":{"@type":"ImageObject","inLanguage":"pt-PT","@id":"https:\/\/www.solopress.com\/blog\/#\/schema\/logo\/image\/","url":"https:\/\/www.solopress.com\/blog\/wp-content\/uploads\/2017\/06\/solopress-logo-no-tagline@2x.png","contentUrl":"https:\/\/www.solopress.com\/blog\/wp-content\/uploads\/2017\/06\/solopress-logo-no-tagline@2x.png","width":428,"height":88,"caption":"Solopress"},"image":{"@id":"https:\/\/www.solopress.com\/blog\/#\/schema\/logo\/image\/"},"sameAs":["https:\/\/www.facebook.com\/Solopress","https:\/\/x.com\/solopress","https:\/\/instagram.com\/solopress\/","https:\/\/www.linkedin.com\/company\/solopress","https:\/\/uk.pinterest.com\/solopress\/","https:\/\/www.youtube.com\/user\/solopress"]},{"@type":"Person","@id":"https:\/\/www.solopress.com\/blog\/#\/schema\/person\/0937555a256c22f94400f4b7e2329c09","name":"Danny Powell","image":{"@type":"ImageObject","inLanguage":"pt-PT","@id":"https:\/\/secure.gravatar.com\/avatar\/61a91dfef0f2540955232e281a9d8dd099c01492bda6e2638fa05db47a9665eb?s=96&r=g","url":"https:\/\/secure.gravatar.com\/avatar\/61a91dfef0f2540955232e281a9d8dd099c01492bda6e2638fa05db47a9665eb?s=96&r=g","contentUrl":"https:\/\/secure.gravatar.com\/avatar\/61a91dfef0f2540955232e281a9d8dd099c01492bda6e2638fa05db47a9665eb?s=96&r=g","caption":"Danny Powell"},"description":"Com mais de duas d\u00e9cadas de experi\u00eancia em marketing, Danny Powell \u00e9 redator s\u00e9nior na Solopress, uma das principais gr\u00e1ficas online do Reino Unido. Tendo trabalhado no sector da impress\u00e3o, em ag\u00eancias e em vendas, traz uma perspetiva abrangente para os seus textos sobre impress\u00e3o, design e sustentabilidade.","url":"https:\/\/www.solopress.com\/blog\/pt-pt\/author\/danny-powell\/"}]}},"jetpack_featured_media_url":"https:\/\/www.solopress.com\/blog\/wp-content\/uploads\/2025\/11\/Tutorial-indesign-bullets-thumbnails-03.jpg","_links":{"self":[{"href":"https:\/\/www.solopress.com\/blog\/pt-pt\/wp-json\/wp\/v2\/posts\/75892","targetHints":{"allow":["GET"]}}],"collection":[{"href":"https:\/\/www.solopress.com\/blog\/pt-pt\/wp-json\/wp\/v2\/posts"}],"about":[{"href":"https:\/\/www.solopress.com\/blog\/pt-pt\/wp-json\/wp\/v2\/types\/post"}],"author":[{"embeddable":true,"href":"https:\/\/www.solopress.com\/blog\/pt-pt\/wp-json\/wp\/v2\/users\/134"}],"replies":[{"embeddable":true,"href":"https:\/\/www.solopress.com\/blog\/pt-pt\/wp-json\/wp\/v2\/comments?post=75892"}],"version-history":[{"count":5,"href":"https:\/\/www.solopress.com\/blog\/pt-pt\/wp-json\/wp\/v2\/posts\/75892\/revisions"}],"predecessor-version":[{"id":75933,"href":"https:\/\/www.solopress.com\/blog\/pt-pt\/wp-json\/wp\/v2\/posts\/75892\/revisions\/75933"}],"wp:featuredmedia":[{"embeddable":true,"href":"https:\/\/www.solopress.com\/blog\/pt-pt\/wp-json\/wp\/v2\/media\/75896"}],"wp:attachment":[{"href":"https:\/\/www.solopress.com\/blog\/pt-pt\/wp-json\/wp\/v2\/media?parent=75892"}],"wp:term":[{"taxonomy":"category","embeddable":true,"href":"https:\/\/www.solopress.com\/blog\/pt-pt\/wp-json\/wp\/v2\/categories?post=75892"},{"taxonomy":"post_tag","embeddable":true,"href":"https:\/\/www.solopress.com\/blog\/pt-pt\/wp-json\/wp\/v2\/tags?post=75892"}],"curies":[{"name":"wp","href":"https:\/\/api.w.org\/{rel}","templated":true}]}}