{"id":15852,"date":"2014-04-14T11:44:05","date_gmt":"2014-04-14T10:44:05","guid":{"rendered":"https:\/\/www.solopress.com\/blog\/?p=15852"},"modified":"2019-05-12T08:40:52","modified_gmt":"2019-05-12T07:40:52","slug":"gandeste-in-culori-coperta-cartii-isi-schimba-culoarea-la-atingere","status":"publish","type":"post","link":"https:\/\/www.solopress.com\/blog\/ro\/print-inspiration\/think-in-colour-book-cover-changes-colour-when-touched\/","title":{"rendered":"Coperta c\u0103r\u021bii Think In Colour \u00ee\u0219i schimb\u0103 culoarea atunci c\u00e2nd o atingi"},"content":{"rendered":"<div id=\"bsf_rt_marker\"><\/div><p><!--more--><\/p>\n<h3><em>Graficianul belgian Hugo Puttaert, fondator al studioului de design Visionandfactory din Bruxelles, ne \u00eendeamn\u0103 pe to\u021bi s\u0103 <a title=\"S\u0103rb\u0103tore\u0219te opera lui Hugo Puttaert\" href=\"http:\/\/www.thinkincolour.be\" target=\"_blank\" rel=\"noopener noreferrer\">G\u00e2ndi\u021bi \u00een culori<\/a> \u00een ultima sa carte...<\/em><\/h3>\n<p><img loading=\"lazy\" decoding=\"async\" class=\"aligncenter size-full wp-image-15854\" src=\"https:\/\/www.solopress.com\/blog\/wp-content\/uploads\/2014\/04\/think-in-colour-book-covers.jpg\" alt=\"G\u00e2nde\u0219te \u00een culori coper\u021bi de carte\" width=\"650\" height=\"459\" \/><\/p>\n<p>O excursie vizual\u0103 \u00een influen\u021ba lucr\u0103rilor de design grafic ale <strong>Hugo Puttaert<\/strong> care ne \u00eendeamn\u0103 s\u0103 <strong>G\u00e2ndi\u021bi \u00een culori<\/strong>, chiar \u0219i coperta acestei noi c\u0103r\u021bi izbucne\u0219te \u00een culori atunci c\u00e2nd suprafa\u021ba este frecat\u0103.<\/p>\n<p>De la \u00eenfiin\u021barea studioului \u00een 1990, Hugo Puttaert \u0219i Visionandfactory au lucrat ca designeri \u0219i consultan\u021bi pentru o gam\u0103 larg\u0103 de \u00eentreprinderi \u0219i organiza\u021bii culturale. Puttaert este, de asemenea, profesor la Colegiul Universitar de Art\u0103 \u0219i Design Sint Lucas din Anvers \u0219i este redactor-\u0219ef \u0219i director de crea\u021bie al Addmagazine.be, o revist\u0103 axat\u0103 pe designul grafic de ultim\u0103 or\u0103 din Belgia \u0219i din alte \u021b\u0103ri.<\/p>\n<p>\"De prea multe ori, designul este folosit doar ca un lubrifiant la mod\u0103 pentru a facilita comercializarea a orice\", spune Hugo Puttaert c\u00e2nd vorbe\u0219te despre design. \"Dar, de fapt, designul nu se refer\u0103 la produs, ci la act.\"<\/p>\n<p>Think in Colour, publicat\u0103 de MER Paper Kunsthalle, a ap\u0103rut acum la pre\u021bul de 45 de euro (ISBN 978-94-9177-518-5).<\/p>\n<p><img loading=\"lazy\" decoding=\"async\" class=\"aligncenter size-full wp-image-15855\" src=\"https:\/\/www.solopress.com\/blog\/wp-content\/uploads\/2014\/04\/think-in-colour-changing-colours-book-covers.jpg\" alt=\"Schimbarea culorilor coper\u021bilor de carte\" width=\"650\" height=\"433\" \/><\/p>\n<p><img loading=\"lazy\" decoding=\"async\" class=\"aligncenter size-full wp-image-15856\" src=\"https:\/\/www.solopress.com\/blog\/wp-content\/uploads\/2014\/04\/think-in-colour-inside-pages.jpg\" alt=\"Pagini interioare ale c\u0103r\u021bii Think in Colour\" width=\"650\" height=\"433\" \/><\/p>\n<p><img loading=\"lazy\" decoding=\"async\" class=\"aligncenter size-full wp-image-15857\" src=\"https:\/\/www.solopress.com\/blog\/wp-content\/uploads\/2014\/04\/think-in-colour-covers.jpg\" alt=\"Coper\u021bile c\u0103r\u021bii Think in Colour\" width=\"650\" height=\"433\" \/><\/p>","protected":false},"excerpt":{"rendered":"","protected":false},"author":23,"featured_media":15854,"comment_status":"open","ping_status":"open","sticky":false,"template":"","format":"standard","meta":{"_acf_changed":false,"tdm_status":"","tdm_grid_status":"","footnotes":""},"categories":[544],"tags":[],"class_list":{"0":"post-15852","1":"post","2":"type-post","3":"status-publish","4":"format-standard","5":"has-post-thumbnail","7":"category-print-inspiration"},"acf":[],"yoast_head":"<!-- This site is optimized with the Yoast SEO plugin v27.4 - https:\/\/yoast.com\/product\/yoast-seo-wordpress\/ -->\n<title>Think In Colour Book Cover Changes Colour When Touched - Solopress<\/title>\n<meta name=\"description\" content=\"Belgian graphic designer Hugo Puttaert, founder of the design studio Visionandfactory in Brussels, urges all of us to Think in Colour in his latest book.\" \/>\n<meta name=\"robots\" content=\"index, follow, max-snippet:-1, max-image-preview:large, max-video-preview:-1\" \/>\n<link rel=\"canonical\" href=\"https:\/\/www.solopress.com\/blog\/ro\/inspiratie-de-imprimare\/gandeste-in-culori-coperta-cartii-isi-schimba-culoarea-la-atingere\/\" \/>\n<meta property=\"og:locale\" content=\"ro_RO\" \/>\n<meta property=\"og:type\" content=\"article\" \/>\n<meta property=\"og:title\" content=\"Think In Colour Book Cover Changes Colour When Touched - Solopress\" \/>\n<meta property=\"og:description\" content=\"Belgian graphic designer Hugo Puttaert, founder of the design studio Visionandfactory in Brussels, urges all of us to Think in Colour in his latest book.\" \/>\n<meta property=\"og:url\" content=\"https:\/\/www.solopress.com\/blog\/ro\/inspiratie-de-imprimare\/gandeste-in-culori-coperta-cartii-isi-schimba-culoarea-la-atingere\/\" \/>\n<meta property=\"og:site_name\" content=\"The Latest Print and Design News | Solopress\" \/>\n<meta property=\"article:publisher\" content=\"https:\/\/www.facebook.com\/Solopress\" \/>\n<meta property=\"article:published_time\" content=\"2014-04-14T10:44:05+00:00\" \/>\n<meta property=\"article:modified_time\" content=\"2019-05-12T07:40:52+00:00\" \/>\n<meta property=\"og:image\" content=\"https:\/\/www.solopress.com\/blog\/wp-content\/uploads\/2014\/04\/think-in-colour-book-covers.jpg\" \/>\n\t<meta property=\"og:image:width\" content=\"650\" \/>\n\t<meta property=\"og:image:height\" content=\"459\" \/>\n\t<meta property=\"og:image:type\" content=\"image\/jpeg\" \/>\n<meta name=\"author\" content=\"Solopress\" \/>\n<meta name=\"twitter:card\" content=\"summary_large_image\" \/>\n<meta name=\"twitter:creator\" content=\"@solopress\" \/>\n<meta name=\"twitter:site\" content=\"@solopress\" \/>\n<meta name=\"twitter:label1\" content=\"Scris de\" \/>\n\t<meta name=\"twitter:data1\" content=\"Solopress\" \/>\n\t<meta name=\"twitter:label2\" content=\"Timp estimat pentru citire\" \/>\n\t<meta name=\"twitter:data2\" content=\"1 minut\" \/>\n<script type=\"application\/ld+json\" class=\"yoast-schema-graph\">{\"@context\":\"https:\\\/\\\/schema.org\",\"@graph\":[{\"@type\":\"Article\",\"@id\":\"https:\\\/\\\/www.solopress.com\\\/blog\\\/print-inspiration\\\/think-in-colour-book-cover-changes-colour-when-touched\\\/#article\",\"isPartOf\":{\"@id\":\"https:\\\/\\\/www.solopress.com\\\/blog\\\/print-inspiration\\\/think-in-colour-book-cover-changes-colour-when-touched\\\/\"},\"author\":{\"name\":\"Solopress\",\"@id\":\"https:\\\/\\\/www.solopress.com\\\/blog\\\/#\\\/schema\\\/person\\\/f8531403c74fe1b3ef14bcaeec1c8c41\"},\"headline\":\"Think In Colour Book Cover Changes Colour When You Touch It\",\"datePublished\":\"2014-04-14T10:44:05+00:00\",\"dateModified\":\"2019-05-12T07:40:52+00:00\",\"mainEntityOfPage\":{\"@id\":\"https:\\\/\\\/www.solopress.com\\\/blog\\\/print-inspiration\\\/think-in-colour-book-cover-changes-colour-when-touched\\\/\"},\"wordCount\":187,\"commentCount\":1,\"publisher\":{\"@id\":\"https:\\\/\\\/www.solopress.com\\\/blog\\\/#organization\"},\"image\":{\"@id\":\"https:\\\/\\\/www.solopress.com\\\/blog\\\/print-inspiration\\\/think-in-colour-book-cover-changes-colour-when-touched\\\/#primaryimage\"},\"thumbnailUrl\":\"https:\\\/\\\/www.solopress.com\\\/blog\\\/wp-content\\\/uploads\\\/2014\\\/04\\\/think-in-colour-book-covers.jpg\",\"articleSection\":[\"Print Inspiration\"],\"inLanguage\":\"ro-RO\",\"potentialAction\":[{\"@type\":\"CommentAction\",\"name\":\"Comment\",\"target\":[\"https:\\\/\\\/www.solopress.com\\\/blog\\\/print-inspiration\\\/think-in-colour-book-cover-changes-colour-when-touched\\\/#respond\"]}]},{\"@type\":\"WebPage\",\"@id\":\"https:\\\/\\\/www.solopress.com\\\/blog\\\/print-inspiration\\\/think-in-colour-book-cover-changes-colour-when-touched\\\/\",\"url\":\"https:\\\/\\\/www.solopress.com\\\/blog\\\/print-inspiration\\\/think-in-colour-book-cover-changes-colour-when-touched\\\/\",\"name\":\"Think In Colour Book Cover Changes Colour When Touched - Solopress\",\"isPartOf\":{\"@id\":\"https:\\\/\\\/www.solopress.com\\\/blog\\\/#website\"},\"primaryImageOfPage\":{\"@id\":\"https:\\\/\\\/www.solopress.com\\\/blog\\\/print-inspiration\\\/think-in-colour-book-cover-changes-colour-when-touched\\\/#primaryimage\"},\"image\":{\"@id\":\"https:\\\/\\\/www.solopress.com\\\/blog\\\/print-inspiration\\\/think-in-colour-book-cover-changes-colour-when-touched\\\/#primaryimage\"},\"thumbnailUrl\":\"https:\\\/\\\/www.solopress.com\\\/blog\\\/wp-content\\\/uploads\\\/2014\\\/04\\\/think-in-colour-book-covers.jpg\",\"datePublished\":\"2014-04-14T10:44:05+00:00\",\"dateModified\":\"2019-05-12T07:40:52+00:00\",\"description\":\"Belgian graphic designer Hugo Puttaert, founder of the design studio Visionandfactory in Brussels, urges all of us to Think in Colour in his latest book.\",\"breadcrumb\":{\"@id\":\"https:\\\/\\\/www.solopress.com\\\/blog\\\/print-inspiration\\\/think-in-colour-book-cover-changes-colour-when-touched\\\/#breadcrumb\"},\"inLanguage\":\"ro-RO\",\"potentialAction\":[{\"@type\":\"ReadAction\",\"target\":[\"https:\\\/\\\/www.solopress.com\\\/blog\\\/print-inspiration\\\/think-in-colour-book-cover-changes-colour-when-touched\\\/\"]}]},{\"@type\":\"ImageObject\",\"inLanguage\":\"ro-RO\",\"@id\":\"https:\\\/\\\/www.solopress.com\\\/blog\\\/print-inspiration\\\/think-in-colour-book-cover-changes-colour-when-touched\\\/#primaryimage\",\"url\":\"https:\\\/\\\/www.solopress.com\\\/blog\\\/wp-content\\\/uploads\\\/2014\\\/04\\\/think-in-colour-book-covers.jpg\",\"contentUrl\":\"https:\\\/\\\/www.solopress.com\\\/blog\\\/wp-content\\\/uploads\\\/2014\\\/04\\\/think-in-colour-book-covers.jpg\",\"width\":650,\"height\":459,\"caption\":\"Think in Colour book covers\"},{\"@type\":\"BreadcrumbList\",\"@id\":\"https:\\\/\\\/www.solopress.com\\\/blog\\\/print-inspiration\\\/think-in-colour-book-cover-changes-colour-when-touched\\\/#breadcrumb\",\"itemListElement\":[{\"@type\":\"ListItem\",\"position\":1,\"name\":\"Blog\",\"item\":\"https:\\\/\\\/www.solopress.com\\\/blog\\\/\"},{\"@type\":\"ListItem\",\"position\":2,\"name\":\"Think In Colour Book Cover Changes Colour When You Touch It\"}]},{\"@type\":\"WebSite\",\"@id\":\"https:\\\/\\\/www.solopress.com\\\/blog\\\/#website\",\"url\":\"https:\\\/\\\/www.solopress.com\\\/blog\\\/\",\"name\":\"The Latest Print and Design News | Solopress\",\"description\":\"\",\"publisher\":{\"@id\":\"https:\\\/\\\/www.solopress.com\\\/blog\\\/#organization\"},\"potentialAction\":[{\"@type\":\"SearchAction\",\"target\":{\"@type\":\"EntryPoint\",\"urlTemplate\":\"https:\\\/\\\/www.solopress.com\\\/blog\\\/?s={search_term_string}\"},\"query-input\":{\"@type\":\"PropertyValueSpecification\",\"valueRequired\":true,\"valueName\":\"search_term_string\"}}],\"inLanguage\":\"ro-RO\"},{\"@type\":\"Organization\",\"@id\":\"https:\\\/\\\/www.solopress.com\\\/blog\\\/#organization\",\"name\":\"Solopress\",\"url\":\"https:\\\/\\\/www.solopress.com\\\/blog\\\/\",\"logo\":{\"@type\":\"ImageObject\",\"inLanguage\":\"ro-RO\",\"@id\":\"https:\\\/\\\/www.solopress.com\\\/blog\\\/#\\\/schema\\\/logo\\\/image\\\/\",\"url\":\"https:\\\/\\\/www.solopress.com\\\/blog\\\/wp-content\\\/uploads\\\/2017\\\/06\\\/solopress-logo-no-tagline@2x.png\",\"contentUrl\":\"https:\\\/\\\/www.solopress.com\\\/blog\\\/wp-content\\\/uploads\\\/2017\\\/06\\\/solopress-logo-no-tagline@2x.png\",\"width\":428,\"height\":88,\"caption\":\"Solopress\"},\"image\":{\"@id\":\"https:\\\/\\\/www.solopress.com\\\/blog\\\/#\\\/schema\\\/logo\\\/image\\\/\"},\"sameAs\":[\"https:\\\/\\\/www.facebook.com\\\/Solopress\",\"https:\\\/\\\/x.com\\\/solopress\",\"https:\\\/\\\/instagram.com\\\/solopress\\\/\",\"https:\\\/\\\/www.linkedin.com\\\/company\\\/solopress\",\"https:\\\/\\\/uk.pinterest.com\\\/solopress\\\/\",\"https:\\\/\\\/www.youtube.com\\\/user\\\/solopress\"]},{\"@type\":\"Person\",\"@id\":\"https:\\\/\\\/www.solopress.com\\\/blog\\\/#\\\/schema\\\/person\\\/f8531403c74fe1b3ef14bcaeec1c8c41\",\"name\":\"Solopress\",\"image\":{\"@type\":\"ImageObject\",\"inLanguage\":\"ro-RO\",\"@id\":\"https:\\\/\\\/secure.gravatar.com\\\/avatar\\\/5012622dc5386d65dcc9cba9677e1adb69a824f7e61d6885446076b73d0a2544?s=96&r=g\",\"url\":\"https:\\\/\\\/secure.gravatar.com\\\/avatar\\\/5012622dc5386d65dcc9cba9677e1adb69a824f7e61d6885446076b73d0a2544?s=96&r=g\",\"contentUrl\":\"https:\\\/\\\/secure.gravatar.com\\\/avatar\\\/5012622dc5386d65dcc9cba9677e1adb69a824f7e61d6885446076b73d0a2544?s=96&r=g\",\"caption\":\"Solopress\"},\"sameAs\":[\"https:\\\/\\\/www.solopress.com\\\/\"],\"url\":\"https:\\\/\\\/www.solopress.com\\\/blog\\\/ro\\\/author\\\/solopress\\\/\"}]}<\/script>\n<!-- \/ Yoast SEO plugin. -->","yoast_head_json":{"title":"Coperta c\u0103r\u021bii Think In Colour \u00ee\u0219i schimb\u0103 culoarea c\u00e2nd este atins\u0103 - Solopress","description":"\u00cen cea mai recent\u0103 carte a sa, graficianul belgian Hugo Puttaert, fondatorul studioului de design Visionandfactory din Bruxelles, ne \u00eendeamn\u0103 pe to\u021bi s\u0103 g\u00e2ndim \u00een culori.","robots":{"index":"index","follow":"follow","max-snippet":"max-snippet:-1","max-image-preview":"max-image-preview:large","max-video-preview":"max-video-preview:-1"},"canonical":"https:\/\/www.solopress.com\/blog\/ro\/inspiratie-de-imprimare\/gandeste-in-culori-coperta-cartii-isi-schimba-culoarea-la-atingere\/","og_locale":"ro_RO","og_type":"article","og_title":"Think In Colour Book Cover Changes Colour When Touched - Solopress","og_description":"Belgian graphic designer Hugo Puttaert, founder of the design studio Visionandfactory in Brussels, urges all of us to Think in Colour in his latest book.","og_url":"https:\/\/www.solopress.com\/blog\/ro\/inspiratie-de-imprimare\/gandeste-in-culori-coperta-cartii-isi-schimba-culoarea-la-atingere\/","og_site_name":"The Latest Print and Design News | Solopress","article_publisher":"https:\/\/www.facebook.com\/Solopress","article_published_time":"2014-04-14T10:44:05+00:00","article_modified_time":"2019-05-12T07:40:52+00:00","og_image":[{"width":650,"height":459,"url":"https:\/\/www.solopress.com\/blog\/wp-content\/uploads\/2014\/04\/think-in-colour-book-covers.jpg","type":"image\/jpeg"}],"author":"Solopress","twitter_card":"summary_large_image","twitter_creator":"@solopress","twitter_site":"@solopress","twitter_misc":{"Scris de":"Solopress","Timp estimat pentru citire":"1 minut"},"schema":{"@context":"https:\/\/schema.org","@graph":[{"@type":"Article","@id":"https:\/\/www.solopress.com\/blog\/print-inspiration\/think-in-colour-book-cover-changes-colour-when-touched\/#article","isPartOf":{"@id":"https:\/\/www.solopress.com\/blog\/print-inspiration\/think-in-colour-book-cover-changes-colour-when-touched\/"},"author":{"name":"Solopress","@id":"https:\/\/www.solopress.com\/blog\/#\/schema\/person\/f8531403c74fe1b3ef14bcaeec1c8c41"},"headline":"Think In Colour Book Cover Changes Colour When You Touch It","datePublished":"2014-04-14T10:44:05+00:00","dateModified":"2019-05-12T07:40:52+00:00","mainEntityOfPage":{"@id":"https:\/\/www.solopress.com\/blog\/print-inspiration\/think-in-colour-book-cover-changes-colour-when-touched\/"},"wordCount":187,"commentCount":1,"publisher":{"@id":"https:\/\/www.solopress.com\/blog\/#organization"},"image":{"@id":"https:\/\/www.solopress.com\/blog\/print-inspiration\/think-in-colour-book-cover-changes-colour-when-touched\/#primaryimage"},"thumbnailUrl":"https:\/\/www.solopress.com\/blog\/wp-content\/uploads\/2014\/04\/think-in-colour-book-covers.jpg","articleSection":["Print Inspiration"],"inLanguage":"ro-RO","potentialAction":[{"@type":"CommentAction","name":"Comment","target":["https:\/\/www.solopress.com\/blog\/print-inspiration\/think-in-colour-book-cover-changes-colour-when-touched\/#respond"]}]},{"@type":"WebPage","@id":"https:\/\/www.solopress.com\/blog\/print-inspiration\/think-in-colour-book-cover-changes-colour-when-touched\/","url":"https:\/\/www.solopress.com\/blog\/print-inspiration\/think-in-colour-book-cover-changes-colour-when-touched\/","name":"Coperta c\u0103r\u021bii Think In Colour \u00ee\u0219i schimb\u0103 culoarea c\u00e2nd este atins\u0103 - Solopress","isPartOf":{"@id":"https:\/\/www.solopress.com\/blog\/#website"},"primaryImageOfPage":{"@id":"https:\/\/www.solopress.com\/blog\/print-inspiration\/think-in-colour-book-cover-changes-colour-when-touched\/#primaryimage"},"image":{"@id":"https:\/\/www.solopress.com\/blog\/print-inspiration\/think-in-colour-book-cover-changes-colour-when-touched\/#primaryimage"},"thumbnailUrl":"https:\/\/www.solopress.com\/blog\/wp-content\/uploads\/2014\/04\/think-in-colour-book-covers.jpg","datePublished":"2014-04-14T10:44:05+00:00","dateModified":"2019-05-12T07:40:52+00:00","description":"\u00cen cea mai recent\u0103 carte a sa, graficianul belgian Hugo Puttaert, fondatorul studioului de design Visionandfactory din Bruxelles, ne \u00eendeamn\u0103 pe to\u021bi s\u0103 g\u00e2ndim \u00een culori.","breadcrumb":{"@id":"https:\/\/www.solopress.com\/blog\/print-inspiration\/think-in-colour-book-cover-changes-colour-when-touched\/#breadcrumb"},"inLanguage":"ro-RO","potentialAction":[{"@type":"ReadAction","target":["https:\/\/www.solopress.com\/blog\/print-inspiration\/think-in-colour-book-cover-changes-colour-when-touched\/"]}]},{"@type":"ImageObject","inLanguage":"ro-RO","@id":"https:\/\/www.solopress.com\/blog\/print-inspiration\/think-in-colour-book-cover-changes-colour-when-touched\/#primaryimage","url":"https:\/\/www.solopress.com\/blog\/wp-content\/uploads\/2014\/04\/think-in-colour-book-covers.jpg","contentUrl":"https:\/\/www.solopress.com\/blog\/wp-content\/uploads\/2014\/04\/think-in-colour-book-covers.jpg","width":650,"height":459,"caption":"Think in Colour book covers"},{"@type":"BreadcrumbList","@id":"https:\/\/www.solopress.com\/blog\/print-inspiration\/think-in-colour-book-cover-changes-colour-when-touched\/#breadcrumb","itemListElement":[{"@type":"ListItem","position":1,"name":"Blog","item":"https:\/\/www.solopress.com\/blog\/"},{"@type":"ListItem","position":2,"name":"Think In Colour Book Cover Changes Colour When You Touch It"}]},{"@type":"WebSite","@id":"https:\/\/www.solopress.com\/blog\/#website","url":"https:\/\/www.solopress.com\/blog\/","name":"Ultimele nout\u0103\u021bi din domeniul imprim\u0103rii \u0219i designului | Solopress","description":"","publisher":{"@id":"https:\/\/www.solopress.com\/blog\/#organization"},"potentialAction":[{"@type":"SearchAction","target":{"@type":"EntryPoint","urlTemplate":"https:\/\/www.solopress.com\/blog\/?s={search_term_string}"},"query-input":{"@type":"PropertyValueSpecification","valueRequired":true,"valueName":"search_term_string"}}],"inLanguage":"ro-RO"},{"@type":"Organization","@id":"https:\/\/www.solopress.com\/blog\/#organization","name":"Solopress","url":"https:\/\/www.solopress.com\/blog\/","logo":{"@type":"ImageObject","inLanguage":"ro-RO","@id":"https:\/\/www.solopress.com\/blog\/#\/schema\/logo\/image\/","url":"https:\/\/www.solopress.com\/blog\/wp-content\/uploads\/2017\/06\/solopress-logo-no-tagline@2x.png","contentUrl":"https:\/\/www.solopress.com\/blog\/wp-content\/uploads\/2017\/06\/solopress-logo-no-tagline@2x.png","width":428,"height":88,"caption":"Solopress"},"image":{"@id":"https:\/\/www.solopress.com\/blog\/#\/schema\/logo\/image\/"},"sameAs":["https:\/\/www.facebook.com\/Solopress","https:\/\/x.com\/solopress","https:\/\/instagram.com\/solopress\/","https:\/\/www.linkedin.com\/company\/solopress","https:\/\/uk.pinterest.com\/solopress\/","https:\/\/www.youtube.com\/user\/solopress"]},{"@type":"Person","@id":"https:\/\/www.solopress.com\/blog\/#\/schema\/person\/f8531403c74fe1b3ef14bcaeec1c8c41","name":"Solopress","image":{"@type":"ImageObject","inLanguage":"ro-RO","@id":"https:\/\/secure.gravatar.com\/avatar\/5012622dc5386d65dcc9cba9677e1adb69a824f7e61d6885446076b73d0a2544?s=96&r=g","url":"https:\/\/secure.gravatar.com\/avatar\/5012622dc5386d65dcc9cba9677e1adb69a824f7e61d6885446076b73d0a2544?s=96&r=g","contentUrl":"https:\/\/secure.gravatar.com\/avatar\/5012622dc5386d65dcc9cba9677e1adb69a824f7e61d6885446076b73d0a2544?s=96&r=g","caption":"Solopress"},"sameAs":["https:\/\/www.solopress.com\/"],"url":"https:\/\/www.solopress.com\/blog\/ro\/author\/solopress\/"}]}},"jetpack_featured_media_url":"https:\/\/www.solopress.com\/blog\/wp-content\/uploads\/2014\/04\/think-in-colour-book-covers.jpg","_links":{"self":[{"href":"https:\/\/www.solopress.com\/blog\/ro\/wp-json\/wp\/v2\/posts\/15852","targetHints":{"allow":["GET"]}}],"collection":[{"href":"https:\/\/www.solopress.com\/blog\/ro\/wp-json\/wp\/v2\/posts"}],"about":[{"href":"https:\/\/www.solopress.com\/blog\/ro\/wp-json\/wp\/v2\/types\/post"}],"author":[{"embeddable":true,"href":"https:\/\/www.solopress.com\/blog\/ro\/wp-json\/wp\/v2\/users\/23"}],"replies":[{"embeddable":true,"href":"https:\/\/www.solopress.com\/blog\/ro\/wp-json\/wp\/v2\/comments?post=15852"}],"version-history":[{"count":5,"href":"https:\/\/www.solopress.com\/blog\/ro\/wp-json\/wp\/v2\/posts\/15852\/revisions"}],"predecessor-version":[{"id":57512,"href":"https:\/\/www.solopress.com\/blog\/ro\/wp-json\/wp\/v2\/posts\/15852\/revisions\/57512"}],"wp:featuredmedia":[{"embeddable":true,"href":"https:\/\/www.solopress.com\/blog\/ro\/wp-json\/wp\/v2\/media\/15854"}],"wp:attachment":[{"href":"https:\/\/www.solopress.com\/blog\/ro\/wp-json\/wp\/v2\/media?parent=15852"}],"wp:term":[{"taxonomy":"category","embeddable":true,"href":"https:\/\/www.solopress.com\/blog\/ro\/wp-json\/wp\/v2\/categories?post=15852"},{"taxonomy":"post_tag","embeddable":true,"href":"https:\/\/www.solopress.com\/blog\/ro\/wp-json\/wp\/v2\/tags?post=15852"}],"curies":[{"name":"wp","href":"https:\/\/api.w.org\/{rel}","templated":true}]}}