{"id":6603,"date":"2013-01-18T16:34:39","date_gmt":"2013-01-18T16:34:39","guid":{"rendered":"https:\/\/www.solopress.com\/blog\/?p=6603"},"modified":"2022-08-27T20:30:16","modified_gmt":"2022-08-27T19:30:16","slug":"80-de-ani-de-afise-pentru-marele-premiu-monaco","status":"publish","type":"post","link":"https:\/\/www.solopress.com\/blog\/ro\/print-inspiration\/80-years-of-monaco-grand-prix-posters\/","title":{"rendered":"80 de ani de afi\u0219e ale Marelui Premiu de la Monaco"},"content":{"rendered":"<div id=\"bsf_rt_marker\"><\/div><p><!--more--><\/p>\n<h3><i>Retr\u0103ie\u0219te str\u0103lucirea \u0219i farmecul celei mai faimoase curse de Grand Prix din lume prin intermediul unor afi\u0219e...<\/i><\/h3>\n<p>\u00cenc\u0103 de la primul Mare Premiu al Principatului Monaco din 1929, pilo\u021bii \u0219i fanii curselor din \u00eentreaga lume au fost captiva\u021bi de aceast\u0103 curs\u0103 stradal\u0103 antrenant\u0103. Sigur, nu este un circuit f\u0103cut pentru vitez\u0103 sau dep\u0103\u0219iri. Dar acesta este cam singurul lucru pe care GP Monaco nu \u00eel ofer\u0103. Aceasta este cursa de F1 pe care toat\u0103 lumea o a\u0219teapt\u0103 cu ner\u0103bdare \u00een fiecare an. Cu o astfel de loca\u021bie plin\u0103 de farmec \u0219i o istorie fantastic\u0103, este u\u0219or de \u00een\u021beles de ce Marele Premiu de la Monaco a oferit arti\u0219tilor o inspira\u021bie excelent\u0103 pentru designul <a href=\"https:\/\/www.solopress.com\/blog\/ro\/afise\/\">afi\u0219e<\/a> \u00een ultimii 80 de ani.<\/p>\n<h2 style=\"text-align: center;\"><strong>1933<\/strong><\/h2>\n<p style=\"text-align: center;\"><img loading=\"lazy\" decoding=\"async\" class=\"size-full wp-image-6605 aligncenter\" src=\"https:\/\/www.solopress.com\/blog\/wp-content\/uploads\/2013\/01\/monaco-grand-prix-poster-1933-solopress-printing-blog.jpg\" alt=\"Afi\u0219ul Marelui Premiu de la Monaco 1933 \u00een blogul de imprimare Solopress\" width=\"421\" height=\"650\" \/><\/p>\n<pre>Sursa imaginii: Art.co.uk<\/pre>\n<p>Georges Hamel, cunoscut \u0219i sub numele de Geo Ham, a fost un celebru ilustrator \u0219i pictor francez n\u0103scut \u00een 1900. El \u00eensu\u0219i pasionat de ma\u0219ini, este considerat unul dintre cei mai remarcabili arti\u0219ti din lumea sporturilor cu motor din toate timpurile. Pe l\u00e2ng\u0103 o serie de afi\u0219e emblematice pentru Marele Premiu al Principatului Monaco \u0219i pentru Cursa de 24 de ore de la Le Mans, Hamel a schi\u021bat \u0219i caricaturi ale multor pilo\u021bi de ma\u0219ini de curse.<\/p>\n<p>Aceast\u0103 reproducere de art\u0103 de 50 x 70 cm a celui de-al 5-lea Grand Prix Automobile, Monaco, 1933 este disponibil\u0103 la Art.co.uk, la pre\u021bul de 13,99 \u00a3.<\/p>\n<p><a title=\"http:\/\/en.wikipedia.org\/wiki\/Achille_Varzi\" href=\"https:\/\/en.wikipedia.org\/wiki\/Achille_Varzi\" target=\"_blank\" rel=\"noopener noreferrer\">Achille Varzi<\/a> \u00eentr-un Bugatti a c\u00e2\u0219tigat Marele Premiu de la Monaco din 1933.<\/p>\n<h2 style=\"text-align: center;\"><strong>1948<\/strong><\/h2>\n<p style=\"text-align: center;\"><img loading=\"lazy\" decoding=\"async\" class=\"size-full wp-image-6607 aligncenter\" src=\"https:\/\/www.solopress.com\/blog\/wp-content\/uploads\/2013\/01\/monaco-grand-prix-poster-1948-solopress-printing-blog.jpg\" alt=\"Afi\u0219ul Marelui Premiu de la Monaco 1948 \u00een blogul de imprimare Solopress\" width=\"325\" height=\"488\" \/><\/p>\n<pre>Sursa imaginii: Art.co.uk<\/pre>\n<p>Acest poster Geo Ham pentru Marele Premiu de la Monaco din 1948, cu dimensiunile 61 x 91 cm, este disponibil la Art.co.uk la pre\u021bul de 8,99 lire sterline. Exist\u0103 \u0219i o op\u021biune de imprimare Giclee \u00eenr\u0103mate (86 x 117 cm) de la Art.co.uk, la pre\u021bul de 189,99 \u00a3. Art.co.uk folose\u0219te <a title=\"\u00cen\u021belegerea imprim\u0103rii Giclee\" href=\"https:\/\/www.solopress.com\/blog\/ro\/inspiratie-de-imprimare\/intelegerea-tiparirii-giclee\/\" target=\"_blank\" rel=\"noopener noreferrer\">Imprimare digital\u0103 Giclee<\/a> pentru a crea printuri de art\u0103 \u00een culori vii \u0219i pure, de o calitate suficient de ridicat\u0103 pentru a fi expuse \u00eentr-o galerie sau \u00eentr-un muzeu.<\/p>\n<p><a title=\"http:\/\/en.wikipedia.org\/wiki\/Giuseppe_Farina\" href=\"https:\/\/en.wikipedia.org\/wiki\/Giuseppe_Farina\" target=\"_blank\" rel=\"noopener noreferrer\">Giuseppe Farina<\/a> la bordul unui Maserati a c\u00e2\u0219tigat Marele Premiu de la Monaco din 1948. Acesta a fost singurul care a avut loc \u00een anii 1940.<\/p>\n<h2 style=\"text-align: center;\"><strong>1958<\/strong><\/h2>\n<p style=\"text-align: center;\"><img loading=\"lazy\" decoding=\"async\" class=\"size-full wp-image-6609 aligncenter\" src=\"https:\/\/www.solopress.com\/blog\/wp-content\/uploads\/2013\/01\/monaco-f1-grand-prix-poster-1958-solopress-printing-blog.jpg\" alt=\"Monaco F1 Grand Prix Marele Premiu de la Monaco 1958 \u00een Solopress printing blog\" width=\"440\" height=\"540\" \/><\/p>\n<pre>Sursa imaginii: P\u00e2nz\u0103 mare mare<\/pre>\n<p>Primul Campionat Mondial de Formula 1 a avut loc \u00een 1950. Considerat\u0103 de mul\u021bi ca fiind epoca de aur a curselor auto, anii 1950 au fost domina\u021bi de pilo\u021bi legendari de Formula 1 precum <a title=\"http:\/\/en.wikipedia.org\/wiki\/Juan_Manuel_Fangio\" href=\"http:\/\/en.wikipedia.org\/wiki\/Juan_Manuel_Fangio\" target=\"_blank\" rel=\"noopener noreferrer\">Juan Manuel Fangio<\/a>, <a title=\"http:\/\/en.wikipedia.org\/wiki\/Stirling_Moss\" href=\"http:\/\/en.wikipedia.org\/wiki\/Stirling_Moss\" target=\"_blank\" rel=\"noopener noreferrer\">Stirling Moss<\/a> \u0219i <a title=\"http:\/\/en.wikipedia.org\/wiki\/Jack_Brabham\" href=\"http:\/\/en.wikipedia.org\/wiki\/Jack_Brabham\" target=\"_blank\" rel=\"noopener noreferrer\">Jack Brabham<\/a>.<\/p>\n<p>Great Big Canvas comercializeaz\u0103 posterul impresionant al lui J. Ramel din 1958 al Marelui Premiu de Monaco pe o gam\u0103 larg\u0103 de p\u00e2nze, rame, printuri sau peeling de perete. Imprimeul de poster de 17 x 24 inch este cea mai ieftin\u0103 op\u021biune, la $29,99.<\/p>\n<p><a title=\"http:\/\/en.wikipedia.org\/wiki\/Maurice_Trintignant\" href=\"http:\/\/en.wikipedia.org\/wiki\/Maurice_Trintignant\" target=\"_blank\" rel=\"noopener noreferrer\">Maurice Trintignant<\/a> \u00eentr-un Cooper - Climax a c\u00e2\u0219tigat Marele Premiu de Formula 1 de la Monaco din 1958.<\/p>\n<h2 style=\"text-align: center;\"><strong>1963<\/strong><\/h2>\n<p style=\"text-align: center;\"><img loading=\"lazy\" decoding=\"async\" class=\"size-full wp-image-6614 aligncenter\" src=\"https:\/\/www.solopress.com\/blog\/wp-content\/uploads\/2013\/01\/monaco-f1-grand-prix-poster-1963-solopress-printing-blog.jpg\" alt=\"Afi\u0219ul Marelui Premiu F1 de la Monaco 1963 \u00een Solopress printing blog\" width=\"420\" height=\"650\" \/><\/p>\n<pre>Sursa imaginii: <a title=\"http:\/\/www.autoneuroticfixation.com\/2012\/05\/weekend-plans-cars-coffee-monaco-grand.html\" href=\"http:\/\/www.autoneuroticfixation.com\/2012\/05\/weekend-plans-cars-coffee-monaco-grand.html\" target=\"_blank\" rel=\"noopener noreferrer\">Fixarea auto nevrotic\u0103<\/a><\/pre>\n<p>Michel Beligond este un alt artist francez bine cunoscut pentru afi\u0219ele sale de Formula 1 \u0219i Le Mans.<\/p>\n<p><a title=\"http:\/\/en.wikipedia.org\/wiki\/Graham_Hill\" href=\"http:\/\/en.wikipedia.org\/wiki\/Graham_Hill\" target=\"_blank\" rel=\"noopener noreferrer\">Graham Hill<\/a> la bordul unui BRM a c\u00e2\u0219tigat Marele Premiu de Formula 1 de la Monaco din 1963. Cunoscut cu afec\u021biune sub numele de Mr Monaco, Hill a c\u00e2\u0219tigat de cinci ori GP-ul aici \u00een anii 1960.<\/p>\n<h2 style=\"text-align: center;\"><strong>1973<\/strong><\/h2>\n<p style=\"text-align: center;\"><img loading=\"lazy\" decoding=\"async\" class=\"size-full wp-image-6615 aligncenter\" src=\"https:\/\/www.solopress.com\/blog\/wp-content\/uploads\/2013\/01\/monaco-f1-grand-prix-poster-1973-solopress-printing-blog.jpg\" alt=\"Afi\u0219ul Marelui Premiu F1 de la Monaco 1973 \u00een blogul de imprimare Solopress\" width=\"334\" height=\"510\" \/><\/p>\n<pre>Sursa imaginii: <a title=\"http:\/\/monacogp.a-infokan.com\" href=\"http:\/\/monacogp.a-infokan.com\" target=\"_blank\" rel=\"noopener noreferrer\">http:\/\/monacogp.a-infokan.com<\/a><\/pre>\n<p>Exist\u0103 mai multe edi\u021bii semnate ale acestui poster J. Ramel pentru Marele Premiu de la Monaco din 1973, disponibile pentru a fi cump\u0103rate online. Pe <a title=\"http:\/\/www.thef1store.com\/contents\/en-us\/d132_Monaco_Grand_Prix_Posters_Programs.html\" href=\"http:\/\/www.thef1store.com\/contents\/en-us\/d132_Monaco_Grand_Prix_Posters_Programs.html\" target=\"_blank\" rel=\"noopener noreferrer\">F1 Magazin de m\u0103rfuri F1<\/a>, de exemplu, v\u00e2nd unul cu autograful pilotului francez de Grand Prix. <a title=\"http:\/\/en.wikipedia.org\/wiki\/Jean-Pierre_Jarier\" href=\"http:\/\/en.wikipedia.org\/wiki\/Jean-Pierre_Jarier\" target=\"_blank\" rel=\"noopener noreferrer\">Jean-Pierre Jarier<\/a> pentru $499,99.<\/p>\n<p><a title=\"http:\/\/en.wikipedia.org\/wiki\/Jackie_Stewart\" href=\"http:\/\/en.wikipedia.org\/wiki\/Jackie_Stewart\" target=\"_blank\" rel=\"noopener noreferrer\">Jackie Stewart<\/a> la bordul unui Tyrrell - Ford a c\u00e2\u0219tigat Marele Premiu de Formula 1 de la Monaco din 1973.<\/p>\n<h2 style=\"text-align: center;\"><strong>1983<\/strong><\/h2>\n<p style=\"text-align: center;\"><img loading=\"lazy\" decoding=\"async\" class=\"wp-image-6617 aligncenter\" src=\"https:\/\/www.solopress.com\/blog\/wp-content\/uploads\/2013\/01\/monaco-f1-grand-prix-poster-1983-solopress-printing-blog.jpg\" alt=\"Afi\u0219ul Marelui Premiu F1 Monaco 1983 \u00een Solopress printing blog\" width=\"650\" height=\"650\" \/><\/p>\n<pre>Sursa imaginii: <a title=\"http:\/\/www.grandprixposters.com\/original-poster\/Monaco1983-OriginalGrandPrixPoster.html\" href=\"http:\/\/www.grandprixposters.com\/original-poster\/Monaco1983-OriginalGrandPrixPoster.html\" target=\"_blank\" rel=\"noopener noreferrer\">Posterele Grand Prix<\/a><\/pre>\n<p><a title=\"http:\/\/www.retroformula1.com\/index.html\" href=\"https:\/\/www.retrogp.com\/\" target=\"_blank\" rel=\"noopener noreferrer\">Retro Formula 1<\/a> se m\u00e2ndre\u0219te cu o colec\u021bie unic\u0103 de produse dedicate legendelor din F1 - inclusiv multe dintre posterele de epoc\u0103 ale Marelui Premiu prezentate mai sus. Dac\u0103 vizita\u021bi <a title=\"http:\/\/www.retroformula1.com\/shop\/Prints\/Monaco83.html\" href=\"https:\/\/www.retrogp.com\/\" target=\"_blank\" rel=\"noopener noreferrer\">showroom<\/a> pentru imprimarea \u00een format A1 Giclee de 350 g\/m\u00b2 (24 \u00a3) a acestui poster din 1983, ve\u021bi putea citi \u0219i povestea de fond a Marelui Premiu de la Monaco din acel an.<\/p>\n<p><a title=\"http:\/\/en.wikipedia.org\/wiki\/Keke_Rosberg\" href=\"http:\/\/en.wikipedia.org\/wiki\/Keke_Rosberg\" target=\"_blank\" rel=\"noopener noreferrer\">Keke Rosberg<\/a> la bordul unui Williams - Ford a c\u00e2\u0219tigat Marele Premiu de Formula 1 de la Monaco din 1983. Urm\u0103torii 10 ani la Monaco au fost domina\u021bi de rivalii acerbi <a title=\"http:\/\/en.wikipedia.org\/wiki\/Alain_Prost\" href=\"http:\/\/en.wikipedia.org\/wiki\/Alain_Prost\" target=\"_blank\" rel=\"noopener noreferrer\">Alain Prost<\/a> \u0219i <a title=\"http:\/\/en.wikipedia.org\/wiki\/Ayrton_Senna\" href=\"http:\/\/en.wikipedia.org\/wiki\/Ayrton_Senna\" target=\"_blank\" rel=\"noopener noreferrer\">Ayrton Senna<\/a>.<\/p>\n<h2 style=\"text-align: center;\"><strong>1994<\/strong><\/h2>\n<p><img loading=\"lazy\" decoding=\"async\" class=\"aligncenter size-full wp-image-6620\" src=\"https:\/\/www.solopress.com\/blog\/wp-content\/uploads\/2013\/01\/monaco-f1-grand-prix-poster-1994-solopress-printing-blog.jpg\" alt=\"Afi\u0219ul Marelui Premiu F1 Monaco 1994 \u00een Solopress printing blog\" width=\"279\" height=\"400\" \/><\/p>\n<pre>Sursa imaginii: <a title=\"http:\/\/www.arteauto.com\/1994monacogporiginal.aspx\" href=\"http:\/\/www.arteauto.com\/1994monacogporiginal.aspx\" target=\"_blank\" rel=\"noopener noreferrer\">l'art et l'automobile<\/a><\/pre>\n<p>Acest poster al Marelui Premiu de la Monaco din 1994 \u00eel prezint\u0103 pe Ayrton Senna \u00een <a title=\"http:\/\/en.wikipedia.org\/wiki\/McLaren_MP4\/8\" href=\"http:\/\/en.wikipedia.org\/wiki\/McLaren_MP4\/8\" target=\"_blank\" rel=\"noopener noreferrer\">Ma\u0219in\u0103 de curse McLaren MP4\/8 din 1993<\/a>.<\/p>\n<p><a title=\"http:\/\/en.wikipedia.org\/wiki\/Michael_Schumacher\" href=\"http:\/\/en.wikipedia.org\/wiki\/Michael_Schumacher\" target=\"_blank\" rel=\"noopener noreferrer\">Michael Schumacher<\/a> la bordul unui Benetton - Ford a c\u00e2\u0219tigat Marele Premiu de Formula 1 de la Monaco din 1994.<\/p>\n<h2 style=\"text-align: center;\"><strong>2002<\/strong><\/h2>\n<p><img loading=\"lazy\" decoding=\"async\" class=\"aligncenter size-full wp-image-6621\" src=\"https:\/\/www.solopress.com\/blog\/wp-content\/uploads\/2013\/01\/monaco-f1-grand-prix-poster-2002-solopress-printing-blog.jpg\" alt=\"Afi\u0219ul Marelui Premiu F1 Monaco 2002 \u00een Solopress printing blog\" width=\"348\" height=\"500\" \/><\/p>\n<pre>Sursa imaginii: <a title=\"http:\/\/www.collectioncar.com\/detailed.php?ad=10063&amp;category_id=3\" href=\"http:\/\/www.collectioncar.com\/detailed.php?ad=10063&amp;category_id=3\" target=\"_blank\" rel=\"noopener noreferrer\">www.CollectionCar.com<\/a><\/pre>\n<p>\u00cen sf\u00e2r\u0219it, acest poster ofer\u0103 \u00een sf\u00e2r\u0219it o recunoa\u0219tere at\u00e2t de necesar\u0103 pentru echipele de la boxe de la Marele Premiu de la Monaco. Acest fragment din <a title=\"http:\/\/www.dummies.com\/how-to\/content\/formula-one-racing-what-happens-during-an-F1-pit-s.html\" href=\"http:\/\/www.dummies.com\/how-to\/content\/formula-one-racing-what-happens-during-an-F1-pit-s.html\" target=\"_blank\" rel=\"noopener noreferrer\">Curse de Formula 1 pentru \u00eencep\u0103tori<\/a> explic\u0103 ce se \u00eent\u00e2mpl\u0103 de fapt \u00een timpul unei opriri la boxe de F1.<\/p>\n<p><a title=\"http:\/\/en.wikipedia.org\/wiki\/David_Coulthard\" href=\"http:\/\/en.wikipedia.org\/wiki\/David_Coulthard\" target=\"_blank\" rel=\"noopener noreferrer\">David Coulthard<\/a> la bordul unui McLaren-Mercedes a c\u00e2\u0219tigat Marele Premiu de Formula 1 de la Monaco din 2002.<\/p>\n<h2 style=\"text-align: center;\"><strong>2011<\/strong><\/h2>\n<p><img loading=\"lazy\" decoding=\"async\" class=\"aligncenter size-full wp-image-6622\" src=\"https:\/\/www.solopress.com\/blog\/wp-content\/uploads\/2013\/01\/monaco-f1-grand-prix-poster-2011-solopress-printing-blog.jpg\" alt=\"Afi\u0219ul Marelui Premiu F1 Monaco 2011 \u00een Solopress printing blog\" width=\"420\" height=\"650\" \/><\/p>\n<pre>Sursa imaginii: <a title=\"http:\/\/artdecogal.com\/2012\/06\/06\/grandpri\/\" href=\"http:\/\/artdecogal.com\/2012\/06\/06\/grandpri\/\" target=\"_blank\" rel=\"noopener noreferrer\">Art Deco Gal<\/a><\/pre>\n<p>Am \u00eenchis cercul cu acest poster inspirat din art deco pentru Marele Premiu de la Monaco 2011.<\/p>\n<p><a title=\"http:\/\/en.wikipedia.org\/wiki\/Sebastian_Vettel\" href=\"http:\/\/en.wikipedia.org\/wiki\/Sebastian_Vettel\" target=\"_blank\" rel=\"noopener noreferrer\">Sebastian Vettel<\/a> \u00eentr-un Red Bull - Renault a c\u00e2\u0219tigat Marele Premiu de Formula 1 de la Monaco din 2011.<\/p>\n<h2>Design Insight<\/h2>\n<p>\"Toate aceste afi\u0219e fac reclam\u0103 bun\u0103 la GP-ul de Monaco, \u00een afar\u0103 de c\u00e2teva dintre ele. Cred c\u0103 anii 1994 \u0219i 2002 promoveaz\u0103 cursele de Grand Prix, dar dezam\u0103gesc publicitatea faptului c\u0103 se desf\u0103\u0219oar\u0103 la Monaco\", spune Julie Simpkins, unul dintre graficienii cu experien\u021b\u0103 din cadrul studioului de design intern al Solopress.com. \"To\u021bi ceilal\u021bi arat\u0103 \u00een ilustra\u021bii ceva indicativ pentru Monaco, precum \u0219i citirea clar\u0103 a formul\u0103rii de pe afi\u0219. De\u0219i 1973 prezint\u0103 toate cele de mai sus, nu arat\u0103 viteza \u0219i dramatismul care \u00eenconjoar\u0103 cursa, a\u0219a cum o fac ceilal\u021bi. De fapt, \u00een opinia mea personal\u0103, cred c\u0103 arat\u0103 un pic dezordonat - \u0219i nu d\u0103 senza\u021bia dramatic\u0103 care cuprinde cursa.\"<\/p>\n<p>\"Este interesant s\u0103 vezi cum lucrurile s-au schimbat at\u00e2t de mult \u00een materie de design de afi\u0219 de-a lungul anilor. Primele au ilustra\u021bii pictate \u0219i desenate manual, devenind din ce \u00een ce mai detaliate de-a lungul anilor - p\u00e2n\u0103 la designul de ast\u0103zi, generat pe calculator, care folose\u0219te Adobe Photoshop \u0219i Illustrator pentru a crea imaginile de pe afi\u0219e.\"<\/p>","protected":false},"excerpt":{"rendered":"","protected":false},"author":23,"featured_media":6605,"comment_status":"open","ping_status":"open","sticky":false,"template":"","format":"standard","meta":{"_acf_changed":false,"tdm_status":"","tdm_grid_status":"","footnotes":""},"categories":[544],"tags":[805],"class_list":{"0":"post-6603","1":"post","2":"type-post","3":"status-publish","4":"format-standard","5":"has-post-thumbnail","7":"category-print-inspiration","8":"tag-posters"},"acf":[],"yoast_head":"<!-- This site is optimized with the Yoast SEO plugin v27.4 - https:\/\/yoast.com\/product\/yoast-seo-wordpress\/ -->\n<title>Design Inspiration: 80 Years of Monaco Grand Prix Posters<\/title>\n<meta name=\"description\" content=\"Ever since the first Monaco Grand Prix in 1929, drivers and racing fans the world over have been captivated by this exhilarating street race.\" \/>\n<meta name=\"robots\" content=\"index, follow, max-snippet:-1, max-image-preview:large, max-video-preview:-1\" \/>\n<link rel=\"canonical\" href=\"https:\/\/www.solopress.com\/blog\/ro\/inspiratie-de-imprimare\/80-de-ani-de-afise-pentru-marele-premiu-monaco\/\" \/>\n<meta property=\"og:locale\" content=\"ro_RO\" \/>\n<meta property=\"og:type\" content=\"article\" \/>\n<meta property=\"og:title\" content=\"Design Inspiration: 80 Years of Monaco Grand Prix Posters\" \/>\n<meta property=\"og:description\" content=\"Ever since the first Monaco Grand Prix in 1929, drivers and racing fans the world over have been captivated by this exhilarating street race.\" \/>\n<meta property=\"og:url\" content=\"https:\/\/www.solopress.com\/blog\/ro\/inspiratie-de-imprimare\/80-de-ani-de-afise-pentru-marele-premiu-monaco\/\" \/>\n<meta property=\"og:site_name\" content=\"The Latest Print and Design News | Solopress\" \/>\n<meta property=\"article:publisher\" content=\"https:\/\/www.facebook.com\/Solopress\" \/>\n<meta property=\"article:published_time\" content=\"2013-01-18T16:34:39+00:00\" \/>\n<meta property=\"article:modified_time\" content=\"2022-08-27T19:30:16+00:00\" \/>\n<meta property=\"og:image\" content=\"https:\/\/www.solopress.com\/blog\/wp-content\/uploads\/2013\/01\/monaco-grand-prix-poster-1933-solopress-printing-blog.jpg\" \/>\n\t<meta property=\"og:image:width\" content=\"421\" \/>\n\t<meta property=\"og:image:height\" content=\"650\" \/>\n\t<meta property=\"og:image:type\" content=\"image\/jpeg\" \/>\n<meta name=\"author\" content=\"Solopress\" \/>\n<meta name=\"twitter:card\" content=\"summary_large_image\" \/>\n<meta name=\"twitter:creator\" content=\"@solopress\" \/>\n<meta name=\"twitter:site\" content=\"@solopress\" \/>\n<meta name=\"twitter:label1\" content=\"Scris de\" \/>\n\t<meta name=\"twitter:data1\" content=\"Solopress\" \/>\n\t<meta name=\"twitter:label2\" content=\"Timp estimat pentru citire\" \/>\n\t<meta name=\"twitter:data2\" content=\"6 minute\" \/>\n<script type=\"application\/ld+json\" class=\"yoast-schema-graph\">{\"@context\":\"https:\\\/\\\/schema.org\",\"@graph\":[{\"@type\":\"Article\",\"@id\":\"https:\\\/\\\/www.solopress.com\\\/blog\\\/print-inspiration\\\/80-years-of-monaco-grand-prix-posters\\\/#article\",\"isPartOf\":{\"@id\":\"https:\\\/\\\/www.solopress.com\\\/blog\\\/print-inspiration\\\/80-years-of-monaco-grand-prix-posters\\\/\"},\"author\":{\"name\":\"Solopress\",\"@id\":\"https:\\\/\\\/www.solopress.com\\\/blog\\\/#\\\/schema\\\/person\\\/f8531403c74fe1b3ef14bcaeec1c8c41\"},\"headline\":\"80 Years of Monaco Grand Prix Posters\",\"datePublished\":\"2013-01-18T16:34:39+00:00\",\"dateModified\":\"2022-08-27T19:30:16+00:00\",\"mainEntityOfPage\":{\"@id\":\"https:\\\/\\\/www.solopress.com\\\/blog\\\/print-inspiration\\\/80-years-of-monaco-grand-prix-posters\\\/\"},\"wordCount\":825,\"commentCount\":13,\"publisher\":{\"@id\":\"https:\\\/\\\/www.solopress.com\\\/blog\\\/#organization\"},\"image\":{\"@id\":\"https:\\\/\\\/www.solopress.com\\\/blog\\\/print-inspiration\\\/80-years-of-monaco-grand-prix-posters\\\/#primaryimage\"},\"thumbnailUrl\":\"https:\\\/\\\/www.solopress.com\\\/blog\\\/wp-content\\\/uploads\\\/2013\\\/01\\\/monaco-grand-prix-poster-1933-solopress-printing-blog.jpg\",\"keywords\":[\"Posters\"],\"articleSection\":[\"Print Inspiration\"],\"inLanguage\":\"ro-RO\",\"potentialAction\":[{\"@type\":\"CommentAction\",\"name\":\"Comment\",\"target\":[\"https:\\\/\\\/www.solopress.com\\\/blog\\\/print-inspiration\\\/80-years-of-monaco-grand-prix-posters\\\/#respond\"]}]},{\"@type\":\"WebPage\",\"@id\":\"https:\\\/\\\/www.solopress.com\\\/blog\\\/print-inspiration\\\/80-years-of-monaco-grand-prix-posters\\\/\",\"url\":\"https:\\\/\\\/www.solopress.com\\\/blog\\\/print-inspiration\\\/80-years-of-monaco-grand-prix-posters\\\/\",\"name\":\"Design Inspiration: 80 Years of Monaco Grand Prix Posters\",\"isPartOf\":{\"@id\":\"https:\\\/\\\/www.solopress.com\\\/blog\\\/#website\"},\"primaryImageOfPage\":{\"@id\":\"https:\\\/\\\/www.solopress.com\\\/blog\\\/print-inspiration\\\/80-years-of-monaco-grand-prix-posters\\\/#primaryimage\"},\"image\":{\"@id\":\"https:\\\/\\\/www.solopress.com\\\/blog\\\/print-inspiration\\\/80-years-of-monaco-grand-prix-posters\\\/#primaryimage\"},\"thumbnailUrl\":\"https:\\\/\\\/www.solopress.com\\\/blog\\\/wp-content\\\/uploads\\\/2013\\\/01\\\/monaco-grand-prix-poster-1933-solopress-printing-blog.jpg\",\"datePublished\":\"2013-01-18T16:34:39+00:00\",\"dateModified\":\"2022-08-27T19:30:16+00:00\",\"description\":\"Ever since the first Monaco Grand Prix in 1929, drivers and racing fans the world over have been captivated by this exhilarating street race.\",\"breadcrumb\":{\"@id\":\"https:\\\/\\\/www.solopress.com\\\/blog\\\/print-inspiration\\\/80-years-of-monaco-grand-prix-posters\\\/#breadcrumb\"},\"inLanguage\":\"ro-RO\",\"potentialAction\":[{\"@type\":\"ReadAction\",\"target\":[\"https:\\\/\\\/www.solopress.com\\\/blog\\\/print-inspiration\\\/80-years-of-monaco-grand-prix-posters\\\/\"]}]},{\"@type\":\"ImageObject\",\"inLanguage\":\"ro-RO\",\"@id\":\"https:\\\/\\\/www.solopress.com\\\/blog\\\/print-inspiration\\\/80-years-of-monaco-grand-prix-posters\\\/#primaryimage\",\"url\":\"https:\\\/\\\/www.solopress.com\\\/blog\\\/wp-content\\\/uploads\\\/2013\\\/01\\\/monaco-grand-prix-poster-1933-solopress-printing-blog.jpg\",\"contentUrl\":\"https:\\\/\\\/www.solopress.com\\\/blog\\\/wp-content\\\/uploads\\\/2013\\\/01\\\/monaco-grand-prix-poster-1933-solopress-printing-blog.jpg\",\"width\":421,\"height\":650,\"caption\":\"Monaco Grand Prix poster 1933 in Solopress printing blog\"},{\"@type\":\"BreadcrumbList\",\"@id\":\"https:\\\/\\\/www.solopress.com\\\/blog\\\/print-inspiration\\\/80-years-of-monaco-grand-prix-posters\\\/#breadcrumb\",\"itemListElement\":[{\"@type\":\"ListItem\",\"position\":1,\"name\":\"Blog\",\"item\":\"https:\\\/\\\/www.solopress.com\\\/blog\\\/\"},{\"@type\":\"ListItem\",\"position\":2,\"name\":\"80 Years of Monaco Grand Prix Posters\"}]},{\"@type\":\"WebSite\",\"@id\":\"https:\\\/\\\/www.solopress.com\\\/blog\\\/#website\",\"url\":\"https:\\\/\\\/www.solopress.com\\\/blog\\\/\",\"name\":\"The Latest Print and Design News | Solopress\",\"description\":\"\",\"publisher\":{\"@id\":\"https:\\\/\\\/www.solopress.com\\\/blog\\\/#organization\"},\"potentialAction\":[{\"@type\":\"SearchAction\",\"target\":{\"@type\":\"EntryPoint\",\"urlTemplate\":\"https:\\\/\\\/www.solopress.com\\\/blog\\\/?s={search_term_string}\"},\"query-input\":{\"@type\":\"PropertyValueSpecification\",\"valueRequired\":true,\"valueName\":\"search_term_string\"}}],\"inLanguage\":\"ro-RO\"},{\"@type\":\"Organization\",\"@id\":\"https:\\\/\\\/www.solopress.com\\\/blog\\\/#organization\",\"name\":\"Solopress\",\"url\":\"https:\\\/\\\/www.solopress.com\\\/blog\\\/\",\"logo\":{\"@type\":\"ImageObject\",\"inLanguage\":\"ro-RO\",\"@id\":\"https:\\\/\\\/www.solopress.com\\\/blog\\\/#\\\/schema\\\/logo\\\/image\\\/\",\"url\":\"https:\\\/\\\/www.solopress.com\\\/blog\\\/wp-content\\\/uploads\\\/2017\\\/06\\\/solopress-logo-no-tagline@2x.png\",\"contentUrl\":\"https:\\\/\\\/www.solopress.com\\\/blog\\\/wp-content\\\/uploads\\\/2017\\\/06\\\/solopress-logo-no-tagline@2x.png\",\"width\":428,\"height\":88,\"caption\":\"Solopress\"},\"image\":{\"@id\":\"https:\\\/\\\/www.solopress.com\\\/blog\\\/#\\\/schema\\\/logo\\\/image\\\/\"},\"sameAs\":[\"https:\\\/\\\/www.facebook.com\\\/Solopress\",\"https:\\\/\\\/x.com\\\/solopress\",\"https:\\\/\\\/instagram.com\\\/solopress\\\/\",\"https:\\\/\\\/www.linkedin.com\\\/company\\\/solopress\",\"https:\\\/\\\/uk.pinterest.com\\\/solopress\\\/\",\"https:\\\/\\\/www.youtube.com\\\/user\\\/solopress\"]},{\"@type\":\"Person\",\"@id\":\"https:\\\/\\\/www.solopress.com\\\/blog\\\/#\\\/schema\\\/person\\\/f8531403c74fe1b3ef14bcaeec1c8c41\",\"name\":\"Solopress\",\"image\":{\"@type\":\"ImageObject\",\"inLanguage\":\"ro-RO\",\"@id\":\"https:\\\/\\\/secure.gravatar.com\\\/avatar\\\/5012622dc5386d65dcc9cba9677e1adb69a824f7e61d6885446076b73d0a2544?s=96&r=g\",\"url\":\"https:\\\/\\\/secure.gravatar.com\\\/avatar\\\/5012622dc5386d65dcc9cba9677e1adb69a824f7e61d6885446076b73d0a2544?s=96&r=g\",\"contentUrl\":\"https:\\\/\\\/secure.gravatar.com\\\/avatar\\\/5012622dc5386d65dcc9cba9677e1adb69a824f7e61d6885446076b73d0a2544?s=96&r=g\",\"caption\":\"Solopress\"},\"sameAs\":[\"https:\\\/\\\/www.solopress.com\\\/\"],\"url\":\"https:\\\/\\\/www.solopress.com\\\/blog\\\/ro\\\/author\\\/solopress\\\/\"}]}<\/script>\n<!-- \/ Yoast SEO plugin. -->","yoast_head_json":{"title":"Inspira\u021bie de design: 80 de ani de afi\u0219e ale Marelui Premiu al Principatului Monaco","description":"\u00cenc\u0103 de la primul Mare Premiu al Principatului Monaco din 1929, pilo\u021bii \u0219i fanii curselor din \u00eentreaga lume au fost captiva\u021bi de aceast\u0103 curs\u0103 stradal\u0103 antrenant\u0103.","robots":{"index":"index","follow":"follow","max-snippet":"max-snippet:-1","max-image-preview":"max-image-preview:large","max-video-preview":"max-video-preview:-1"},"canonical":"https:\/\/www.solopress.com\/blog\/ro\/inspiratie-de-imprimare\/80-de-ani-de-afise-pentru-marele-premiu-monaco\/","og_locale":"ro_RO","og_type":"article","og_title":"Design Inspiration: 80 Years of Monaco Grand Prix Posters","og_description":"Ever since the first Monaco Grand Prix in 1929, drivers and racing fans the world over have been captivated by this exhilarating street race.","og_url":"https:\/\/www.solopress.com\/blog\/ro\/inspiratie-de-imprimare\/80-de-ani-de-afise-pentru-marele-premiu-monaco\/","og_site_name":"The Latest Print and Design News | Solopress","article_publisher":"https:\/\/www.facebook.com\/Solopress","article_published_time":"2013-01-18T16:34:39+00:00","article_modified_time":"2022-08-27T19:30:16+00:00","og_image":[{"width":421,"height":650,"url":"https:\/\/www.solopress.com\/blog\/wp-content\/uploads\/2013\/01\/monaco-grand-prix-poster-1933-solopress-printing-blog.jpg","type":"image\/jpeg"}],"author":"Solopress","twitter_card":"summary_large_image","twitter_creator":"@solopress","twitter_site":"@solopress","twitter_misc":{"Scris de":"Solopress","Timp estimat pentru citire":"6 minute"},"schema":{"@context":"https:\/\/schema.org","@graph":[{"@type":"Article","@id":"https:\/\/www.solopress.com\/blog\/print-inspiration\/80-years-of-monaco-grand-prix-posters\/#article","isPartOf":{"@id":"https:\/\/www.solopress.com\/blog\/print-inspiration\/80-years-of-monaco-grand-prix-posters\/"},"author":{"name":"Solopress","@id":"https:\/\/www.solopress.com\/blog\/#\/schema\/person\/f8531403c74fe1b3ef14bcaeec1c8c41"},"headline":"80 Years of Monaco Grand Prix Posters","datePublished":"2013-01-18T16:34:39+00:00","dateModified":"2022-08-27T19:30:16+00:00","mainEntityOfPage":{"@id":"https:\/\/www.solopress.com\/blog\/print-inspiration\/80-years-of-monaco-grand-prix-posters\/"},"wordCount":825,"commentCount":13,"publisher":{"@id":"https:\/\/www.solopress.com\/blog\/#organization"},"image":{"@id":"https:\/\/www.solopress.com\/blog\/print-inspiration\/80-years-of-monaco-grand-prix-posters\/#primaryimage"},"thumbnailUrl":"https:\/\/www.solopress.com\/blog\/wp-content\/uploads\/2013\/01\/monaco-grand-prix-poster-1933-solopress-printing-blog.jpg","keywords":["Posters"],"articleSection":["Print Inspiration"],"inLanguage":"ro-RO","potentialAction":[{"@type":"CommentAction","name":"Comment","target":["https:\/\/www.solopress.com\/blog\/print-inspiration\/80-years-of-monaco-grand-prix-posters\/#respond"]}]},{"@type":"WebPage","@id":"https:\/\/www.solopress.com\/blog\/print-inspiration\/80-years-of-monaco-grand-prix-posters\/","url":"https:\/\/www.solopress.com\/blog\/print-inspiration\/80-years-of-monaco-grand-prix-posters\/","name":"Inspira\u021bie de design: 80 de ani de afi\u0219e ale Marelui Premiu al Principatului Monaco","isPartOf":{"@id":"https:\/\/www.solopress.com\/blog\/#website"},"primaryImageOfPage":{"@id":"https:\/\/www.solopress.com\/blog\/print-inspiration\/80-years-of-monaco-grand-prix-posters\/#primaryimage"},"image":{"@id":"https:\/\/www.solopress.com\/blog\/print-inspiration\/80-years-of-monaco-grand-prix-posters\/#primaryimage"},"thumbnailUrl":"https:\/\/www.solopress.com\/blog\/wp-content\/uploads\/2013\/01\/monaco-grand-prix-poster-1933-solopress-printing-blog.jpg","datePublished":"2013-01-18T16:34:39+00:00","dateModified":"2022-08-27T19:30:16+00:00","description":"\u00cenc\u0103 de la primul Mare Premiu al Principatului Monaco din 1929, pilo\u021bii \u0219i fanii curselor din \u00eentreaga lume au fost captiva\u021bi de aceast\u0103 curs\u0103 stradal\u0103 antrenant\u0103.","breadcrumb":{"@id":"https:\/\/www.solopress.com\/blog\/print-inspiration\/80-years-of-monaco-grand-prix-posters\/#breadcrumb"},"inLanguage":"ro-RO","potentialAction":[{"@type":"ReadAction","target":["https:\/\/www.solopress.com\/blog\/print-inspiration\/80-years-of-monaco-grand-prix-posters\/"]}]},{"@type":"ImageObject","inLanguage":"ro-RO","@id":"https:\/\/www.solopress.com\/blog\/print-inspiration\/80-years-of-monaco-grand-prix-posters\/#primaryimage","url":"https:\/\/www.solopress.com\/blog\/wp-content\/uploads\/2013\/01\/monaco-grand-prix-poster-1933-solopress-printing-blog.jpg","contentUrl":"https:\/\/www.solopress.com\/blog\/wp-content\/uploads\/2013\/01\/monaco-grand-prix-poster-1933-solopress-printing-blog.jpg","width":421,"height":650,"caption":"Monaco Grand Prix poster 1933 in Solopress printing blog"},{"@type":"BreadcrumbList","@id":"https:\/\/www.solopress.com\/blog\/print-inspiration\/80-years-of-monaco-grand-prix-posters\/#breadcrumb","itemListElement":[{"@type":"ListItem","position":1,"name":"Blog","item":"https:\/\/www.solopress.com\/blog\/"},{"@type":"ListItem","position":2,"name":"80 Years of Monaco Grand Prix Posters"}]},{"@type":"WebSite","@id":"https:\/\/www.solopress.com\/blog\/#website","url":"https:\/\/www.solopress.com\/blog\/","name":"Ultimele nout\u0103\u021bi din domeniul imprim\u0103rii \u0219i designului | Solopress","description":"","publisher":{"@id":"https:\/\/www.solopress.com\/blog\/#organization"},"potentialAction":[{"@type":"SearchAction","target":{"@type":"EntryPoint","urlTemplate":"https:\/\/www.solopress.com\/blog\/?s={search_term_string}"},"query-input":{"@type":"PropertyValueSpecification","valueRequired":true,"valueName":"search_term_string"}}],"inLanguage":"ro-RO"},{"@type":"Organization","@id":"https:\/\/www.solopress.com\/blog\/#organization","name":"Solopress","url":"https:\/\/www.solopress.com\/blog\/","logo":{"@type":"ImageObject","inLanguage":"ro-RO","@id":"https:\/\/www.solopress.com\/blog\/#\/schema\/logo\/image\/","url":"https:\/\/www.solopress.com\/blog\/wp-content\/uploads\/2017\/06\/solopress-logo-no-tagline@2x.png","contentUrl":"https:\/\/www.solopress.com\/blog\/wp-content\/uploads\/2017\/06\/solopress-logo-no-tagline@2x.png","width":428,"height":88,"caption":"Solopress"},"image":{"@id":"https:\/\/www.solopress.com\/blog\/#\/schema\/logo\/image\/"},"sameAs":["https:\/\/www.facebook.com\/Solopress","https:\/\/x.com\/solopress","https:\/\/instagram.com\/solopress\/","https:\/\/www.linkedin.com\/company\/solopress","https:\/\/uk.pinterest.com\/solopress\/","https:\/\/www.youtube.com\/user\/solopress"]},{"@type":"Person","@id":"https:\/\/www.solopress.com\/blog\/#\/schema\/person\/f8531403c74fe1b3ef14bcaeec1c8c41","name":"Solopress","image":{"@type":"ImageObject","inLanguage":"ro-RO","@id":"https:\/\/secure.gravatar.com\/avatar\/5012622dc5386d65dcc9cba9677e1adb69a824f7e61d6885446076b73d0a2544?s=96&r=g","url":"https:\/\/secure.gravatar.com\/avatar\/5012622dc5386d65dcc9cba9677e1adb69a824f7e61d6885446076b73d0a2544?s=96&r=g","contentUrl":"https:\/\/secure.gravatar.com\/avatar\/5012622dc5386d65dcc9cba9677e1adb69a824f7e61d6885446076b73d0a2544?s=96&r=g","caption":"Solopress"},"sameAs":["https:\/\/www.solopress.com\/"],"url":"https:\/\/www.solopress.com\/blog\/ro\/author\/solopress\/"}]}},"jetpack_featured_media_url":"https:\/\/www.solopress.com\/blog\/wp-content\/uploads\/2013\/01\/monaco-grand-prix-poster-1933-solopress-printing-blog.jpg","_links":{"self":[{"href":"https:\/\/www.solopress.com\/blog\/ro\/wp-json\/wp\/v2\/posts\/6603","targetHints":{"allow":["GET"]}}],"collection":[{"href":"https:\/\/www.solopress.com\/blog\/ro\/wp-json\/wp\/v2\/posts"}],"about":[{"href":"https:\/\/www.solopress.com\/blog\/ro\/wp-json\/wp\/v2\/types\/post"}],"author":[{"embeddable":true,"href":"https:\/\/www.solopress.com\/blog\/ro\/wp-json\/wp\/v2\/users\/23"}],"replies":[{"embeddable":true,"href":"https:\/\/www.solopress.com\/blog\/ro\/wp-json\/wp\/v2\/comments?post=6603"}],"version-history":[{"count":5,"href":"https:\/\/www.solopress.com\/blog\/ro\/wp-json\/wp\/v2\/posts\/6603\/revisions"}],"predecessor-version":[{"id":72750,"href":"https:\/\/www.solopress.com\/blog\/ro\/wp-json\/wp\/v2\/posts\/6603\/revisions\/72750"}],"wp:featuredmedia":[{"embeddable":true,"href":"https:\/\/www.solopress.com\/blog\/ro\/wp-json\/wp\/v2\/media\/6605"}],"wp:attachment":[{"href":"https:\/\/www.solopress.com\/blog\/ro\/wp-json\/wp\/v2\/media?parent=6603"}],"wp:term":[{"taxonomy":"category","embeddable":true,"href":"https:\/\/www.solopress.com\/blog\/ro\/wp-json\/wp\/v2\/categories?post=6603"},{"taxonomy":"post_tag","embeddable":true,"href":"https:\/\/www.solopress.com\/blog\/ro\/wp-json\/wp\/v2\/tags?post=6603"}],"curies":[{"name":"wp","href":"https:\/\/api.w.org\/{rel}","templated":true}]}}