{"id":15852,"date":"2014-04-14T11:44:05","date_gmt":"2014-04-14T10:44:05","guid":{"rendered":"https:\/\/www.solopress.com\/blog\/?p=15852"},"modified":"2019-05-12T08:40:52","modified_gmt":"2019-05-12T07:40:52","slug":"renkli-dusun-kitap-kapagi-dokunuldugunda-renk-degistirir","status":"publish","type":"post","link":"https:\/\/www.solopress.com\/blog\/tr\/print-inspiration\/think-in-colour-book-cover-changes-colour-when-touched\/","title":{"rendered":"Think In Colour Kitap Kapa\u011f\u0131 Dokundu\u011funuzda Renk De\u011fi\u015ftiriyor"},"content":{"rendered":"<div id=\"bsf_rt_marker\"><\/div><p><!--more--><\/p>\n<h3><em>Br\u00fcksel'deki tasar\u0131m st\u00fcdyosu Visionandfactory'nin kurucusu Bel\u00e7ikal\u0131 grafik tasar\u0131mc\u0131 Hugo Puttaert, hepimizi <a title=\"Hugo Puttaert&#039;in \u00e7al\u0131\u015fmalar\u0131n\u0131 kutluyor\" href=\"http:\/\/www.thinkincolour.be\" target=\"_blank\" rel=\"noopener noreferrer\">Renkli D\u00fc\u015f\u00fcn<\/a> son kitab\u0131nda.<\/em><\/h3>\n<p><img loading=\"lazy\" decoding=\"async\" class=\"aligncenter size-full wp-image-15854\" src=\"https:\/\/www.solopress.com\/blog\/wp-content\/uploads\/2014\/04\/think-in-colour-book-covers.jpg\" alt=\"Renkli D\u00fc\u015f\u00fcn kitap kapaklar\u0131\" width=\"650\" height=\"459\" \/><\/p>\n<p>Grafik tasar\u0131mc\u0131lar\u0131n etkili \u00e7al\u0131\u015fmalar\u0131na g\u00f6rsel bir yolculuk <strong>Hugo Puttaert<\/strong> bu da bizi <strong>Renkli D\u00fc\u015f\u00fcn<\/strong>Bu yeni kitab\u0131n kapa\u011f\u0131 bile y\u00fczeyi ovuldu\u011funda renklere b\u00fcr\u00fcn\u00fcyor.<\/p>\n<p>Hugo Puttaert ve Visionandfactory, st\u00fcdyonun kuruldu\u011fu 1990 y\u0131l\u0131ndan bu yana \u00e7ok \u00e7e\u015fitli i\u015fletmeler ve k\u00fclt\u00fcrel kurulu\u015flar i\u00e7in tasar\u0131mc\u0131 ve dan\u0131\u015fman olarak \u00e7al\u0131\u015fm\u0131\u015ft\u0131r. Puttaert ayn\u0131 zamanda Antwerp'teki Sint Lucas \u00dcniversitesi Sanat ve Tasar\u0131m Fak\u00fcltesi'nde profes\u00f6rd\u00fcr ve Bel\u00e7ika ve di\u011fer \u00fclkelerdeki en yeni grafik tasar\u0131mlara odaklanan Addmagazine.be dergisinin genel yay\u0131n y\u00f6netmeni ve yarat\u0131c\u0131 y\u00f6netmenidir.<\/p>\n<p>Hugo Puttaert tasar\u0131mdan bahsederken, \"\u00c7o\u011fu zaman tasar\u0131m, herhangi bir \u015feyin pazarlanmas\u0131n\u0131 kolayla\u015ft\u0131rmak i\u00e7in sadece modaya uygun bir kayganla\u015ft\u0131r\u0131c\u0131 olarak kullan\u0131l\u0131yor\" diyor. \"Ama asl\u0131nda tasar\u0131m \u00fcr\u00fcnle ilgili de\u011fil, eylemle ilgilidir.\"<\/p>\n<p>MER Paper Kunsthalle taraf\u0131ndan yay\u0131mlanan Think in Colour 45 \u20ac (ISBN 978-94-9177-518-5) fiyatla \u00e7\u0131kt\u0131.<\/p>\n<p><img loading=\"lazy\" decoding=\"async\" class=\"aligncenter size-full wp-image-15855\" src=\"https:\/\/www.solopress.com\/blog\/wp-content\/uploads\/2014\/04\/think-in-colour-changing-colours-book-covers.jpg\" alt=\"Renk de\u011fi\u015ftiren kitap kapaklar\u0131\" width=\"650\" height=\"433\" \/><\/p>\n<p><img loading=\"lazy\" decoding=\"async\" class=\"aligncenter size-full wp-image-15856\" src=\"https:\/\/www.solopress.com\/blog\/wp-content\/uploads\/2014\/04\/think-in-colour-inside-pages.jpg\" alt=\"Renkli D\u00fc\u015f\u00fcn kitab\u0131n\u0131n i\u00e7 sayfalar\u0131\" width=\"650\" height=\"433\" \/><\/p>\n<p><img loading=\"lazy\" decoding=\"async\" class=\"aligncenter size-full wp-image-15857\" src=\"https:\/\/www.solopress.com\/blog\/wp-content\/uploads\/2014\/04\/think-in-colour-covers.jpg\" alt=\"Renkli D\u00fc\u015f\u00fcn kitab\u0131n\u0131n kapaklar\u0131\" width=\"650\" height=\"433\" \/><\/p>","protected":false},"excerpt":{"rendered":"","protected":false},"author":23,"featured_media":15854,"comment_status":"open","ping_status":"open","sticky":false,"template":"","format":"standard","meta":{"_acf_changed":false,"tdm_status":"","tdm_grid_status":"","footnotes":""},"categories":[544],"tags":[],"class_list":{"0":"post-15852","1":"post","2":"type-post","3":"status-publish","4":"format-standard","5":"has-post-thumbnail","7":"category-print-inspiration"},"acf":[],"yoast_head":"<!-- This site is optimized with the Yoast SEO plugin v27.4 - https:\/\/yoast.com\/product\/yoast-seo-wordpress\/ -->\n<title>Think In Colour Book Cover Changes Colour When Touched - Solopress<\/title>\n<meta name=\"description\" content=\"Belgian graphic designer Hugo Puttaert, founder of the design studio Visionandfactory in Brussels, urges all of us to Think in Colour in his latest book.\" \/>\n<meta name=\"robots\" content=\"index, follow, max-snippet:-1, max-image-preview:large, max-video-preview:-1\" \/>\n<link rel=\"canonical\" href=\"https:\/\/www.solopress.com\/blog\/tr\/baski-ilhami\/renkli-dusun-kitap-kapagi-dokunuldugunda-renk-degistirir\/\" \/>\n<meta property=\"og:locale\" content=\"tr_TR\" \/>\n<meta property=\"og:type\" content=\"article\" \/>\n<meta property=\"og:title\" content=\"Think In Colour Book Cover Changes Colour When Touched - Solopress\" \/>\n<meta property=\"og:description\" content=\"Belgian graphic designer Hugo Puttaert, founder of the design studio Visionandfactory in Brussels, urges all of us to Think in Colour in his latest book.\" \/>\n<meta property=\"og:url\" content=\"https:\/\/www.solopress.com\/blog\/tr\/baski-ilhami\/renkli-dusun-kitap-kapagi-dokunuldugunda-renk-degistirir\/\" \/>\n<meta property=\"og:site_name\" content=\"The Latest Print and Design News | Solopress\" \/>\n<meta property=\"article:publisher\" content=\"https:\/\/www.facebook.com\/Solopress\" \/>\n<meta property=\"article:published_time\" content=\"2014-04-14T10:44:05+00:00\" \/>\n<meta property=\"article:modified_time\" content=\"2019-05-12T07:40:52+00:00\" \/>\n<meta property=\"og:image\" content=\"https:\/\/www.solopress.com\/blog\/wp-content\/uploads\/2014\/04\/think-in-colour-book-covers.jpg\" \/>\n\t<meta property=\"og:image:width\" content=\"650\" \/>\n\t<meta property=\"og:image:height\" content=\"459\" \/>\n\t<meta property=\"og:image:type\" content=\"image\/jpeg\" \/>\n<meta name=\"author\" content=\"Solopress\" \/>\n<meta name=\"twitter:card\" content=\"summary_large_image\" \/>\n<meta name=\"twitter:creator\" content=\"@solopress\" \/>\n<meta name=\"twitter:site\" content=\"@solopress\" \/>\n<meta name=\"twitter:label1\" content=\"Yazan:\" \/>\n\t<meta name=\"twitter:data1\" content=\"Solopress\" \/>\n\t<meta name=\"twitter:label2\" content=\"Tahmini okuma s\u00fcresi\" \/>\n\t<meta name=\"twitter:data2\" content=\"1 dakika\" \/>\n<script type=\"application\/ld+json\" class=\"yoast-schema-graph\">{\"@context\":\"https:\\\/\\\/schema.org\",\"@graph\":[{\"@type\":\"Article\",\"@id\":\"https:\\\/\\\/www.solopress.com\\\/blog\\\/print-inspiration\\\/think-in-colour-book-cover-changes-colour-when-touched\\\/#article\",\"isPartOf\":{\"@id\":\"https:\\\/\\\/www.solopress.com\\\/blog\\\/print-inspiration\\\/think-in-colour-book-cover-changes-colour-when-touched\\\/\"},\"author\":{\"name\":\"Solopress\",\"@id\":\"https:\\\/\\\/www.solopress.com\\\/blog\\\/#\\\/schema\\\/person\\\/f8531403c74fe1b3ef14bcaeec1c8c41\"},\"headline\":\"Think In Colour Book Cover Changes Colour When You Touch It\",\"datePublished\":\"2014-04-14T10:44:05+00:00\",\"dateModified\":\"2019-05-12T07:40:52+00:00\",\"mainEntityOfPage\":{\"@id\":\"https:\\\/\\\/www.solopress.com\\\/blog\\\/print-inspiration\\\/think-in-colour-book-cover-changes-colour-when-touched\\\/\"},\"wordCount\":187,\"commentCount\":1,\"publisher\":{\"@id\":\"https:\\\/\\\/www.solopress.com\\\/blog\\\/#organization\"},\"image\":{\"@id\":\"https:\\\/\\\/www.solopress.com\\\/blog\\\/print-inspiration\\\/think-in-colour-book-cover-changes-colour-when-touched\\\/#primaryimage\"},\"thumbnailUrl\":\"https:\\\/\\\/www.solopress.com\\\/blog\\\/wp-content\\\/uploads\\\/2014\\\/04\\\/think-in-colour-book-covers.jpg\",\"articleSection\":[\"Print Inspiration\"],\"inLanguage\":\"tr\",\"potentialAction\":[{\"@type\":\"CommentAction\",\"name\":\"Comment\",\"target\":[\"https:\\\/\\\/www.solopress.com\\\/blog\\\/print-inspiration\\\/think-in-colour-book-cover-changes-colour-when-touched\\\/#respond\"]}]},{\"@type\":\"WebPage\",\"@id\":\"https:\\\/\\\/www.solopress.com\\\/blog\\\/print-inspiration\\\/think-in-colour-book-cover-changes-colour-when-touched\\\/\",\"url\":\"https:\\\/\\\/www.solopress.com\\\/blog\\\/print-inspiration\\\/think-in-colour-book-cover-changes-colour-when-touched\\\/\",\"name\":\"Think In Colour Book Cover Changes Colour When Touched - Solopress\",\"isPartOf\":{\"@id\":\"https:\\\/\\\/www.solopress.com\\\/blog\\\/#website\"},\"primaryImageOfPage\":{\"@id\":\"https:\\\/\\\/www.solopress.com\\\/blog\\\/print-inspiration\\\/think-in-colour-book-cover-changes-colour-when-touched\\\/#primaryimage\"},\"image\":{\"@id\":\"https:\\\/\\\/www.solopress.com\\\/blog\\\/print-inspiration\\\/think-in-colour-book-cover-changes-colour-when-touched\\\/#primaryimage\"},\"thumbnailUrl\":\"https:\\\/\\\/www.solopress.com\\\/blog\\\/wp-content\\\/uploads\\\/2014\\\/04\\\/think-in-colour-book-covers.jpg\",\"datePublished\":\"2014-04-14T10:44:05+00:00\",\"dateModified\":\"2019-05-12T07:40:52+00:00\",\"description\":\"Belgian graphic designer Hugo Puttaert, founder of the design studio Visionandfactory in Brussels, urges all of us to Think in Colour in his latest book.\",\"breadcrumb\":{\"@id\":\"https:\\\/\\\/www.solopress.com\\\/blog\\\/print-inspiration\\\/think-in-colour-book-cover-changes-colour-when-touched\\\/#breadcrumb\"},\"inLanguage\":\"tr\",\"potentialAction\":[{\"@type\":\"ReadAction\",\"target\":[\"https:\\\/\\\/www.solopress.com\\\/blog\\\/print-inspiration\\\/think-in-colour-book-cover-changes-colour-when-touched\\\/\"]}]},{\"@type\":\"ImageObject\",\"inLanguage\":\"tr\",\"@id\":\"https:\\\/\\\/www.solopress.com\\\/blog\\\/print-inspiration\\\/think-in-colour-book-cover-changes-colour-when-touched\\\/#primaryimage\",\"url\":\"https:\\\/\\\/www.solopress.com\\\/blog\\\/wp-content\\\/uploads\\\/2014\\\/04\\\/think-in-colour-book-covers.jpg\",\"contentUrl\":\"https:\\\/\\\/www.solopress.com\\\/blog\\\/wp-content\\\/uploads\\\/2014\\\/04\\\/think-in-colour-book-covers.jpg\",\"width\":650,\"height\":459,\"caption\":\"Think in Colour book covers\"},{\"@type\":\"BreadcrumbList\",\"@id\":\"https:\\\/\\\/www.solopress.com\\\/blog\\\/print-inspiration\\\/think-in-colour-book-cover-changes-colour-when-touched\\\/#breadcrumb\",\"itemListElement\":[{\"@type\":\"ListItem\",\"position\":1,\"name\":\"Blog\",\"item\":\"https:\\\/\\\/www.solopress.com\\\/blog\\\/\"},{\"@type\":\"ListItem\",\"position\":2,\"name\":\"Think In Colour Book Cover Changes Colour When You Touch It\"}]},{\"@type\":\"WebSite\",\"@id\":\"https:\\\/\\\/www.solopress.com\\\/blog\\\/#website\",\"url\":\"https:\\\/\\\/www.solopress.com\\\/blog\\\/\",\"name\":\"The Latest Print and Design News | Solopress\",\"description\":\"\",\"publisher\":{\"@id\":\"https:\\\/\\\/www.solopress.com\\\/blog\\\/#organization\"},\"potentialAction\":[{\"@type\":\"SearchAction\",\"target\":{\"@type\":\"EntryPoint\",\"urlTemplate\":\"https:\\\/\\\/www.solopress.com\\\/blog\\\/?s={search_term_string}\"},\"query-input\":{\"@type\":\"PropertyValueSpecification\",\"valueRequired\":true,\"valueName\":\"search_term_string\"}}],\"inLanguage\":\"tr\"},{\"@type\":\"Organization\",\"@id\":\"https:\\\/\\\/www.solopress.com\\\/blog\\\/#organization\",\"name\":\"Solopress\",\"url\":\"https:\\\/\\\/www.solopress.com\\\/blog\\\/\",\"logo\":{\"@type\":\"ImageObject\",\"inLanguage\":\"tr\",\"@id\":\"https:\\\/\\\/www.solopress.com\\\/blog\\\/#\\\/schema\\\/logo\\\/image\\\/\",\"url\":\"https:\\\/\\\/www.solopress.com\\\/blog\\\/wp-content\\\/uploads\\\/2017\\\/06\\\/solopress-logo-no-tagline@2x.png\",\"contentUrl\":\"https:\\\/\\\/www.solopress.com\\\/blog\\\/wp-content\\\/uploads\\\/2017\\\/06\\\/solopress-logo-no-tagline@2x.png\",\"width\":428,\"height\":88,\"caption\":\"Solopress\"},\"image\":{\"@id\":\"https:\\\/\\\/www.solopress.com\\\/blog\\\/#\\\/schema\\\/logo\\\/image\\\/\"},\"sameAs\":[\"https:\\\/\\\/www.facebook.com\\\/Solopress\",\"https:\\\/\\\/x.com\\\/solopress\",\"https:\\\/\\\/instagram.com\\\/solopress\\\/\",\"https:\\\/\\\/www.linkedin.com\\\/company\\\/solopress\",\"https:\\\/\\\/uk.pinterest.com\\\/solopress\\\/\",\"https:\\\/\\\/www.youtube.com\\\/user\\\/solopress\"]},{\"@type\":\"Person\",\"@id\":\"https:\\\/\\\/www.solopress.com\\\/blog\\\/#\\\/schema\\\/person\\\/f8531403c74fe1b3ef14bcaeec1c8c41\",\"name\":\"Solopress\",\"image\":{\"@type\":\"ImageObject\",\"inLanguage\":\"tr\",\"@id\":\"https:\\\/\\\/secure.gravatar.com\\\/avatar\\\/5012622dc5386d65dcc9cba9677e1adb69a824f7e61d6885446076b73d0a2544?s=96&r=g\",\"url\":\"https:\\\/\\\/secure.gravatar.com\\\/avatar\\\/5012622dc5386d65dcc9cba9677e1adb69a824f7e61d6885446076b73d0a2544?s=96&r=g\",\"contentUrl\":\"https:\\\/\\\/secure.gravatar.com\\\/avatar\\\/5012622dc5386d65dcc9cba9677e1adb69a824f7e61d6885446076b73d0a2544?s=96&r=g\",\"caption\":\"Solopress\"},\"sameAs\":[\"https:\\\/\\\/www.solopress.com\\\/\"],\"url\":\"https:\\\/\\\/www.solopress.com\\\/blog\\\/tr\\\/author\\\/solopress\\\/\"}]}<\/script>\n<!-- \/ Yoast SEO plugin. -->","yoast_head_json":{"title":"Think In Colour Kitap Kapa\u011f\u0131 Dokunuldu\u011funda Renk De\u011fi\u015ftiriyor - Solopress","description":"Br\u00fcksel'deki tasar\u0131m st\u00fcdyosu Visionandfactory'nin kurucusu Bel\u00e7ikal\u0131 grafik tasar\u0131mc\u0131 Hugo Puttaert, son kitab\u0131nda hepimizi Renkli D\u00fc\u015f\u00fcnmeye \u00e7a\u011f\u0131r\u0131yor.","robots":{"index":"index","follow":"follow","max-snippet":"max-snippet:-1","max-image-preview":"max-image-preview:large","max-video-preview":"max-video-preview:-1"},"canonical":"https:\/\/www.solopress.com\/blog\/tr\/baski-ilhami\/renkli-dusun-kitap-kapagi-dokunuldugunda-renk-degistirir\/","og_locale":"tr_TR","og_type":"article","og_title":"Think In Colour Book Cover Changes Colour When Touched - Solopress","og_description":"Belgian graphic designer Hugo Puttaert, founder of the design studio Visionandfactory in Brussels, urges all of us to Think in Colour in his latest book.","og_url":"https:\/\/www.solopress.com\/blog\/tr\/baski-ilhami\/renkli-dusun-kitap-kapagi-dokunuldugunda-renk-degistirir\/","og_site_name":"The Latest Print and Design News | Solopress","article_publisher":"https:\/\/www.facebook.com\/Solopress","article_published_time":"2014-04-14T10:44:05+00:00","article_modified_time":"2019-05-12T07:40:52+00:00","og_image":[{"width":650,"height":459,"url":"https:\/\/www.solopress.com\/blog\/wp-content\/uploads\/2014\/04\/think-in-colour-book-covers.jpg","type":"image\/jpeg"}],"author":"Solopress","twitter_card":"summary_large_image","twitter_creator":"@solopress","twitter_site":"@solopress","twitter_misc":{"Yazan:":"Solopress","Tahmini okuma s\u00fcresi":"1 dakika"},"schema":{"@context":"https:\/\/schema.org","@graph":[{"@type":"Article","@id":"https:\/\/www.solopress.com\/blog\/print-inspiration\/think-in-colour-book-cover-changes-colour-when-touched\/#article","isPartOf":{"@id":"https:\/\/www.solopress.com\/blog\/print-inspiration\/think-in-colour-book-cover-changes-colour-when-touched\/"},"author":{"name":"Solopress","@id":"https:\/\/www.solopress.com\/blog\/#\/schema\/person\/f8531403c74fe1b3ef14bcaeec1c8c41"},"headline":"Think In Colour Book Cover Changes Colour When You Touch It","datePublished":"2014-04-14T10:44:05+00:00","dateModified":"2019-05-12T07:40:52+00:00","mainEntityOfPage":{"@id":"https:\/\/www.solopress.com\/blog\/print-inspiration\/think-in-colour-book-cover-changes-colour-when-touched\/"},"wordCount":187,"commentCount":1,"publisher":{"@id":"https:\/\/www.solopress.com\/blog\/#organization"},"image":{"@id":"https:\/\/www.solopress.com\/blog\/print-inspiration\/think-in-colour-book-cover-changes-colour-when-touched\/#primaryimage"},"thumbnailUrl":"https:\/\/www.solopress.com\/blog\/wp-content\/uploads\/2014\/04\/think-in-colour-book-covers.jpg","articleSection":["Print Inspiration"],"inLanguage":"tr","potentialAction":[{"@type":"CommentAction","name":"Comment","target":["https:\/\/www.solopress.com\/blog\/print-inspiration\/think-in-colour-book-cover-changes-colour-when-touched\/#respond"]}]},{"@type":"WebPage","@id":"https:\/\/www.solopress.com\/blog\/print-inspiration\/think-in-colour-book-cover-changes-colour-when-touched\/","url":"https:\/\/www.solopress.com\/blog\/print-inspiration\/think-in-colour-book-cover-changes-colour-when-touched\/","name":"Think In Colour Kitap Kapa\u011f\u0131 Dokunuldu\u011funda Renk De\u011fi\u015ftiriyor - Solopress","isPartOf":{"@id":"https:\/\/www.solopress.com\/blog\/#website"},"primaryImageOfPage":{"@id":"https:\/\/www.solopress.com\/blog\/print-inspiration\/think-in-colour-book-cover-changes-colour-when-touched\/#primaryimage"},"image":{"@id":"https:\/\/www.solopress.com\/blog\/print-inspiration\/think-in-colour-book-cover-changes-colour-when-touched\/#primaryimage"},"thumbnailUrl":"https:\/\/www.solopress.com\/blog\/wp-content\/uploads\/2014\/04\/think-in-colour-book-covers.jpg","datePublished":"2014-04-14T10:44:05+00:00","dateModified":"2019-05-12T07:40:52+00:00","description":"Br\u00fcksel'deki tasar\u0131m st\u00fcdyosu Visionandfactory'nin kurucusu Bel\u00e7ikal\u0131 grafik tasar\u0131mc\u0131 Hugo Puttaert, son kitab\u0131nda hepimizi Renkli D\u00fc\u015f\u00fcnmeye \u00e7a\u011f\u0131r\u0131yor.","breadcrumb":{"@id":"https:\/\/www.solopress.com\/blog\/print-inspiration\/think-in-colour-book-cover-changes-colour-when-touched\/#breadcrumb"},"inLanguage":"tr","potentialAction":[{"@type":"ReadAction","target":["https:\/\/www.solopress.com\/blog\/print-inspiration\/think-in-colour-book-cover-changes-colour-when-touched\/"]}]},{"@type":"ImageObject","inLanguage":"tr","@id":"https:\/\/www.solopress.com\/blog\/print-inspiration\/think-in-colour-book-cover-changes-colour-when-touched\/#primaryimage","url":"https:\/\/www.solopress.com\/blog\/wp-content\/uploads\/2014\/04\/think-in-colour-book-covers.jpg","contentUrl":"https:\/\/www.solopress.com\/blog\/wp-content\/uploads\/2014\/04\/think-in-colour-book-covers.jpg","width":650,"height":459,"caption":"Think in Colour book covers"},{"@type":"BreadcrumbList","@id":"https:\/\/www.solopress.com\/blog\/print-inspiration\/think-in-colour-book-cover-changes-colour-when-touched\/#breadcrumb","itemListElement":[{"@type":"ListItem","position":1,"name":"Blog","item":"https:\/\/www.solopress.com\/blog\/"},{"@type":"ListItem","position":2,"name":"Think In Colour Book Cover Changes Colour When You Touch It"}]},{"@type":"WebSite","@id":"https:\/\/www.solopress.com\/blog\/#website","url":"https:\/\/www.solopress.com\/blog\/","name":"En Son Bask\u0131 ve Tasar\u0131m Haberleri | Solopress","description":"","publisher":{"@id":"https:\/\/www.solopress.com\/blog\/#organization"},"potentialAction":[{"@type":"SearchAction","target":{"@type":"EntryPoint","urlTemplate":"https:\/\/www.solopress.com\/blog\/?s={search_term_string}"},"query-input":{"@type":"PropertyValueSpecification","valueRequired":true,"valueName":"search_term_string"}}],"inLanguage":"tr"},{"@type":"Organization","@id":"https:\/\/www.solopress.com\/blog\/#organization","name":"Solopress","url":"https:\/\/www.solopress.com\/blog\/","logo":{"@type":"ImageObject","inLanguage":"tr","@id":"https:\/\/www.solopress.com\/blog\/#\/schema\/logo\/image\/","url":"https:\/\/www.solopress.com\/blog\/wp-content\/uploads\/2017\/06\/solopress-logo-no-tagline@2x.png","contentUrl":"https:\/\/www.solopress.com\/blog\/wp-content\/uploads\/2017\/06\/solopress-logo-no-tagline@2x.png","width":428,"height":88,"caption":"Solopress"},"image":{"@id":"https:\/\/www.solopress.com\/blog\/#\/schema\/logo\/image\/"},"sameAs":["https:\/\/www.facebook.com\/Solopress","https:\/\/x.com\/solopress","https:\/\/instagram.com\/solopress\/","https:\/\/www.linkedin.com\/company\/solopress","https:\/\/uk.pinterest.com\/solopress\/","https:\/\/www.youtube.com\/user\/solopress"]},{"@type":"Person","@id":"https:\/\/www.solopress.com\/blog\/#\/schema\/person\/f8531403c74fe1b3ef14bcaeec1c8c41","name":"Solopress","image":{"@type":"ImageObject","inLanguage":"tr","@id":"https:\/\/secure.gravatar.com\/avatar\/5012622dc5386d65dcc9cba9677e1adb69a824f7e61d6885446076b73d0a2544?s=96&r=g","url":"https:\/\/secure.gravatar.com\/avatar\/5012622dc5386d65dcc9cba9677e1adb69a824f7e61d6885446076b73d0a2544?s=96&r=g","contentUrl":"https:\/\/secure.gravatar.com\/avatar\/5012622dc5386d65dcc9cba9677e1adb69a824f7e61d6885446076b73d0a2544?s=96&r=g","caption":"Solopress"},"sameAs":["https:\/\/www.solopress.com\/"],"url":"https:\/\/www.solopress.com\/blog\/tr\/author\/solopress\/"}]}},"jetpack_featured_media_url":"https:\/\/www.solopress.com\/blog\/wp-content\/uploads\/2014\/04\/think-in-colour-book-covers.jpg","_links":{"self":[{"href":"https:\/\/www.solopress.com\/blog\/tr\/wp-json\/wp\/v2\/posts\/15852","targetHints":{"allow":["GET"]}}],"collection":[{"href":"https:\/\/www.solopress.com\/blog\/tr\/wp-json\/wp\/v2\/posts"}],"about":[{"href":"https:\/\/www.solopress.com\/blog\/tr\/wp-json\/wp\/v2\/types\/post"}],"author":[{"embeddable":true,"href":"https:\/\/www.solopress.com\/blog\/tr\/wp-json\/wp\/v2\/users\/23"}],"replies":[{"embeddable":true,"href":"https:\/\/www.solopress.com\/blog\/tr\/wp-json\/wp\/v2\/comments?post=15852"}],"version-history":[{"count":5,"href":"https:\/\/www.solopress.com\/blog\/tr\/wp-json\/wp\/v2\/posts\/15852\/revisions"}],"predecessor-version":[{"id":57512,"href":"https:\/\/www.solopress.com\/blog\/tr\/wp-json\/wp\/v2\/posts\/15852\/revisions\/57512"}],"wp:featuredmedia":[{"embeddable":true,"href":"https:\/\/www.solopress.com\/blog\/tr\/wp-json\/wp\/v2\/media\/15854"}],"wp:attachment":[{"href":"https:\/\/www.solopress.com\/blog\/tr\/wp-json\/wp\/v2\/media?parent=15852"}],"wp:term":[{"taxonomy":"category","embeddable":true,"href":"https:\/\/www.solopress.com\/blog\/tr\/wp-json\/wp\/v2\/categories?post=15852"},{"taxonomy":"post_tag","embeddable":true,"href":"https:\/\/www.solopress.com\/blog\/tr\/wp-json\/wp\/v2\/tags?post=15852"}],"curies":[{"name":"wp","href":"https:\/\/api.w.org\/{rel}","templated":true}]}}