{"id":66284,"date":"2020-01-28T08:16:59","date_gmt":"2020-01-28T08:16:59","guid":{"rendered":"https:\/\/www.solopress.com\/blog\/?p=66284"},"modified":"2021-04-26T06:50:18","modified_gmt":"2021-04-26T05:50:18","slug":"illustratorda-degrade-araci-nasil-kullanilir","status":"publish","type":"post","link":"https:\/\/www.solopress.com\/blog\/tr\/tutorials\/how-to-use-the-gradient-tool-in-illustrator\/","title":{"rendered":"Illustrator'da degrade arac\u0131 nas\u0131l kullan\u0131l\u0131r?"},"content":{"rendered":"<div id=\"bsf_rt_marker\"><\/div><p>Illustrator'da degrade arac\u0131n\u0131n nas\u0131l kullan\u0131laca\u011f\u0131na bir g\u00f6z at\u0131yoruz. Vekt\u00f6r nesnelerine degrade efektleri uygulamay\u0131 ve degrade niteliklerini de\u011fi\u015ftirmeyi \u00f6\u011freneceksiniz.<\/p>\n<ol>\n<li>Illustrator'da \u015fekil olu\u015fturma<\/li>\n<li>Ara\u00e7 kutunuzdan Degrade Arac\u0131'n\u0131 se\u00e7in<\/li>\n<li>Ekran\u0131n sa\u011f taraf\u0131ndaki \"G\u00f6r\u00fcn\u00fcm\" alt\u0131nda yer alan \"Doldur\" kutusuna gidin<\/li>\n<li>Bu, Degrade Arac\u0131 i\u00e7in ayarlar kutusunu a\u00e7ar<\/li>\n<li>\"Tip:\" alan\u0131nda do\u011frusal, radyal veya serbest bi\u00e7imli gradyanlar aras\u0131ndan se\u00e7im yap\u0131n<\/li>\n<li>Aralar\u0131nda ge\u00e7i\u015f yapmak istedi\u011finiz renkleri se\u00e7mek i\u00e7in degrade \u00e7ubu\u011funun her iki ucundaki dairelere \u00e7ift t\u0131klay\u0131n<\/li>\n<li>Degradeyi uygulamak i\u00e7in \u015feklinizin i\u00e7ine t\u0131klay\u0131n<\/li>\n<li>Alternatif olarak, degradenin uzunlu\u011funu ve a\u00e7\u0131s\u0131n\u0131 tan\u0131mlamak i\u00e7in degrade arac\u0131yla bir \u00e7izgi \u00e7izin<\/li>\n<\/ol>\n<p>Illustrator'da degrade uygularken kullan\u0131labilecek se\u00e7enekleri daha derinlemesine incelemek i\u00e7in e\u011fitim videomuzu izleyin.<\/p>\n<p>Illustrator, dijital tasar\u0131mc\u0131lar\u0131n bas\u0131l\u0131 materyallerinizin kalabal\u0131ktan s\u0131yr\u0131lmas\u0131n\u0131 sa\u011flayacak benzersiz vekt\u00f6r grafikleri olu\u015fturmas\u0131na ve d\u00fczenlemesine olanak tan\u0131r. Bask\u0131da harika bir f\u0131rsat ve \u00fccretsiz \u0130ngiltere teslimat\u0131 i\u00e7in \u015fu adresi ziyaret edin <a href=\"https:\/\/www.solopress.com\/blog\/tr\/\">Solopress<\/a>.<\/p>\n<h2><strong>Video E\u011fitimi: Illustrator'da degrade arac\u0131 nas\u0131l kullan\u0131l\u0131r?<\/strong><\/h2>\n<p><iframe loading=\"lazy\" src=\"https:\/\/www.youtube.com\/embed\/oFZQHxS4BaM?rel=0\" width=\"675\" height=\"378\" frameborder=\"0\" allowfullscreen=\"allowfullscreen\"><\/iframe><\/p>\n<p>E\u011fitim serimiz, pratik dijital tasar\u0131m tavsiyeleriyle dolu video i\u00e7erikleri sunuyor. YouTube kanal\u0131m\u0131za abone olarak hi\u00e7bir dersi ka\u00e7\u0131rmayacaks\u0131n\u0131z.<\/p>\n<p><a href=\"https:\/\/www.youtube.com\/solopress?sub_confirmation=1\" target=\"_blank\" rel=\"https:\/\/www.youtube.com\/solopress?sub_confirmation=1 noopener noreferrer\"><img loading=\"lazy\" decoding=\"async\" class=\"alignnone wp-image-66137 ls-is-cached lazyloaded\" src=\"https:\/\/www.solopress.com\/blog\/wp-content\/uploads\/2020\/01\/subscribe.png\" alt=\"abone ol butonu\" width=\"157\" height=\"48\" data-src=\"https:\/\/www.solopress.com\/blog\/wp-content\/uploads\/2020\/01\/subscribe.png\" \/><\/a><\/p>\n<h2><strong>Video Transkripsiyonu<\/strong><\/h2>\n<h3><strong>Illustrator'da degrade arac\u0131 nas\u0131l kullan\u0131l\u0131r?<\/strong><\/h3>\n<p>Herkese merhaba,<\/p>\n<p>Ben Solopress'ten Dan ve Grafik Tasar\u0131m e\u011fitim serimizin bir par\u00e7as\u0131 olarak Illustrator'da degrade arac\u0131n\u0131n nas\u0131l kullan\u0131laca\u011f\u0131na ili\u015fkin e\u011fitimimize ho\u015f geldiniz.<\/p>\n<p>\u00c7ok say\u0131da \u00fccretsiz tasar\u0131m i\u00e7eri\u011fi olu\u015fturuyoruz, bu nedenle y\u00fckledi\u011fimiz i\u00e7eriklerden haberdar olmak i\u00e7in abone ol ve zil simgesine t\u0131klad\u0131\u011f\u0131n\u0131zdan emin olun.<\/p>\n<p>Bu basit bir i\u015flemdir ve ilk olarak Illustrator dosyam\u0131zda bir \u015fekil olu\u015fturarak ba\u015flayaca\u011f\u0131z.<\/p>\n<p>\u00d6rnek olarak, Dikd\u00f6rtgen arac\u0131n\u0131 kullanarak ve \u00e7izerken shift tu\u015funu bas\u0131l\u0131 tutarak bir \u015fekil olu\u015fturaca\u011f\u0131m. Ekran\u0131n sol taraf\u0131ndaki degrade paneline gidin ve se\u00e7mek i\u00e7in t\u0131klay\u0131n.<\/p>\n<p>Daha sonra t\u0131klay\u0131p bas\u0131l\u0131 tutarak kutu boyunca bir \u00e7izgi \u00e7izece\u011fim ve b\u0131rakt\u0131\u011f\u0131mda Illustrator d\u00fczg\u00fcn bir siyah-beyaz gradyan olu\u015fturmu\u015f olacak.<\/p>\n<p>Ayarlar\u0131n\u0131za ba\u011fl\u0131 olarak, ekran\u0131n\u0131zda herhangi bir se\u00e7enek g\u00f6r\u00fcnmeyebilir. Bunu d\u00fczeltmek i\u00e7in sa\u011f taraftaki dolgu kutusuna gidin ve k\u00fc\u00e7\u00fck bir ayar kutusu a\u00e7mak i\u00e7in \"Gradyan Se\u00e7enekleri \"ne t\u0131klay\u0131n.<\/p>\n<p>\u0130lk olarak, \u00e7izgi \u00e7izmenin nas\u0131l bir\u00e7ok farkl\u0131 degrade stili olu\u015fturabilece\u011finden bahsedece\u011fiz. Degrade arac\u0131n\u0131 etkin tutarsak ve k\u0131sa bir \u00e7izgi \u00e7izersek, degrade k\u0131sa bir mesafe boyunca olu\u015facakt\u0131r. \u00c7\u0131kar\u0131m g\u00fcc\u00fcyle, bu ayn\u0131 zamanda daha uzun bir \u00e7izginin daha uzun bir degrade olu\u015fturaca\u011f\u0131 anlam\u0131na gelir. Ayr\u0131ca ilk olu\u015ftururken a\u00e7\u0131y\u0131 da de\u011fi\u015ftirebiliriz.<\/p>\n<p>\u00c7izginizin hangi y\u00f6ne bakt\u0131\u011f\u0131n\u0131 de\u011fi\u015ftirerek, degradenin a\u00e7\u0131s\u0131n\u0131 de\u011fi\u015ftirecek ve dolay\u0131s\u0131yla size farkl\u0131 efektler verecektir.<\/p>\n<p>\u015eimdi degrade arac\u0131 ayarlar\u0131na ge\u00e7elim. 2020 s\u00fcr\u00fcm\u00fcnde yeni bir serbest form modu da dahil olmak \u00fczere art\u0131k \u00fc\u00e7 farkl\u0131 degrade t\u00fcr\u00fc var, ancak bunlara birazdan geri d\u00f6nece\u011fiz.<\/p>\n<p>Bunun alt\u0131nda, degradenin a\u00e7\u0131s\u0131n\u0131 manuel olarak ve do\u011fru bir \u015fekilde de\u011fi\u015ftirme se\u00e7ene\u011fi vard\u0131r, bu da onu d\u00f6nd\u00fcrecektir.<\/p>\n<p>\u015eimdi degradenin renklerini de\u011fi\u015ftirmek i\u00e7in degrade \u00e7ubu\u011funun her iki ucundaki k\u00fc\u00e7\u00fck dairelere \u00e7ift t\u0131klay\u0131n. \u00d6nceden belirlenmi\u015f baz\u0131 renkleri se\u00e7me se\u00e7ene\u011finiz var veya bu renklerden birini se\u00e7ersek, bu kutuya girip tam olarak ihtiyac\u0131m\u0131z olana g\u00f6re manuel olarak ayarlayabiliriz. Ben ilk kutu i\u00e7in mavimsi bir renk se\u00e7ece\u011fim...<\/p>\n<p>...ve sonra ikincisi i\u00e7in daha koyu bir mavi.<\/p>\n<p>Bu e\u011fitimi takip ediyorsan\u0131z, farkl\u0131 olabilecek \u00f6nemli bir \u015fey, foto\u011fraflar\u0131 d\u00fczenlerken kullanabilece\u011finiz geleneksel RGB'den ve Illustrator'\u0131n\u0131zda g\u00f6rebilece\u011finizden farkl\u0131 olan CMYK s\u00fcrg\u00fclerini kullan\u0131yor olmamd\u0131r. CMYK bask\u0131da kullan\u0131lan bir renk i\u015flemidir ve bu nedenle monit\u00f6r\u00fcn\u00fczden farkl\u0131 bir renk alan\u0131na sahiptir. Farklar\u0131 a\u00e7\u0131klayan bir video haz\u0131rlad\u0131k, \u00f6\u011frenmek i\u00e7in k\u00f6\u015fedeki a\u00e7\u0131l\u0131r ba\u015fl\u0131\u011fa t\u0131klay\u0131n veya a\u00e7\u0131klamadaki ba\u011flant\u0131y\u0131 takip edin.<\/p>\n<p>Her neyse, art\u0131k degrade renklerini de\u011fi\u015ftirdi\u011fimize g\u00f6re, onlar\u0131 stilize etmeye ba\u015flayabiliriz. Degrade t\u00fcr\u00fcne geri d\u00f6necek olursak, do\u011frusal ve radyal degradelerimiz var. Do\u011frusal, bir u\u00e7tan di\u011ferine basit bir degradedir.<\/p>\n<p>Buna kar\u015f\u0131l\u0131k radyal, gradyan\u0131n belirli bir noktas\u0131nda tepe yapar. Varsay\u0131lan olarak, merkez ortada olacakt\u0131r, ancak merkezdeki k\u00fc\u00e7\u00fck tutamac\u0131 tutup hareket ettirirsek, degradenin merkez noktas\u0131n\u0131 ayarlayabiliriz. Radial daire tabanl\u0131d\u0131r, bu nedenle ikincil rengimizin maksimum yar\u0131\u00e7ap\u0131n\u0131 da de\u011fi\u015ftirebiliriz.<\/p>\n<p>Her ikisinde de benzer olan \u015fey, gradyan kutusundaki gradyan \u00e7ubu\u011funa bakarsan\u0131z, renkleri birbirine yakla\u015ft\u0131rabiliriz. Bu, renkler aras\u0131ndaki ge\u00e7i\u015f sertli\u011fini etkiler. Daha \u00f6nce degrade arac\u0131nda k\u0131sa bir \u00e7izgi olu\u015ftururken oldu\u011fu gibi, bu da degradeyi \u00e7ok daha k\u0131sa hale getirecektir.<\/p>\n<p>Do\u011frusala geri d\u00f6nd\u00fc\u011f\u00fcm\u00fczde, nas\u0131l de\u011fi\u015ftirdi\u011fimizin g\u00f6rsel bir temsilini g\u00f6rebiliriz. Degradenin \u00fczerindeki fiziksel \u00e7izgiye bakarak renklerin nerede bulu\u015ftu\u011funu g\u00f6rebiliriz ve ba\u015flang\u0131\u00e7 ve biti\u015f noktalar\u0131n\u0131 bu \u00e7izgi \u00fczerinde herhangi bir yere daha do\u011fru bir \u015fekilde ayarlayabilirsiniz. Bu, se\u00e7ti\u011finiz rengin konum kutusunu da etkileyecektir.<\/p>\n<p>A\u00e7\u0131k maviyi se\u00e7er ve m\u00fcmk\u00fcn oldu\u011funca ortaya yakla\u015ft\u0131rmaya \u00e7al\u0131\u015f\u0131rsam, konum kutusuna bakt\u0131\u011f\u0131mda asl\u0131nda biraz uzakta oldu\u011fumu g\u00f6rece\u011fim. Degrade noktas\u0131n\u0131 g\u00f6r\u00fcnt\u00fcn\u00fcn belirli bir y\u00fczdesine oturtmak i\u00e7in men\u00fcy\u00fc a\u015fa\u011f\u0131 indirebilir veya kendi de\u011ferimi yaz\u0131p enter tu\u015funa basabilirim.<\/p>\n<p>Geleneksel degradeleri bu \u015fekilde olu\u015fturabilirsiniz, ancak Illustrator'\u0131n en son g\u00fcncellemesinde (\u015fu anda Illustrator 2020), bu ara\u00e7ta yeni bir serbest bi\u00e7imli degrade se\u00e7ene\u011fi var.<\/p>\n<p>Bunu se\u00e7ti\u011finizde, daha \u00f6nce se\u00e7ti\u011fimiz renklerin gitti\u011fini, bunun yerine d\u00f6rt nokta ve rastgele se\u00e7ilen bir renk \u015femas\u0131 ile de\u011fi\u015ftirildi\u011fini g\u00f6receksiniz. Serbest bi\u00e7im se\u00e7ene\u011fine s\u00fcrekli ge\u00e7i\u015f yap\u0131yorsan\u0131z, degrade olu\u015fturmak i\u00e7in olduk\u00e7a kullan\u0131\u015fl\u0131d\u0131r.<\/p>\n<p>Ama bu renkleri sevmiyorum. Pembe bir tane istedi\u011fime karar verdim.<\/p>\n<p>Bu degrade noktalar\u0131n\u0131n her birini \u00fczerlerine t\u0131klayarak se\u00e7ebilirim. \u015eimdi etraf\u0131nda k\u00fc\u00e7\u00fck bir kesikli \u00e7izgi oldu\u011funu g\u00f6receksiniz ve renk noktalar\u0131n\u0131n a\u011f\u0131rl\u0131\u011f\u0131n\u0131 etkilemek i\u00e7in bu tutamac\u0131 s\u00fcr\u00fckleyerek bunu ayarlayabilirsiniz. \u00dczerine \u00e7ift t\u0131klamak renk se\u00e7eneklerine eri\u015fmemi sa\u011flayacak, bu y\u00fczden g\u00fczel bir pembe tonu se\u00e7ece\u011fim. Bu arada, pembeler ve morlar degradelerde olduk\u00e7a pop\u00fcler olduklar\u0131n\u0131 kan\u0131tl\u0131yorlar.<\/p>\n<p>Daha sonra ayn\u0131 y\u00f6ntemi kullanarak di\u011fer renk noktalar\u0131n\u0131 farkl\u0131 renklere d\u00f6n\u00fc\u015ft\u00fcrebilirim.<\/p>\n<p>Bekle, asl\u0131nda 5 degrade noktas\u0131 istiyorum. Bu y\u00fczden degrade arac\u0131n\u0131 se\u00e7ili tutarak, \u015feklin herhangi bir yerine t\u0131klay\u0131p bir tane daha olu\u015fturabilirim ve bunun a\u011f\u0131rl\u0131\u011f\u0131n\u0131 ve rengini yine ayarlayabilirim.<\/p>\n<p>Ba\u015fka bir tane yaparsan\u0131z veya gradyan\u0131n\u0131z\u0131 silmek isterseniz, \u00fczerine t\u0131klayarak se\u00e7ebilir ve ard\u0131ndan geri tu\u015funa basabilirsiniz. Ya da \u00f6\u011feyi se\u00e7in ve buradaki \u00e7\u00f6p kutusu d\u00fc\u011fmesine t\u0131klay\u0131n. Burada ger\u00e7ekten basit bir aray\u00fcz var.<\/p>\n<p>\u015eimdi nokta veya \u00e7izgi \u00e7izme se\u00e7ene\u011fi oldu\u011funu fark etmi\u015f olabilirsiniz. Noktalar\u0131 se\u00e7tik, ancak ba\u015flang\u0131\u00e7 i\u00e7in bir noktaya ve son i\u00e7in ba\u015fka bir noktaya t\u0131klayarak bir \u00e7izgi halinde bir renk de olu\u015fturabiliriz. Ayr\u0131ca bu \u00e7izginin \u015feklini, farkl\u0131 bir y\u00f6nde \u00fc\u00e7\u00fcnc\u00fc bir nokta olu\u015fturup onu b\u00fckerek ya da ilk ikisinin aras\u0131na \u00fc\u00e7\u00fcnc\u00fc bir nokta ekleyip onu s\u00fcr\u00fckleyerek bir e\u011fri olu\u015fturacak \u015fekilde ayarlayabilirsiniz.<\/p>\n<p>Bu noktalar\u0131n her birinin ayr\u0131 renklerle girilmesi gerekecektir.<\/p>\n<p>Degrade arac\u0131 \u00e7ok y\u00f6nl\u00fcd\u00fcr ve \u015fu anda bir grafik tasar\u0131m trendidir, \u00f6zellikle de serbest bi\u00e7imli olan\u0131. Neyse ki Adobe bunu basit ve kullan\u0131m\u0131 kolay hale getirdi.<\/p>\n<p>Ve i\u015fte b\u00f6yle kullanacaks\u0131n\u0131z! Bu videoyu faydal\u0131 bulduysan\u0131z, l\u00fctfen be\u011fenin ve herhangi bir sorunuz veya \u00f6neriniz varsa, l\u00fctfen yorum yapmaktan \u00e7ekinmeyin. Adobe programlar\u0131 i\u00e7in her t\u00fcrl\u00fc \u00f6\u011freticiyi olu\u015fturuyoruz, bu y\u00fczden abone olun ve i\u00e7eri\u011fimizin tad\u0131n\u0131 \u00e7\u0131kar\u0131n.<\/p>\n<p>Benim ad\u0131m Dan, izledi\u011finiz i\u00e7in te\u015fekk\u00fcrler.<\/p>","protected":false},"excerpt":{"rendered":"<p>We\u2019re taking a look at how to use the gradient tool in Illustrator. You\u2019ll learn to apply gradient effects to vector objects and modify the gradient attributes. Create a shape in Illustrator Select the Gradient Tool from your toolbox Go to the \u201cFill\u201d box under \u201cAppearance\u201d on the right of the screen This opens the [&hellip;]<\/p>\n","protected":false},"author":134,"featured_media":68593,"comment_status":"open","ping_status":"open","sticky":false,"template":"","format":"standard","meta":{"_acf_changed":false,"tdm_status":"","tdm_grid_status":"","footnotes":""},"categories":[555],"tags":[926],"class_list":{"0":"post-66284","1":"post","2":"type-post","3":"status-publish","4":"format-standard","5":"has-post-thumbnail","7":"category-tutorials","8":"tag-illustrator"},"acf":[],"yoast_head":"<!-- This site is optimized with the Yoast SEO plugin v27.5 - https:\/\/yoast.com\/product\/yoast-seo-wordpress\/ -->\n<title>How To Use The Gradient Tool In Illustrator | Adobe Tutorial | Solopress UK<\/title>\n<meta name=\"description\" content=\"Mastering the Illustrator gradient tool lets you apply gradient effects to vector objects and modify the gradient attributes.\" \/>\n<meta name=\"robots\" content=\"index, follow, max-snippet:-1, max-image-preview:large, max-video-preview:-1\" \/>\n<link rel=\"canonical\" href=\"https:\/\/www.solopress.com\/blog\/tr\/ogreticiler\/illustratorda-degrade-araci-nasil-kullanilir\/\" \/>\n<meta property=\"og:locale\" content=\"tr_TR\" \/>\n<meta property=\"og:type\" content=\"article\" \/>\n<meta property=\"og:title\" content=\"How To Use The Gradient Tool In Illustrator | Adobe Tutorial | Solopress UK\" \/>\n<meta property=\"og:description\" content=\"Mastering the Illustrator gradient tool lets you apply gradient effects to vector objects and modify the gradient attributes.\" \/>\n<meta property=\"og:url\" content=\"https:\/\/www.solopress.com\/blog\/tr\/ogreticiler\/illustratorda-degrade-araci-nasil-kullanilir\/\" \/>\n<meta property=\"og:site_name\" content=\"The Latest Print and Design News | Solopress\" \/>\n<meta property=\"article:publisher\" content=\"https:\/\/www.facebook.com\/Solopress\" \/>\n<meta property=\"article:published_time\" content=\"2020-01-28T08:16:59+00:00\" \/>\n<meta property=\"article:modified_time\" content=\"2021-04-26T05:50:18+00:00\" \/>\n<meta property=\"og:image\" content=\"https:\/\/www.solopress.com\/blog\/wp-content\/uploads\/2020\/07\/GradientAI.jpg\" \/>\n\t<meta property=\"og:image:width\" content=\"800\" \/>\n\t<meta property=\"og:image:height\" content=\"600\" \/>\n\t<meta property=\"og:image:type\" content=\"image\/jpeg\" \/>\n<meta name=\"author\" content=\"Danny Powell\" \/>\n<meta name=\"twitter:card\" content=\"summary_large_image\" \/>\n<meta name=\"twitter:creator\" content=\"@solopress\" \/>\n<meta name=\"twitter:site\" content=\"@solopress\" \/>\n<meta name=\"twitter:label1\" content=\"Yazan:\" \/>\n\t<meta name=\"twitter:data1\" content=\"Danny Powell\" \/>\n\t<meta name=\"twitter:label2\" content=\"Tahmini okuma s\u00fcresi\" \/>\n\t<meta name=\"twitter:data2\" content=\"7 dakika\" \/>\n<script type=\"application\/ld+json\" class=\"yoast-schema-graph\">{\"@context\":\"https:\\\/\\\/schema.org\",\"@graph\":[{\"@type\":\"Article\",\"@id\":\"https:\\\/\\\/www.solopress.com\\\/blog\\\/tutorials\\\/how-to-use-the-gradient-tool-in-illustrator\\\/#article\",\"isPartOf\":{\"@id\":\"https:\\\/\\\/www.solopress.com\\\/blog\\\/tutorials\\\/how-to-use-the-gradient-tool-in-illustrator\\\/\"},\"author\":{\"name\":\"Danny Powell\",\"@id\":\"https:\\\/\\\/www.solopress.com\\\/blog\\\/#\\\/schema\\\/person\\\/0937555a256c22f94400f4b7e2329c09\"},\"headline\":\"How to use the gradient tool in Illustrator\",\"datePublished\":\"2020-01-28T08:16:59+00:00\",\"dateModified\":\"2021-04-26T05:50:18+00:00\",\"mainEntityOfPage\":{\"@id\":\"https:\\\/\\\/www.solopress.com\\\/blog\\\/tutorials\\\/how-to-use-the-gradient-tool-in-illustrator\\\/\"},\"wordCount\":1422,\"commentCount\":0,\"publisher\":{\"@id\":\"https:\\\/\\\/www.solopress.com\\\/blog\\\/#organization\"},\"image\":{\"@id\":\"https:\\\/\\\/www.solopress.com\\\/blog\\\/tutorials\\\/how-to-use-the-gradient-tool-in-illustrator\\\/#primaryimage\"},\"thumbnailUrl\":\"https:\\\/\\\/www.solopress.com\\\/blog\\\/wp-content\\\/uploads\\\/2020\\\/07\\\/GradientAI.jpg\",\"keywords\":[\"Illustrator\"],\"articleSection\":[\"Design Tutorials\"],\"inLanguage\":\"tr\",\"potentialAction\":[{\"@type\":\"CommentAction\",\"name\":\"Comment\",\"target\":[\"https:\\\/\\\/www.solopress.com\\\/blog\\\/tutorials\\\/how-to-use-the-gradient-tool-in-illustrator\\\/#respond\"]}]},{\"@type\":\"WebPage\",\"@id\":\"https:\\\/\\\/www.solopress.com\\\/blog\\\/tutorials\\\/how-to-use-the-gradient-tool-in-illustrator\\\/\",\"url\":\"https:\\\/\\\/www.solopress.com\\\/blog\\\/tutorials\\\/how-to-use-the-gradient-tool-in-illustrator\\\/\",\"name\":\"How To Use The Gradient Tool In Illustrator | Adobe Tutorial | Solopress UK\",\"isPartOf\":{\"@id\":\"https:\\\/\\\/www.solopress.com\\\/blog\\\/#website\"},\"primaryImageOfPage\":{\"@id\":\"https:\\\/\\\/www.solopress.com\\\/blog\\\/tutorials\\\/how-to-use-the-gradient-tool-in-illustrator\\\/#primaryimage\"},\"image\":{\"@id\":\"https:\\\/\\\/www.solopress.com\\\/blog\\\/tutorials\\\/how-to-use-the-gradient-tool-in-illustrator\\\/#primaryimage\"},\"thumbnailUrl\":\"https:\\\/\\\/www.solopress.com\\\/blog\\\/wp-content\\\/uploads\\\/2020\\\/07\\\/GradientAI.jpg\",\"datePublished\":\"2020-01-28T08:16:59+00:00\",\"dateModified\":\"2021-04-26T05:50:18+00:00\",\"description\":\"Mastering the Illustrator gradient tool lets you apply gradient effects to vector objects and modify the gradient attributes.\",\"breadcrumb\":{\"@id\":\"https:\\\/\\\/www.solopress.com\\\/blog\\\/tutorials\\\/how-to-use-the-gradient-tool-in-illustrator\\\/#breadcrumb\"},\"inLanguage\":\"tr\",\"potentialAction\":[{\"@type\":\"ReadAction\",\"target\":[\"https:\\\/\\\/www.solopress.com\\\/blog\\\/tutorials\\\/how-to-use-the-gradient-tool-in-illustrator\\\/\"]}]},{\"@type\":\"ImageObject\",\"inLanguage\":\"tr\",\"@id\":\"https:\\\/\\\/www.solopress.com\\\/blog\\\/tutorials\\\/how-to-use-the-gradient-tool-in-illustrator\\\/#primaryimage\",\"url\":\"https:\\\/\\\/www.solopress.com\\\/blog\\\/wp-content\\\/uploads\\\/2020\\\/07\\\/GradientAI.jpg\",\"contentUrl\":\"https:\\\/\\\/www.solopress.com\\\/blog\\\/wp-content\\\/uploads\\\/2020\\\/07\\\/GradientAI.jpg\",\"width\":800,\"height\":600,\"caption\":\"How to gradient tool in Illustrator header image\"},{\"@type\":\"BreadcrumbList\",\"@id\":\"https:\\\/\\\/www.solopress.com\\\/blog\\\/tutorials\\\/how-to-use-the-gradient-tool-in-illustrator\\\/#breadcrumb\",\"itemListElement\":[{\"@type\":\"ListItem\",\"position\":1,\"name\":\"Blog\",\"item\":\"https:\\\/\\\/www.solopress.com\\\/blog\\\/\"},{\"@type\":\"ListItem\",\"position\":2,\"name\":\"How to use the gradient tool in Illustrator\"}]},{\"@type\":\"WebSite\",\"@id\":\"https:\\\/\\\/www.solopress.com\\\/blog\\\/#website\",\"url\":\"https:\\\/\\\/www.solopress.com\\\/blog\\\/\",\"name\":\"The Latest Print and Design News | Solopress\",\"description\":\"\",\"publisher\":{\"@id\":\"https:\\\/\\\/www.solopress.com\\\/blog\\\/#organization\"},\"potentialAction\":[{\"@type\":\"SearchAction\",\"target\":{\"@type\":\"EntryPoint\",\"urlTemplate\":\"https:\\\/\\\/www.solopress.com\\\/blog\\\/?s={search_term_string}\"},\"query-input\":{\"@type\":\"PropertyValueSpecification\",\"valueRequired\":true,\"valueName\":\"search_term_string\"}}],\"inLanguage\":\"tr\"},{\"@type\":\"Organization\",\"@id\":\"https:\\\/\\\/www.solopress.com\\\/blog\\\/#organization\",\"name\":\"Solopress\",\"url\":\"https:\\\/\\\/www.solopress.com\\\/blog\\\/\",\"logo\":{\"@type\":\"ImageObject\",\"inLanguage\":\"tr\",\"@id\":\"https:\\\/\\\/www.solopress.com\\\/blog\\\/#\\\/schema\\\/logo\\\/image\\\/\",\"url\":\"https:\\\/\\\/www.solopress.com\\\/blog\\\/wp-content\\\/uploads\\\/2017\\\/06\\\/solopress-logo-no-tagline@2x.png\",\"contentUrl\":\"https:\\\/\\\/www.solopress.com\\\/blog\\\/wp-content\\\/uploads\\\/2017\\\/06\\\/solopress-logo-no-tagline@2x.png\",\"width\":428,\"height\":88,\"caption\":\"Solopress\"},\"image\":{\"@id\":\"https:\\\/\\\/www.solopress.com\\\/blog\\\/#\\\/schema\\\/logo\\\/image\\\/\"},\"sameAs\":[\"https:\\\/\\\/www.facebook.com\\\/Solopress\",\"https:\\\/\\\/x.com\\\/solopress\",\"https:\\\/\\\/instagram.com\\\/solopress\\\/\",\"https:\\\/\\\/www.linkedin.com\\\/company\\\/solopress\",\"https:\\\/\\\/uk.pinterest.com\\\/solopress\\\/\",\"https:\\\/\\\/www.youtube.com\\\/user\\\/solopress\"]},{\"@type\":\"Person\",\"@id\":\"https:\\\/\\\/www.solopress.com\\\/blog\\\/#\\\/schema\\\/person\\\/0937555a256c22f94400f4b7e2329c09\",\"name\":\"Danny Powell\",\"image\":{\"@type\":\"ImageObject\",\"inLanguage\":\"tr\",\"@id\":\"https:\\\/\\\/secure.gravatar.com\\\/avatar\\\/61a91dfef0f2540955232e281a9d8dd099c01492bda6e2638fa05db47a9665eb?s=96&r=g\",\"url\":\"https:\\\/\\\/secure.gravatar.com\\\/avatar\\\/61a91dfef0f2540955232e281a9d8dd099c01492bda6e2638fa05db47a9665eb?s=96&r=g\",\"contentUrl\":\"https:\\\/\\\/secure.gravatar.com\\\/avatar\\\/61a91dfef0f2540955232e281a9d8dd099c01492bda6e2638fa05db47a9665eb?s=96&r=g\",\"caption\":\"Danny Powell\"},\"description\":\"With over two decades in marketing, Danny Powell is a Senior Copywriter at Solopress, one of the UK\u2019s leading online printers. Having worked on the print buying, agency and sales sides of the industry, he brings a well-rounded perspective to his writing on print, design and sustainability.\",\"url\":\"https:\\\/\\\/www.solopress.com\\\/blog\\\/tr\\\/author\\\/danny-powell\\\/\"}]}<\/script>\n<!-- \/ Yoast SEO plugin. -->","yoast_head_json":{"title":"Illustrator'da Degrade Arac\u0131 Nas\u0131l Kullan\u0131l\u0131r | Adobe Tutorial | Solopress UK","description":"Illustrator degrade arac\u0131nda ustala\u015fmak, vekt\u00f6r nesnelerine degrade efektleri uygulaman\u0131z\u0131 ve degrade niteliklerini de\u011fi\u015ftirmenizi sa\u011flar.","robots":{"index":"index","follow":"follow","max-snippet":"max-snippet:-1","max-image-preview":"max-image-preview:large","max-video-preview":"max-video-preview:-1"},"canonical":"https:\/\/www.solopress.com\/blog\/tr\/ogreticiler\/illustratorda-degrade-araci-nasil-kullanilir\/","og_locale":"tr_TR","og_type":"article","og_title":"How To Use The Gradient Tool In Illustrator | Adobe Tutorial | Solopress UK","og_description":"Mastering the Illustrator gradient tool lets you apply gradient effects to vector objects and modify the gradient attributes.","og_url":"https:\/\/www.solopress.com\/blog\/tr\/ogreticiler\/illustratorda-degrade-araci-nasil-kullanilir\/","og_site_name":"The Latest Print and Design News | Solopress","article_publisher":"https:\/\/www.facebook.com\/Solopress","article_published_time":"2020-01-28T08:16:59+00:00","article_modified_time":"2021-04-26T05:50:18+00:00","og_image":[{"width":800,"height":600,"url":"https:\/\/www.solopress.com\/blog\/wp-content\/uploads\/2020\/07\/GradientAI.jpg","type":"image\/jpeg"}],"author":"Danny Powell","twitter_card":"summary_large_image","twitter_creator":"@solopress","twitter_site":"@solopress","twitter_misc":{"Yazan:":"Danny Powell","Tahmini okuma s\u00fcresi":"7 dakika"},"schema":{"@context":"https:\/\/schema.org","@graph":[{"@type":"Article","@id":"https:\/\/www.solopress.com\/blog\/tutorials\/how-to-use-the-gradient-tool-in-illustrator\/#article","isPartOf":{"@id":"https:\/\/www.solopress.com\/blog\/tutorials\/how-to-use-the-gradient-tool-in-illustrator\/"},"author":{"name":"Danny Powell","@id":"https:\/\/www.solopress.com\/blog\/#\/schema\/person\/0937555a256c22f94400f4b7e2329c09"},"headline":"How to use the gradient tool in Illustrator","datePublished":"2020-01-28T08:16:59+00:00","dateModified":"2021-04-26T05:50:18+00:00","mainEntityOfPage":{"@id":"https:\/\/www.solopress.com\/blog\/tutorials\/how-to-use-the-gradient-tool-in-illustrator\/"},"wordCount":1422,"commentCount":0,"publisher":{"@id":"https:\/\/www.solopress.com\/blog\/#organization"},"image":{"@id":"https:\/\/www.solopress.com\/blog\/tutorials\/how-to-use-the-gradient-tool-in-illustrator\/#primaryimage"},"thumbnailUrl":"https:\/\/www.solopress.com\/blog\/wp-content\/uploads\/2020\/07\/GradientAI.jpg","keywords":["Illustrator"],"articleSection":["Design Tutorials"],"inLanguage":"tr","potentialAction":[{"@type":"CommentAction","name":"Comment","target":["https:\/\/www.solopress.com\/blog\/tutorials\/how-to-use-the-gradient-tool-in-illustrator\/#respond"]}]},{"@type":"WebPage","@id":"https:\/\/www.solopress.com\/blog\/tutorials\/how-to-use-the-gradient-tool-in-illustrator\/","url":"https:\/\/www.solopress.com\/blog\/tutorials\/how-to-use-the-gradient-tool-in-illustrator\/","name":"Illustrator'da Degrade Arac\u0131 Nas\u0131l Kullan\u0131l\u0131r | Adobe Tutorial | Solopress UK","isPartOf":{"@id":"https:\/\/www.solopress.com\/blog\/#website"},"primaryImageOfPage":{"@id":"https:\/\/www.solopress.com\/blog\/tutorials\/how-to-use-the-gradient-tool-in-illustrator\/#primaryimage"},"image":{"@id":"https:\/\/www.solopress.com\/blog\/tutorials\/how-to-use-the-gradient-tool-in-illustrator\/#primaryimage"},"thumbnailUrl":"https:\/\/www.solopress.com\/blog\/wp-content\/uploads\/2020\/07\/GradientAI.jpg","datePublished":"2020-01-28T08:16:59+00:00","dateModified":"2021-04-26T05:50:18+00:00","description":"Illustrator degrade arac\u0131nda ustala\u015fmak, vekt\u00f6r nesnelerine degrade efektleri uygulaman\u0131z\u0131 ve degrade niteliklerini de\u011fi\u015ftirmenizi sa\u011flar.","breadcrumb":{"@id":"https:\/\/www.solopress.com\/blog\/tutorials\/how-to-use-the-gradient-tool-in-illustrator\/#breadcrumb"},"inLanguage":"tr","potentialAction":[{"@type":"ReadAction","target":["https:\/\/www.solopress.com\/blog\/tutorials\/how-to-use-the-gradient-tool-in-illustrator\/"]}]},{"@type":"ImageObject","inLanguage":"tr","@id":"https:\/\/www.solopress.com\/blog\/tutorials\/how-to-use-the-gradient-tool-in-illustrator\/#primaryimage","url":"https:\/\/www.solopress.com\/blog\/wp-content\/uploads\/2020\/07\/GradientAI.jpg","contentUrl":"https:\/\/www.solopress.com\/blog\/wp-content\/uploads\/2020\/07\/GradientAI.jpg","width":800,"height":600,"caption":"How to gradient tool in Illustrator header image"},{"@type":"BreadcrumbList","@id":"https:\/\/www.solopress.com\/blog\/tutorials\/how-to-use-the-gradient-tool-in-illustrator\/#breadcrumb","itemListElement":[{"@type":"ListItem","position":1,"name":"Blog","item":"https:\/\/www.solopress.com\/blog\/"},{"@type":"ListItem","position":2,"name":"How to use the gradient tool in Illustrator"}]},{"@type":"WebSite","@id":"https:\/\/www.solopress.com\/blog\/#website","url":"https:\/\/www.solopress.com\/blog\/","name":"En Son Bask\u0131 ve Tasar\u0131m Haberleri | Solopress","description":"","publisher":{"@id":"https:\/\/www.solopress.com\/blog\/#organization"},"potentialAction":[{"@type":"SearchAction","target":{"@type":"EntryPoint","urlTemplate":"https:\/\/www.solopress.com\/blog\/?s={search_term_string}"},"query-input":{"@type":"PropertyValueSpecification","valueRequired":true,"valueName":"search_term_string"}}],"inLanguage":"tr"},{"@type":"Organization","@id":"https:\/\/www.solopress.com\/blog\/#organization","name":"Solopress","url":"https:\/\/www.solopress.com\/blog\/","logo":{"@type":"ImageObject","inLanguage":"tr","@id":"https:\/\/www.solopress.com\/blog\/#\/schema\/logo\/image\/","url":"https:\/\/www.solopress.com\/blog\/wp-content\/uploads\/2017\/06\/solopress-logo-no-tagline@2x.png","contentUrl":"https:\/\/www.solopress.com\/blog\/wp-content\/uploads\/2017\/06\/solopress-logo-no-tagline@2x.png","width":428,"height":88,"caption":"Solopress"},"image":{"@id":"https:\/\/www.solopress.com\/blog\/#\/schema\/logo\/image\/"},"sameAs":["https:\/\/www.facebook.com\/Solopress","https:\/\/x.com\/solopress","https:\/\/instagram.com\/solopress\/","https:\/\/www.linkedin.com\/company\/solopress","https:\/\/uk.pinterest.com\/solopress\/","https:\/\/www.youtube.com\/user\/solopress"]},{"@type":"Person","@id":"https:\/\/www.solopress.com\/blog\/#\/schema\/person\/0937555a256c22f94400f4b7e2329c09","name":"Danny Powell","image":{"@type":"ImageObject","inLanguage":"tr","@id":"https:\/\/secure.gravatar.com\/avatar\/61a91dfef0f2540955232e281a9d8dd099c01492bda6e2638fa05db47a9665eb?s=96&r=g","url":"https:\/\/secure.gravatar.com\/avatar\/61a91dfef0f2540955232e281a9d8dd099c01492bda6e2638fa05db47a9665eb?s=96&r=g","contentUrl":"https:\/\/secure.gravatar.com\/avatar\/61a91dfef0f2540955232e281a9d8dd099c01492bda6e2638fa05db47a9665eb?s=96&r=g","caption":"Danny Powell"},"description":"Yirmi y\u0131l\u0131 a\u015fk\u0131n bir s\u00fcredir pazarlama alan\u0131nda \u00e7al\u0131\u015fan Danny Powell, \u0130ngiltere'nin \u00f6nde gelen online matbaalar\u0131ndan biri olan Solopress'te K\u0131demli Metin Yazar\u0131 olarak g\u00f6rev yap\u0131yor. Sekt\u00f6r\u00fcn bask\u0131 sat\u0131n alma, ajans ve sat\u0131\u015f taraflar\u0131nda \u00e7al\u0131\u015fm\u0131\u015f olan Powell, bask\u0131, tasar\u0131m ve s\u00fcrd\u00fcr\u00fclebilirlik konular\u0131ndaki yaz\u0131lar\u0131na \u00e7ok y\u00f6nl\u00fc bir bak\u0131\u015f a\u00e7\u0131s\u0131 getiriyor.","url":"https:\/\/www.solopress.com\/blog\/tr\/author\/danny-powell\/"}]}},"jetpack_featured_media_url":"https:\/\/www.solopress.com\/blog\/wp-content\/uploads\/2020\/07\/GradientAI.jpg","_links":{"self":[{"href":"https:\/\/www.solopress.com\/blog\/tr\/wp-json\/wp\/v2\/posts\/66284","targetHints":{"allow":["GET"]}}],"collection":[{"href":"https:\/\/www.solopress.com\/blog\/tr\/wp-json\/wp\/v2\/posts"}],"about":[{"href":"https:\/\/www.solopress.com\/blog\/tr\/wp-json\/wp\/v2\/types\/post"}],"author":[{"embeddable":true,"href":"https:\/\/www.solopress.com\/blog\/tr\/wp-json\/wp\/v2\/users\/134"}],"replies":[{"embeddable":true,"href":"https:\/\/www.solopress.com\/blog\/tr\/wp-json\/wp\/v2\/comments?post=66284"}],"version-history":[{"count":5,"href":"https:\/\/www.solopress.com\/blog\/tr\/wp-json\/wp\/v2\/posts\/66284\/revisions"}],"predecessor-version":[{"id":67010,"href":"https:\/\/www.solopress.com\/blog\/tr\/wp-json\/wp\/v2\/posts\/66284\/revisions\/67010"}],"wp:featuredmedia":[{"embeddable":true,"href":"https:\/\/www.solopress.com\/blog\/tr\/wp-json\/wp\/v2\/media\/68593"}],"wp:attachment":[{"href":"https:\/\/www.solopress.com\/blog\/tr\/wp-json\/wp\/v2\/media?parent=66284"}],"wp:term":[{"taxonomy":"category","embeddable":true,"href":"https:\/\/www.solopress.com\/blog\/tr\/wp-json\/wp\/v2\/categories?post=66284"},{"taxonomy":"post_tag","embeddable":true,"href":"https:\/\/www.solopress.com\/blog\/tr\/wp-json\/wp\/v2\/tags?post=66284"}],"curies":[{"name":"wp","href":"https:\/\/api.w.org\/{rel}","templated":true}]}}