{"id":66482,"date":"2020-02-03T16:06:55","date_gmt":"2020-02-03T16:06:55","guid":{"rendered":"https:\/\/www.solopress.com\/blog\/?p=66482"},"modified":"2021-02-24T12:50:16","modified_gmt":"2021-02-24T12:50:16","slug":"photoshopta-degrade-araci-nasil-kullanilir","status":"publish","type":"post","link":"https:\/\/www.solopress.com\/blog\/tr\/tutorials\/how-to-use-the-gradient-tool-in-photoshop\/","title":{"rendered":"Photoshop'ta degrade arac\u0131 nas\u0131l kullan\u0131l\u0131r?"},"content":{"rendered":"<div id=\"bsf_rt_marker\"><\/div><p>Photoshop'ta degrade arac\u0131n\u0131n nas\u0131l kullan\u0131laca\u011f\u0131na bir g\u00f6z at\u0131yoruz. Tasar\u0131mlar\u0131n\u0131zda \u00e7arp\u0131c\u0131 renk kar\u0131\u015f\u0131m\u0131 efektleri olu\u015fturmak i\u00e7in Photoshop gradyanlar\u0131n\u0131 kullanmay\u0131 \u00f6\u011freneceksiniz.<\/p>\n<ol>\n<li>Photoshop'ta bir \u015fekil se\u00e7me<\/li>\n<li>Bir \u015fekil arac\u0131 se\u00e7iliyken, ekran\u0131n \u00fcst k\u0131sm\u0131ndaki se\u00e7im \u00e7ubu\u011funda bulunan \"Dolgu\" kutusuna gidin<\/li>\n<li>A\u00e7\u0131l\u0131r pencerede degrade sekmesine t\u0131klay\u0131n<\/li>\n<li>Sa\u011f taraftaki \"Katmanlar\" b\u00f6l\u00fcm\u00fcnde, \u015feklinizin katman k\u00fc\u00e7\u00fck resmine \u00e7ift t\u0131klay\u0131n<\/li>\n<li>Bu, Degrade Arac\u0131 i\u00e7in ayarlar kutusunu a\u00e7ar<\/li>\n<li>\"Tip:\" alan\u0131nda do\u011frusal, radyal veya serbest bi\u00e7imli gradyanlar aras\u0131ndan se\u00e7im yap\u0131n<\/li>\n<li>Aralar\u0131nda ge\u00e7i\u015f yapmak istedi\u011finiz renkleri se\u00e7mek i\u00e7in degrade \u00e7ubu\u011funun her iki ucundaki dairelere \u00e7ift t\u0131klay\u0131n<\/li>\n<li>Degradeyi uygulamak i\u00e7in \u015feklinizin i\u00e7ine t\u0131klay\u0131n<\/li>\n<li>Alternatif olarak, degradenin uzunlu\u011funu ve a\u00e7\u0131s\u0131n\u0131 tan\u0131mlamak i\u00e7in degrade arac\u0131yla bir \u00e7izgi \u00e7izin<\/li>\n<\/ol>\n<p>Bu, Photoshop'ta degrade eklemenin basit bir yoludur, ancak ke\u015ffedilecek daha bir\u00e7ok geli\u015fmi\u015f se\u00e7enek ve i\u015flev vard\u0131r. Photoshop gradyanlar\u0131na daha derinlemesine bir bak\u0131\u015f i\u00e7in video e\u011fitimimize g\u00f6z at\u0131n.<\/p>\n<p>Photoshop'ta olu\u015fturdu\u011funuz degradeler ekranda harika g\u00f6r\u00fcn\u00fcr, ancak bask\u0131da daha da iyi g\u00f6r\u00fcn\u00fcr. Bask\u0131da harika fiyatlar ve \u00fccretsiz \u0130ngiltere teslimat\u0131 i\u00e7in \u015fu adresi ziyaret edin <a href=\"https:\/\/www.solopress.com\/blog\/tr\/\">Solopress<\/a>.<\/p>\n<h2><strong>Video e\u011fitimi: Photoshop'ta degrade arac\u0131 nas\u0131l kullan\u0131l\u0131r?<\/strong><\/h2>\n<p><iframe loading=\"lazy\" src=\"https:\/\/www.youtube.com\/embed\/T5lc3zgosns?rel=0\" width=\"675\" height=\"378\" frameborder=\"0\" allowfullscreen=\"allowfullscreen\"><\/iframe><\/p>\n<p>E\u011fitim videolar\u0131 serimiz, Adobe'nin tasar\u0131m programlar\u0131ndan en iyi \u015fekilde yararlanmaya y\u00f6nelik faydal\u0131 bilgilerle doludur. Daha fazla bilgi edinmek isterseniz YouTube kanal\u0131m\u0131za abone olabilirsiniz.<\/p>\n<p><a href=\"https:\/\/www.youtube.com\/solopress?sub_confirmation=1\" target=\"_blank\" rel=\"https:\/\/www.youtube.com\/solopress?sub_confirmation=1 noopener noreferrer\"><img loading=\"lazy\" decoding=\"async\" class=\"alignnone wp-image-66137\" src=\"https:\/\/www.solopress.com\/blog\/wp-content\/uploads\/2020\/01\/subscribe.png\" alt=\"abone ol butonu\" width=\"157\" height=\"48\" \/><\/a><\/p>\n<h2><strong>Video Transkripsiyonu<\/strong><\/h2>\n<h3><strong>Photoshop'ta degrade arac\u0131 nas\u0131l kullan\u0131l\u0131r?<\/strong><\/h3>\n<p><span style=\"font-weight: 400;\">Herkese merhaba, <\/span><\/p>\n<p><span style=\"font-weight: 400;\">Benim ad\u0131m Dan ve Photoshop'ta degrade arac\u0131n\u0131n nas\u0131l kullan\u0131laca\u011f\u0131na dair dersimize ho\u015f geldiniz. S\u0131f\u0131rdan bir degrade olu\u015fturman\u0131n yan\u0131 s\u0131ra bir degradeyi bir grafi\u011fin \u00fczerine nas\u0131l yerle\u015ftirece\u011fimizi de inceleyece\u011fiz - ileriye atlamak isterseniz a\u015fa\u011f\u0131ya baz\u0131 zaman damgalar\u0131 koydum.<\/span><\/p>\n<p><b>\u015eekil Gradyan\u0131<\/b><\/p>\n<p><span style=\"font-weight: 400;\">\u0130lk olarak \u015fekil arac\u0131n\u0131 se\u00e7erek bir \u015fekil olu\u015fturaca\u011f\u0131m ve sadece basit bir kare yapaca\u011f\u0131m. Farkl\u0131 bir \u015fekil yapmak istiyorsan\u0131z, \u015fekil arac\u0131na t\u0131klay\u0131p bas\u0131l\u0131 tutabilir ve istedi\u011finiz \u015fekli se\u00e7ebilirsiniz.\u00a0<\/span><\/p>\n<p><span style=\"font-weight: 400;\">Daha sonra pencerenin sol \u00fcst k\u00f6\u015fesindeki \"Dolgu \"ya t\u0131klayaca\u011f\u0131m ve buradaki \"Degrade\" se\u00e7ene\u011fini se\u00e7ece\u011fim. Hangisini se\u00e7ece\u011finizden emin de\u011filseniz, imlecinizi farkl\u0131 modlar\u0131n \u00fczerine getirin, ara\u00e7 ipucu a\u00e7\u0131lacakt\u0131r.<\/span><\/p>\n<p><span style=\"font-weight: 400;\">\u015eimdi katman\u0131m\u0131za gidece\u011fim ve k\u00fc\u00e7\u00fck resme \u00e7ift t\u0131klayaca\u011f\u0131m. Bir degrade penceresi a\u00e7\u0131lacak ve birka\u00e7 se\u00e7enek g\u00f6receksiniz, ancak \u00f6nce degrade renklerini de\u011fi\u015ftirmek istiyorum. Degradenin \u00fczerine \u00e7ift t\u0131klayaca\u011f\u0131m ve yeni bir pencere a\u00e7\u0131lacak. \u015eimdi bu penceredeki t\u00fcm farkl\u0131 se\u00e7enekleri g\u00f6zden ge\u00e7irelim.<\/span><\/p>\n<p><span style=\"font-weight: 400;\">Degrade manip\u00fclasyonunun en \u00f6nemli k\u0131sm\u0131 renklerin, opakl\u0131\u011f\u0131n ve ge\u00e7i\u015f noktalar\u0131n\u0131n nas\u0131l \u00e7al\u0131\u015ft\u0131\u011f\u0131n\u0131 anlamakt\u0131r. \u00dcst ve alt tutama\u00e7lar vard\u0131r. \u00dcsttekiler her bir degrade noktas\u0131n\u0131n opakl\u0131\u011f\u0131n\u0131 ve \u015feffafl\u0131k ge\u00e7i\u015f sertli\u011fini etkiliyor. \u00dcstteki tutamaca t\u0131klayarak sol taraftaki degradenin saydaml\u0131\u011f\u0131n\u0131 ayarlayabiliyorum. Opakl\u0131k kayd\u0131r\u0131c\u0131s\u0131n\u0131 nereye hareket ettirirsem, opakl\u0131\u011f\u0131n ba\u015flad\u0131\u011f\u0131 nokta o olacakt\u0131r.<\/span><\/p>\n<p><span style=\"font-weight: 400;\">Alt tutama\u00e7lar degrade noktalar\u0131n\u0131n renginin yan\u0131 s\u0131ra renk ge\u00e7i\u015f sertli\u011fini de etkiler. Yukar\u0131da oldu\u011fu gibi, bunlar\u0131 birbirine yakla\u015ft\u0131rmak veya uzakla\u015ft\u0131rmak iki renk aras\u0131ndaki ge\u00e7i\u015f sertli\u011fini etkileyecektir. Ayr\u0131ca alt tutama\u00e7lar\u0131n aras\u0131na t\u0131klayarak ek renkler ekleme se\u00e7ene\u011fi de vard\u0131r.<\/span><\/p>\n<p><span style=\"font-weight: 400;\">Renkleri se\u00e7mek i\u00e7in tutama\u011fa \u00e7ift t\u0131klay\u0131n; bu, degrade noktan\u0131z\u0131n rengini se\u00e7ebilece\u011finiz bir pencere a\u00e7acakt\u0131r.<\/span><\/p>\n<p><span style=\"font-weight: 400;\">Yapt\u0131\u011f\u0131n\u0131z ve gelecekte tekrar kullanmak istedi\u011finiz belirli bir gradyan\u0131n\u0131z varsa, yeni bir \u00f6n ayar olu\u015fturmak i\u00e7in buraya t\u0131klayabilirsiniz. Ya da daha \u00f6nce indirdiyseniz bunlar\u0131 i\u00e7e aktarabilirsiniz.<\/span><\/p>\n<p><span style=\"font-weight: 400;\">Neyse ki, Photoshop 2020'nin son g\u00fcncellemesinde, Photoshop'un yeni haz\u0131r ayarlar\u0131n\u0131 temel alarak degradeler olu\u015fturabiliyorsunuz. Aralar\u0131ndan se\u00e7im yapabilece\u011finiz \u00e7ok say\u0131da renk ve her renk i\u00e7inde bir\u00e7ok varyant var. Ancak haz\u0131r ayarlar\u0131 kullanmak, se\u00e7ilen renkleri de\u011fi\u015ftirmenizi engellemez.<\/span><\/p>\n<p><span style=\"font-weight: 400;\">\u015eimdi, istedi\u011finiz degrade renkleri bulduktan sonra, bunlar\u0131 uygulamak i\u00e7in tamam d\u00fc\u011fmesine basabilirsiniz.<\/span><\/p>\n<p><span style=\"font-weight: 400;\">YouTube'daki video s\u0131k\u0131\u015ft\u0131rmas\u0131 fark\u0131 fark edilemez hale getirebilece\u011finden, bir sonrakini g\u00f6stermek biraz daha zordur. \u0130ki veya daha fazla renk i\u00e7eren bir degrade uygulad\u0131\u011f\u0131n\u0131zda, her rengin yumu\u015fak bir ge\u00e7i\u015f yerine katmanlar halinde g\u00f6r\u00fcnd\u00fc\u011f\u00fc \"bantlama\" ile kar\u015f\u0131la\u015fabilirsiniz. Neyse ki Photoshop, degrade penceresinde Soldurma ad\u0131 verilen bir \u00f6zelli\u011fe sahiptir. Bu \u00f6zellik, degradenin daha d\u00fczg\u00fcn bir \u015fekilde kar\u0131\u015fmas\u0131na yard\u0131mc\u0131 olmak i\u00e7in bir miktar g\u00fcr\u00fclt\u00fc kar\u0131\u015ft\u0131r\u0131r.<\/span><\/p>\n<p><span style=\"font-weight: 400;\">Ancak, bu bazen d\u00fczeltmek i\u00e7in yeterli de\u011fildir. Bir gradyan\u0131 daha iyi g\u00f6r\u00fcnt\u00fclemenin en iyi yollar\u0131ndan biri bit seviyesini art\u0131rmakt\u0131r. Muhtemelen G\u00f6r\u00fcnt\u00fc men\u00fcs\u00fcne gidip \"Mod \"un \u00fczerine geldi\u011finizde modunuzun kanal ba\u015f\u0131na 8 bit oldu\u011funu g\u00f6receksiniz. Bunu 16 bit olarak de\u011fi\u015ftirmek en iyisidir - bu, tek bir renk i\u00e7in mevcut ton say\u0131s\u0131n\u0131 art\u0131r\u0131r.<\/span><\/p>\n<p><span style=\"font-weight: 400;\">Bask\u0131 a\u00e7\u0131s\u0131ndan, 8 bitlik bir renk alan\u0131 size her renk i\u00e7in 256 olas\u0131 ton de\u011feri verecektir - bu Cyan, Magenta, Yellow ve Black'tir veya RGB kullan\u0131yorsan\u0131z, K\u0131rm\u0131z\u0131, Ye\u015fil ve Mavi i\u00e7in her biri 256'd\u0131r. Renk alan\u0131n\u0131z\u0131 16 bit olarak ayarlad\u0131\u011f\u0131n\u0131zda her renk i\u00e7in 256 ton de\u011feriniz 65.536'ya y\u00fckselecektir!<\/span><\/p>\n<p><span style=\"font-weight: 400;\">Gradyan\u0131n\u0131z \u015fimdi hemen daha iyi g\u00f6r\u00fcnmelidir ve ekranda hala baz\u0131 g\u00f6rsel bantlar g\u00f6rebilseniz de, bu genellikle Photoshop'un asl\u0131nda hi\u00e7 bant yokken ekranda bant g\u00f6sterme s\u0131n\u0131rlamas\u0131 olacakt\u0131r, \u00f6zellikle de genellikle 8 bit olan t\u00fcketici ekipmanlar\u0131nda.<\/span><\/p>\n<p><span style=\"font-weight: 400;\">Degrade \u00f6zelliklerini tekrar a\u00e7mak i\u00e7in katmana tekrar \u00e7ift t\u0131klayabiliriz. Kadran\u0131 d\u00f6nd\u00fcrerek ya da istedi\u011fimiz a\u00e7\u0131y\u0131 yazarak yapabilece\u011fimiz a\u00e7\u0131y\u0131 de\u011fi\u015ftirme \u00f6zellikleri oldu\u011funu g\u00f6rebiliriz. Ve e\u011fer herhangi bir nedenle renkleri yans\u0131tmak istiyorsak, \"tersine \u00e7evir\" se\u00e7ene\u011fine t\u0131klayabiliriz.<\/span><\/p>\n<p><span style=\"font-weight: 400;\">\u015eimdi Stil men\u00fcs\u00fcne bir g\u00f6z atal\u0131m; Do\u011frusal, Radyal, A\u00e7\u0131l\u0131, Yans\u0131t\u0131lm\u0131\u015f ve Elmas aras\u0131nda se\u00e7im yapabiliriz. \u015eu anda bir renkten di\u011ferine belirli bir y\u00f6nde do\u011frudan bir ge\u00e7i\u015f olan Do\u011frusal'day\u0131z. Radyal, ortada bir renk noktas\u0131 belirleyerek d\u0131\u015f renge ge\u00e7i\u015f yapar. A\u00e7\u0131, bir renkle ba\u015flay\u0131p di\u011ferine ge\u00e7i\u015f yapan ve bulu\u015ftuklar\u0131 yer aras\u0131nda sert bir \u00e7izgi bulunan, g\u00f6r\u00fcnt\u00fcn\u00fcn etraf\u0131n\u0131 saran bir renk gradyan\u0131 ayarlar. Yans\u0131yan, renklerden birinin \u00e7izgisidir ve \u00e7izginin her iki taraf\u0131 da ikincil renge ge\u00e7i\u015f yapar. Elmas, daha \u00e7ok elmas \u015feklinde olmas\u0131 d\u0131\u015f\u0131nda radyale benzer.<\/span><\/p>\n<p><span style=\"font-weight: 400;\">\u00d6l\u00e7ek, se\u00e7ti\u011finiz renkler aras\u0131ndaki ge\u00e7i\u015f sertli\u011fini basit\u00e7e art\u0131r\u0131r veya azalt\u0131r. Bunu g\u00f6stermenin en iyi yolu Do\u011frusal degrade stilidir. \u00d6l\u00e7e\u011fim ne kadar d\u00fc\u015f\u00fckse degrade o kadar keskin olur ve bunun tersi de ge\u00e7erlidir.<\/span><\/p>\n<p><span style=\"font-weight: 400;\">Tamam'a t\u0131klay\u0131n - ve ileride de\u011fi\u015ftirmeniz gerekti\u011fini hissederseniz endi\u015felenmeyin. Photoshop \u015fekil \u00f6zelliklerini olu\u015fturdu\u011fundan, yeni se\u00e7enekler men\u00fcs\u00fcn\u00fc getirmek i\u00e7in katman k\u00fc\u00e7\u00fck resmine tekrar \u00e7ift t\u0131klayabilirsiniz.<\/span><\/p>\n<p><span style=\"font-weight: 400;\">Bir \u015feklin i\u00e7inde yeni bir degrade olu\u015fturman\u0131n yolu budur - peki ya bir grafi\u011fin \u015feklinin \u00fczerine bir degrade yerle\u015ftirmek istersek?<\/span><\/p>\n<p><b>Degrade Kaplama<\/b><\/p>\n<p><span style=\"font-weight: 400;\">Burada bir kedinin \u015feffaf g\u00f6r\u00fcnt\u00fcs\u00fc var. Kaplamay\u0131 eklemek i\u00e7in \u00f6nce katman\u0131 se\u00e7ece\u011fim, ard\u0131ndan sa\u011f alt k\u00f6\u015fedeki FX'e gidece\u011fim ve \"Gradient Overlay \"i se\u00e7ece\u011fim. Bir pencere a\u00e7\u0131lacak ve daha \u00f6nce oldu\u011fu gibi t\u00fcm se\u00e7eneklere sahip olaca\u011f\u0131z, ancak birka\u00e7 ekleme yapaca\u011f\u0131z. Ben gidip gradyan\u0131m\u0131 sevdi\u011fim bir \u015feyle de\u011fi\u015ftirece\u011fim.<\/span><\/p>\n<p><span style=\"font-weight: 400;\">Art\u0131k degradenin hangi renk oldu\u011funa ba\u011fl\u0131 olarak bir filtre gibi davranmas\u0131n\u0131 sa\u011flayan ve orijinal katman\u0131 etkileyecek olan kar\u0131\u015ft\u0131rma modunu de\u011fi\u015ftirme se\u00e7ene\u011fi vard\u0131r ve opakl\u0131\u011f\u0131 de\u011fi\u015ftirmek, degradenin orijinal g\u00f6r\u00fcnt\u00fc \u00fczerindeki saydaml\u0131\u011f\u0131n\u0131 art\u0131rma etkisine sahiptir.<\/span><\/p>\n<p><span style=\"font-weight: 400;\">\u0130\u015fte bu kadar basit.<\/span><\/p>\n<p><span style=\"font-weight: 400;\">Bu videoyu be\u011fendiyseniz, l\u00fctfen be\u011feni b\u0131rak\u0131n ve herhangi bir sorunuz veya \u00f6neriniz varsa, l\u00fctfen yorum b\u0131rakmaktan \u00e7ekinmeyin. Adobe programlar\u0131 i\u00e7in her t\u00fcrl\u00fc \u00f6\u011freticiyi olu\u015fturuyoruz, bu y\u00fczden abone olun ve i\u00e7eri\u011fimizin tad\u0131n\u0131 \u00e7\u0131kar\u0131n. Benim ad\u0131m Dan, izledi\u011finiz i\u00e7in te\u015fekk\u00fcrler.<\/span><\/p>\n<p>&nbsp;<\/p>","protected":false},"excerpt":{"rendered":"<p>We\u2019re taking a look at how to use gradient tool in Photoshop. You\u2019ll learn to use Photoshop gradients to create stunning colour blend effects in your designs. Select a shape in Photoshop With a shape tool selected, go to the \u201cFill\u201d box in the selection bar at the top of the screen In the drop-down [&hellip;]<\/p>\n","protected":false},"author":134,"featured_media":68596,"comment_status":"open","ping_status":"open","sticky":false,"template":"","format":"standard","meta":{"_acf_changed":false,"tdm_status":"","tdm_grid_status":"","footnotes":""},"categories":[555],"tags":[905],"class_list":{"0":"post-66482","1":"post","2":"type-post","3":"status-publish","4":"format-standard","5":"has-post-thumbnail","7":"category-tutorials","8":"tag-photoshop"},"acf":[],"yoast_head":"<!-- This site is optimized with the Yoast SEO plugin v27.5 - https:\/\/yoast.com\/product\/yoast-seo-wordpress\/ -->\n<title>How to Use the Gradient Tool in Photoshop | Adobe Tutorial | Solopress UK<\/title>\n<meta name=\"description\" content=\"We\u2019re taking a look at how to use the gradient tool in Photoshop to create stunning colour blend effects in your designs.\" \/>\n<meta name=\"robots\" content=\"index, follow, max-snippet:-1, max-image-preview:large, max-video-preview:-1\" \/>\n<link rel=\"canonical\" href=\"https:\/\/www.solopress.com\/blog\/tr\/ogreticiler\/photoshopta-degrade-araci-nasil-kullanilir\/\" \/>\n<meta property=\"og:locale\" content=\"tr_TR\" \/>\n<meta property=\"og:type\" content=\"article\" \/>\n<meta property=\"og:title\" content=\"How to Use the Gradient Tool in Photoshop | Adobe Tutorial | Solopress UK\" \/>\n<meta property=\"og:description\" content=\"We\u2019re taking a look at how to use the gradient tool in Photoshop to create stunning colour blend effects in your designs.\" \/>\n<meta property=\"og:url\" content=\"https:\/\/www.solopress.com\/blog\/tr\/ogreticiler\/photoshopta-degrade-araci-nasil-kullanilir\/\" \/>\n<meta property=\"og:site_name\" content=\"The Latest Print and Design News | Solopress\" \/>\n<meta property=\"article:publisher\" content=\"https:\/\/www.facebook.com\/Solopress\" \/>\n<meta property=\"article:published_time\" content=\"2020-02-03T16:06:55+00:00\" \/>\n<meta property=\"article:modified_time\" content=\"2021-02-24T12:50:16+00:00\" \/>\n<meta property=\"og:image\" content=\"https:\/\/www.solopress.com\/blog\/wp-content\/uploads\/2020\/07\/GradientPS.jpg\" \/>\n\t<meta property=\"og:image:width\" content=\"800\" \/>\n\t<meta property=\"og:image:height\" content=\"600\" \/>\n\t<meta property=\"og:image:type\" content=\"image\/jpeg\" \/>\n<meta name=\"author\" content=\"Danny Powell\" \/>\n<meta name=\"twitter:card\" content=\"summary_large_image\" \/>\n<meta name=\"twitter:creator\" content=\"@solopress\" \/>\n<meta name=\"twitter:site\" content=\"@solopress\" \/>\n<meta name=\"twitter:label1\" content=\"Yazan:\" \/>\n\t<meta name=\"twitter:data1\" content=\"Danny Powell\" \/>\n\t<meta name=\"twitter:label2\" content=\"Tahmini okuma s\u00fcresi\" \/>\n\t<meta name=\"twitter:data2\" content=\"7 dakika\" \/>\n<script type=\"application\/ld+json\" class=\"yoast-schema-graph\">{\"@context\":\"https:\\\/\\\/schema.org\",\"@graph\":[{\"@type\":\"Article\",\"@id\":\"https:\\\/\\\/www.solopress.com\\\/blog\\\/tutorials\\\/how-to-use-the-gradient-tool-in-photoshop\\\/#article\",\"isPartOf\":{\"@id\":\"https:\\\/\\\/www.solopress.com\\\/blog\\\/tutorials\\\/how-to-use-the-gradient-tool-in-photoshop\\\/\"},\"author\":{\"name\":\"Danny Powell\",\"@id\":\"https:\\\/\\\/www.solopress.com\\\/blog\\\/#\\\/schema\\\/person\\\/0937555a256c22f94400f4b7e2329c09\"},\"headline\":\"How to use the gradient tool in Photoshop\",\"datePublished\":\"2020-02-03T16:06:55+00:00\",\"dateModified\":\"2021-02-24T12:50:16+00:00\",\"mainEntityOfPage\":{\"@id\":\"https:\\\/\\\/www.solopress.com\\\/blog\\\/tutorials\\\/how-to-use-the-gradient-tool-in-photoshop\\\/\"},\"wordCount\":1407,\"commentCount\":0,\"publisher\":{\"@id\":\"https:\\\/\\\/www.solopress.com\\\/blog\\\/#organization\"},\"image\":{\"@id\":\"https:\\\/\\\/www.solopress.com\\\/blog\\\/tutorials\\\/how-to-use-the-gradient-tool-in-photoshop\\\/#primaryimage\"},\"thumbnailUrl\":\"https:\\\/\\\/www.solopress.com\\\/blog\\\/wp-content\\\/uploads\\\/2020\\\/07\\\/GradientPS.jpg\",\"keywords\":[\"Photoshop\"],\"articleSection\":[\"Design Tutorials\"],\"inLanguage\":\"tr\",\"potentialAction\":[{\"@type\":\"CommentAction\",\"name\":\"Comment\",\"target\":[\"https:\\\/\\\/www.solopress.com\\\/blog\\\/tutorials\\\/how-to-use-the-gradient-tool-in-photoshop\\\/#respond\"]}]},{\"@type\":\"WebPage\",\"@id\":\"https:\\\/\\\/www.solopress.com\\\/blog\\\/tutorials\\\/how-to-use-the-gradient-tool-in-photoshop\\\/\",\"url\":\"https:\\\/\\\/www.solopress.com\\\/blog\\\/tutorials\\\/how-to-use-the-gradient-tool-in-photoshop\\\/\",\"name\":\"How to Use the Gradient Tool in Photoshop | Adobe Tutorial | Solopress UK\",\"isPartOf\":{\"@id\":\"https:\\\/\\\/www.solopress.com\\\/blog\\\/#website\"},\"primaryImageOfPage\":{\"@id\":\"https:\\\/\\\/www.solopress.com\\\/blog\\\/tutorials\\\/how-to-use-the-gradient-tool-in-photoshop\\\/#primaryimage\"},\"image\":{\"@id\":\"https:\\\/\\\/www.solopress.com\\\/blog\\\/tutorials\\\/how-to-use-the-gradient-tool-in-photoshop\\\/#primaryimage\"},\"thumbnailUrl\":\"https:\\\/\\\/www.solopress.com\\\/blog\\\/wp-content\\\/uploads\\\/2020\\\/07\\\/GradientPS.jpg\",\"datePublished\":\"2020-02-03T16:06:55+00:00\",\"dateModified\":\"2021-02-24T12:50:16+00:00\",\"description\":\"We\u2019re taking a look at how to use the gradient tool in Photoshop to create stunning colour blend effects in your designs.\",\"breadcrumb\":{\"@id\":\"https:\\\/\\\/www.solopress.com\\\/blog\\\/tutorials\\\/how-to-use-the-gradient-tool-in-photoshop\\\/#breadcrumb\"},\"inLanguage\":\"tr\",\"potentialAction\":[{\"@type\":\"ReadAction\",\"target\":[\"https:\\\/\\\/www.solopress.com\\\/blog\\\/tutorials\\\/how-to-use-the-gradient-tool-in-photoshop\\\/\"]}]},{\"@type\":\"ImageObject\",\"inLanguage\":\"tr\",\"@id\":\"https:\\\/\\\/www.solopress.com\\\/blog\\\/tutorials\\\/how-to-use-the-gradient-tool-in-photoshop\\\/#primaryimage\",\"url\":\"https:\\\/\\\/www.solopress.com\\\/blog\\\/wp-content\\\/uploads\\\/2020\\\/07\\\/GradientPS.jpg\",\"contentUrl\":\"https:\\\/\\\/www.solopress.com\\\/blog\\\/wp-content\\\/uploads\\\/2020\\\/07\\\/GradientPS.jpg\",\"width\":800,\"height\":600,\"caption\":\"How to use the gradient tool in photoshop header image\"},{\"@type\":\"BreadcrumbList\",\"@id\":\"https:\\\/\\\/www.solopress.com\\\/blog\\\/tutorials\\\/how-to-use-the-gradient-tool-in-photoshop\\\/#breadcrumb\",\"itemListElement\":[{\"@type\":\"ListItem\",\"position\":1,\"name\":\"Blog\",\"item\":\"https:\\\/\\\/www.solopress.com\\\/blog\\\/\"},{\"@type\":\"ListItem\",\"position\":2,\"name\":\"How to use the gradient tool in Photoshop\"}]},{\"@type\":\"WebSite\",\"@id\":\"https:\\\/\\\/www.solopress.com\\\/blog\\\/#website\",\"url\":\"https:\\\/\\\/www.solopress.com\\\/blog\\\/\",\"name\":\"The Latest Print and Design News | Solopress\",\"description\":\"\",\"publisher\":{\"@id\":\"https:\\\/\\\/www.solopress.com\\\/blog\\\/#organization\"},\"potentialAction\":[{\"@type\":\"SearchAction\",\"target\":{\"@type\":\"EntryPoint\",\"urlTemplate\":\"https:\\\/\\\/www.solopress.com\\\/blog\\\/?s={search_term_string}\"},\"query-input\":{\"@type\":\"PropertyValueSpecification\",\"valueRequired\":true,\"valueName\":\"search_term_string\"}}],\"inLanguage\":\"tr\"},{\"@type\":\"Organization\",\"@id\":\"https:\\\/\\\/www.solopress.com\\\/blog\\\/#organization\",\"name\":\"Solopress\",\"url\":\"https:\\\/\\\/www.solopress.com\\\/blog\\\/\",\"logo\":{\"@type\":\"ImageObject\",\"inLanguage\":\"tr\",\"@id\":\"https:\\\/\\\/www.solopress.com\\\/blog\\\/#\\\/schema\\\/logo\\\/image\\\/\",\"url\":\"https:\\\/\\\/www.solopress.com\\\/blog\\\/wp-content\\\/uploads\\\/2017\\\/06\\\/solopress-logo-no-tagline@2x.png\",\"contentUrl\":\"https:\\\/\\\/www.solopress.com\\\/blog\\\/wp-content\\\/uploads\\\/2017\\\/06\\\/solopress-logo-no-tagline@2x.png\",\"width\":428,\"height\":88,\"caption\":\"Solopress\"},\"image\":{\"@id\":\"https:\\\/\\\/www.solopress.com\\\/blog\\\/#\\\/schema\\\/logo\\\/image\\\/\"},\"sameAs\":[\"https:\\\/\\\/www.facebook.com\\\/Solopress\",\"https:\\\/\\\/x.com\\\/solopress\",\"https:\\\/\\\/instagram.com\\\/solopress\\\/\",\"https:\\\/\\\/www.linkedin.com\\\/company\\\/solopress\",\"https:\\\/\\\/uk.pinterest.com\\\/solopress\\\/\",\"https:\\\/\\\/www.youtube.com\\\/user\\\/solopress\"]},{\"@type\":\"Person\",\"@id\":\"https:\\\/\\\/www.solopress.com\\\/blog\\\/#\\\/schema\\\/person\\\/0937555a256c22f94400f4b7e2329c09\",\"name\":\"Danny Powell\",\"image\":{\"@type\":\"ImageObject\",\"inLanguage\":\"tr\",\"@id\":\"https:\\\/\\\/secure.gravatar.com\\\/avatar\\\/61a91dfef0f2540955232e281a9d8dd099c01492bda6e2638fa05db47a9665eb?s=96&r=g\",\"url\":\"https:\\\/\\\/secure.gravatar.com\\\/avatar\\\/61a91dfef0f2540955232e281a9d8dd099c01492bda6e2638fa05db47a9665eb?s=96&r=g\",\"contentUrl\":\"https:\\\/\\\/secure.gravatar.com\\\/avatar\\\/61a91dfef0f2540955232e281a9d8dd099c01492bda6e2638fa05db47a9665eb?s=96&r=g\",\"caption\":\"Danny Powell\"},\"description\":\"With over two decades in marketing, Danny Powell is a Senior Copywriter at Solopress, one of the UK\u2019s leading online printers. Having worked on the print buying, agency and sales sides of the industry, he brings a well-rounded perspective to his writing on print, design and sustainability.\",\"url\":\"https:\\\/\\\/www.solopress.com\\\/blog\\\/tr\\\/author\\\/danny-powell\\\/\"}]}<\/script>\n<!-- \/ Yoast SEO plugin. -->","yoast_head_json":{"title":"Photoshop'ta Degrade Arac\u0131 Nas\u0131l Kullan\u0131l\u0131r | Adobe Tutorial | Solopress UK","description":"Tasar\u0131mlar\u0131n\u0131zda \u00e7arp\u0131c\u0131 renk kar\u0131\u015f\u0131m\u0131 efektleri olu\u015fturmak i\u00e7in Photoshop'ta degrade arac\u0131n\u0131 nas\u0131l kullanaca\u011f\u0131n\u0131za bir g\u00f6z at\u0131yoruz.","robots":{"index":"index","follow":"follow","max-snippet":"max-snippet:-1","max-image-preview":"max-image-preview:large","max-video-preview":"max-video-preview:-1"},"canonical":"https:\/\/www.solopress.com\/blog\/tr\/ogreticiler\/photoshopta-degrade-araci-nasil-kullanilir\/","og_locale":"tr_TR","og_type":"article","og_title":"How to Use the Gradient Tool in Photoshop | Adobe Tutorial | Solopress UK","og_description":"We\u2019re taking a look at how to use the gradient tool in Photoshop to create stunning colour blend effects in your designs.","og_url":"https:\/\/www.solopress.com\/blog\/tr\/ogreticiler\/photoshopta-degrade-araci-nasil-kullanilir\/","og_site_name":"The Latest Print and Design News | Solopress","article_publisher":"https:\/\/www.facebook.com\/Solopress","article_published_time":"2020-02-03T16:06:55+00:00","article_modified_time":"2021-02-24T12:50:16+00:00","og_image":[{"width":800,"height":600,"url":"https:\/\/www.solopress.com\/blog\/wp-content\/uploads\/2020\/07\/GradientPS.jpg","type":"image\/jpeg"}],"author":"Danny Powell","twitter_card":"summary_large_image","twitter_creator":"@solopress","twitter_site":"@solopress","twitter_misc":{"Yazan:":"Danny Powell","Tahmini okuma s\u00fcresi":"7 dakika"},"schema":{"@context":"https:\/\/schema.org","@graph":[{"@type":"Article","@id":"https:\/\/www.solopress.com\/blog\/tutorials\/how-to-use-the-gradient-tool-in-photoshop\/#article","isPartOf":{"@id":"https:\/\/www.solopress.com\/blog\/tutorials\/how-to-use-the-gradient-tool-in-photoshop\/"},"author":{"name":"Danny Powell","@id":"https:\/\/www.solopress.com\/blog\/#\/schema\/person\/0937555a256c22f94400f4b7e2329c09"},"headline":"How to use the gradient tool in Photoshop","datePublished":"2020-02-03T16:06:55+00:00","dateModified":"2021-02-24T12:50:16+00:00","mainEntityOfPage":{"@id":"https:\/\/www.solopress.com\/blog\/tutorials\/how-to-use-the-gradient-tool-in-photoshop\/"},"wordCount":1407,"commentCount":0,"publisher":{"@id":"https:\/\/www.solopress.com\/blog\/#organization"},"image":{"@id":"https:\/\/www.solopress.com\/blog\/tutorials\/how-to-use-the-gradient-tool-in-photoshop\/#primaryimage"},"thumbnailUrl":"https:\/\/www.solopress.com\/blog\/wp-content\/uploads\/2020\/07\/GradientPS.jpg","keywords":["Photoshop"],"articleSection":["Design Tutorials"],"inLanguage":"tr","potentialAction":[{"@type":"CommentAction","name":"Comment","target":["https:\/\/www.solopress.com\/blog\/tutorials\/how-to-use-the-gradient-tool-in-photoshop\/#respond"]}]},{"@type":"WebPage","@id":"https:\/\/www.solopress.com\/blog\/tutorials\/how-to-use-the-gradient-tool-in-photoshop\/","url":"https:\/\/www.solopress.com\/blog\/tutorials\/how-to-use-the-gradient-tool-in-photoshop\/","name":"Photoshop'ta Degrade Arac\u0131 Nas\u0131l Kullan\u0131l\u0131r | Adobe Tutorial | Solopress UK","isPartOf":{"@id":"https:\/\/www.solopress.com\/blog\/#website"},"primaryImageOfPage":{"@id":"https:\/\/www.solopress.com\/blog\/tutorials\/how-to-use-the-gradient-tool-in-photoshop\/#primaryimage"},"image":{"@id":"https:\/\/www.solopress.com\/blog\/tutorials\/how-to-use-the-gradient-tool-in-photoshop\/#primaryimage"},"thumbnailUrl":"https:\/\/www.solopress.com\/blog\/wp-content\/uploads\/2020\/07\/GradientPS.jpg","datePublished":"2020-02-03T16:06:55+00:00","dateModified":"2021-02-24T12:50:16+00:00","description":"Tasar\u0131mlar\u0131n\u0131zda \u00e7arp\u0131c\u0131 renk kar\u0131\u015f\u0131m\u0131 efektleri olu\u015fturmak i\u00e7in Photoshop'ta degrade arac\u0131n\u0131 nas\u0131l kullanaca\u011f\u0131n\u0131za bir g\u00f6z at\u0131yoruz.","breadcrumb":{"@id":"https:\/\/www.solopress.com\/blog\/tutorials\/how-to-use-the-gradient-tool-in-photoshop\/#breadcrumb"},"inLanguage":"tr","potentialAction":[{"@type":"ReadAction","target":["https:\/\/www.solopress.com\/blog\/tutorials\/how-to-use-the-gradient-tool-in-photoshop\/"]}]},{"@type":"ImageObject","inLanguage":"tr","@id":"https:\/\/www.solopress.com\/blog\/tutorials\/how-to-use-the-gradient-tool-in-photoshop\/#primaryimage","url":"https:\/\/www.solopress.com\/blog\/wp-content\/uploads\/2020\/07\/GradientPS.jpg","contentUrl":"https:\/\/www.solopress.com\/blog\/wp-content\/uploads\/2020\/07\/GradientPS.jpg","width":800,"height":600,"caption":"How to use the gradient tool in photoshop header image"},{"@type":"BreadcrumbList","@id":"https:\/\/www.solopress.com\/blog\/tutorials\/how-to-use-the-gradient-tool-in-photoshop\/#breadcrumb","itemListElement":[{"@type":"ListItem","position":1,"name":"Blog","item":"https:\/\/www.solopress.com\/blog\/"},{"@type":"ListItem","position":2,"name":"How to use the gradient tool in Photoshop"}]},{"@type":"WebSite","@id":"https:\/\/www.solopress.com\/blog\/#website","url":"https:\/\/www.solopress.com\/blog\/","name":"En Son Bask\u0131 ve Tasar\u0131m Haberleri | Solopress","description":"","publisher":{"@id":"https:\/\/www.solopress.com\/blog\/#organization"},"potentialAction":[{"@type":"SearchAction","target":{"@type":"EntryPoint","urlTemplate":"https:\/\/www.solopress.com\/blog\/?s={search_term_string}"},"query-input":{"@type":"PropertyValueSpecification","valueRequired":true,"valueName":"search_term_string"}}],"inLanguage":"tr"},{"@type":"Organization","@id":"https:\/\/www.solopress.com\/blog\/#organization","name":"Solopress","url":"https:\/\/www.solopress.com\/blog\/","logo":{"@type":"ImageObject","inLanguage":"tr","@id":"https:\/\/www.solopress.com\/blog\/#\/schema\/logo\/image\/","url":"https:\/\/www.solopress.com\/blog\/wp-content\/uploads\/2017\/06\/solopress-logo-no-tagline@2x.png","contentUrl":"https:\/\/www.solopress.com\/blog\/wp-content\/uploads\/2017\/06\/solopress-logo-no-tagline@2x.png","width":428,"height":88,"caption":"Solopress"},"image":{"@id":"https:\/\/www.solopress.com\/blog\/#\/schema\/logo\/image\/"},"sameAs":["https:\/\/www.facebook.com\/Solopress","https:\/\/x.com\/solopress","https:\/\/instagram.com\/solopress\/","https:\/\/www.linkedin.com\/company\/solopress","https:\/\/uk.pinterest.com\/solopress\/","https:\/\/www.youtube.com\/user\/solopress"]},{"@type":"Person","@id":"https:\/\/www.solopress.com\/blog\/#\/schema\/person\/0937555a256c22f94400f4b7e2329c09","name":"Danny Powell","image":{"@type":"ImageObject","inLanguage":"tr","@id":"https:\/\/secure.gravatar.com\/avatar\/61a91dfef0f2540955232e281a9d8dd099c01492bda6e2638fa05db47a9665eb?s=96&r=g","url":"https:\/\/secure.gravatar.com\/avatar\/61a91dfef0f2540955232e281a9d8dd099c01492bda6e2638fa05db47a9665eb?s=96&r=g","contentUrl":"https:\/\/secure.gravatar.com\/avatar\/61a91dfef0f2540955232e281a9d8dd099c01492bda6e2638fa05db47a9665eb?s=96&r=g","caption":"Danny Powell"},"description":"Yirmi y\u0131l\u0131 a\u015fk\u0131n bir s\u00fcredir pazarlama alan\u0131nda \u00e7al\u0131\u015fan Danny Powell, \u0130ngiltere'nin \u00f6nde gelen online matbaalar\u0131ndan biri olan Solopress'te K\u0131demli Metin Yazar\u0131 olarak g\u00f6rev yap\u0131yor. Sekt\u00f6r\u00fcn bask\u0131 sat\u0131n alma, ajans ve sat\u0131\u015f taraflar\u0131nda \u00e7al\u0131\u015fm\u0131\u015f olan Powell, bask\u0131, tasar\u0131m ve s\u00fcrd\u00fcr\u00fclebilirlik konular\u0131ndaki yaz\u0131lar\u0131na \u00e7ok y\u00f6nl\u00fc bir bak\u0131\u015f a\u00e7\u0131s\u0131 getiriyor.","url":"https:\/\/www.solopress.com\/blog\/tr\/author\/danny-powell\/"}]}},"jetpack_featured_media_url":"https:\/\/www.solopress.com\/blog\/wp-content\/uploads\/2020\/07\/GradientPS.jpg","_links":{"self":[{"href":"https:\/\/www.solopress.com\/blog\/tr\/wp-json\/wp\/v2\/posts\/66482","targetHints":{"allow":["GET"]}}],"collection":[{"href":"https:\/\/www.solopress.com\/blog\/tr\/wp-json\/wp\/v2\/posts"}],"about":[{"href":"https:\/\/www.solopress.com\/blog\/tr\/wp-json\/wp\/v2\/types\/post"}],"author":[{"embeddable":true,"href":"https:\/\/www.solopress.com\/blog\/tr\/wp-json\/wp\/v2\/users\/134"}],"replies":[{"embeddable":true,"href":"https:\/\/www.solopress.com\/blog\/tr\/wp-json\/wp\/v2\/comments?post=66482"}],"version-history":[{"count":5,"href":"https:\/\/www.solopress.com\/blog\/tr\/wp-json\/wp\/v2\/posts\/66482\/revisions"}],"predecessor-version":[{"id":67013,"href":"https:\/\/www.solopress.com\/blog\/tr\/wp-json\/wp\/v2\/posts\/66482\/revisions\/67013"}],"wp:featuredmedia":[{"embeddable":true,"href":"https:\/\/www.solopress.com\/blog\/tr\/wp-json\/wp\/v2\/media\/68596"}],"wp:attachment":[{"href":"https:\/\/www.solopress.com\/blog\/tr\/wp-json\/wp\/v2\/media?parent=66482"}],"wp:term":[{"taxonomy":"category","embeddable":true,"href":"https:\/\/www.solopress.com\/blog\/tr\/wp-json\/wp\/v2\/categories?post=66482"},{"taxonomy":"post_tag","embeddable":true,"href":"https:\/\/www.solopress.com\/blog\/tr\/wp-json\/wp\/v2\/tags?post=66482"}],"curies":[{"name":"wp","href":"https:\/\/api.w.org\/{rel}","templated":true}]}}