{"id":69073,"date":"2020-08-10T13:22:27","date_gmt":"2020-08-10T12:22:27","guid":{"rendered":"https:\/\/www.solopress.com\/blog\/?p=69073"},"modified":"2023-05-25T21:24:33","modified_gmt":"2023-05-25T20:24:33","slug":"kagit-geri%cc%87-donusumu-i%cc%87ci%cc%87n-ni%cc%87hai%cc%87-rehber","status":"publish","type":"post","link":"https:\/\/www.solopress.com\/blog\/tr\/eco-friendly\/the-ultimate-guide-to-paper-recycling\/","title":{"rendered":"Ka\u011f\u0131t geri d\u00f6n\u00fc\u015f\u00fcm\u00fc i\u00e7in nihai k\u0131lavuz"},"content":{"rendered":"<div id=\"bsf_rt_marker\"><\/div><p>Ka\u011f\u0131t geri d\u00f6n\u00fc\u015f\u00fcm\u00fc g\u00fcnl\u00fck rutinimizin bir par\u00e7as\u0131 haline geldi. Yerel y\u00f6netimlerin kald\u0131r\u0131mlar\u0131m\u0131zdan en az iki t\u00fcr geri d\u00f6n\u00fc\u015ft\u00fcr\u00fclebilir malzeme toplamas\u0131n\u0131n 2010 y\u0131l\u0131na kadar yasal bir zorunluluk haline gelmedi\u011fini d\u00fc\u015f\u00fcnmek garip.<\/p>\n<p>O zamandan bu yana ge\u00e7en on y\u0131lda hepimiz \u00e7evre konusunda daha bilin\u00e7li hale geldik, ancak \u00e7o\u011fumuzun hala bilgi eksiklikleri var. Ka\u011f\u0131t geri d\u00f6n\u00fc\u015f\u00fcm\u00fcn\u00fcn nas\u0131l i\u015fledi\u011fini ger\u00e7ekten biliyor muyuz? Ve geri d\u00f6n\u00fc\u015f\u00fcm kutular\u0131m\u0131za tam olarak ne t\u00fcr ka\u011f\u0131t \u00fcr\u00fcnleri koyabilece\u011fimizi?<\/p>\n<p>Ka\u011f\u0131t geri d\u00f6n\u00fc\u015f\u00fcm\u00fcne ili\u015fkin nihai rehberimizde, bilgi bo\u015fluklar\u0131n\u0131 doldurmak ve nas\u0131l, neyi ve neden geri d\u00f6n\u00fc\u015ft\u00fcrd\u00fc\u011f\u00fcm\u00fcze dair daha geni\u015f bir anlay\u0131\u015f getirmek i\u00e7in yola \u00e7\u0131kt\u0131k.<\/p>\n<h2><strong>Bu makalede ne var?<\/strong><\/h2>\n<ul>\n<li><a href=\"#StepByStep\" rel=\"nofollow\">Ka\u011f\u0131t ad\u0131m ad\u0131m nas\u0131l geri d\u00f6n\u00fc\u015ft\u00fcr\u00fcl\u00fcr?<\/a><\/li>\n<li><a href=\"#HowTo\" rel=\"nofollow\">Ka\u011f\u0131t nas\u0131l geri d\u00f6n\u00fc\u015ft\u00fcr\u00fcl\u00fcr<\/a><\/li>\n<li><a href=\"#Kinds\" rel=\"nofollow\">Ne t\u00fcr ka\u011f\u0131tlar\u0131 geri d\u00f6n\u00fc\u015ft\u00fcrebilirim?<\/a><\/li>\n<li><a href=\"#Difference\" rel=\"nofollow\">Ka\u011f\u0131t geri d\u00f6n\u00fc\u015f\u00fcm\u00fc bir fark yarat\u0131yor mu?<\/a><\/li>\n<li><a href=\"#Solopress\" rel=\"nofollow\">Ka\u011f\u0131t geri d\u00f6n\u00fc\u015f\u00fcm\u00fc ve Solopress<\/a><\/li>\n<\/ul>\n<p>&nbsp;<\/p>\n<h2 id=\"StepByStep\"><strong>Ka\u011f\u0131t ad\u0131m ad\u0131m nas\u0131l geri d\u00f6n\u00fc\u015ft\u00fcr\u00fcl\u00fcr?<\/strong><\/h2>\n<p>At\u0131k ka\u011f\u0131tlar\u0131n al\u0131nmas\u0131 ve tekrar kullan\u0131labilecek bir \u00fcr\u00fcne d\u00f6n\u00fc\u015ft\u00fcr\u00fclmesinde birka\u00e7 a\u015fama vard\u0131r. \u0130\u015fte en s\u0131k izlenen s\u00fcre\u00e7lerin bir \u00f6zeti:<\/p>\n<h3><strong>1. Toplama ve ta\u015f\u0131ma<\/strong><\/h3>\n<p>Evsel ka\u011f\u0131t geri d\u00f6n\u00fc\u015f\u00fcm at\u0131klar\u0131 i\u00e7in toplama \u0130ngiltere'deki yerel belediyeler taraf\u0131ndan ger\u00e7ekle\u015ftirilirken, i\u015fletmeler \u00f6zel firmalara g\u00fcvenebilir. Malzeme daha sonra bir geri d\u00f6n\u00fc\u015f\u00fcm tesisine g\u00f6t\u00fcr\u00fcl\u00fcr.<\/p>\n<h3><strong>2. S\u0131ralama<\/strong><\/h3>\n<p>Geri d\u00f6n\u00fc\u015f\u00fcm tesisine ula\u015ft\u0131\u011f\u0131nda, malzeme s\u0131n\u0131flara ayr\u0131l\u0131r. Avrupa'da, geri kazan\u0131lm\u0131\u015f ka\u011f\u0131t ve kartonlar\u0131n Standart S\u0131n\u0131flar\u0131, Avrupa Ka\u011f\u0131t End\u00fcstrileri Konfederasyonu (CEPI) taraf\u0131ndan tan\u0131mland\u0131\u011f\u0131 gibi be\u015f gruba ayr\u0131lm\u0131\u015ft\u0131r:<\/p>\n<ul>\n<li><strong>Grup 1: D\u00fc\u015f\u00fck Nitelikler<\/strong>. Buna ambalaj malzemeleri, dergiler, gazeteler ve telefon rehberleri gibi kullan\u0131lm\u0131\u015f oluklu ve oluksuz mukavvalar dahildir.<\/li>\n<li><strong>Grup 2: Orta Nitelikler. <\/strong>Sat\u0131lmam\u0131\u015f gazeteler, matbaa at\u0131klar\u0131, ofis at\u0131klar\u0131, odunsuz kitaplar vb.<\/li>\n<li><strong>Grup 3: Y\u00fcksek Nitelikler. <\/strong>Bask\u0131s\u0131z ve hafif bask\u0131l\u0131 at\u0131k ka\u011f\u0131t ve tahta.<\/li>\n<li><strong>Grup 4: Kraft Nitelikleri. <\/strong>Kullan\u0131lmam\u0131\u015f oluklu ve oluksuz mukavva, kullan\u0131lmam\u0131\u015f veya kullan\u0131lm\u0131\u015f Kraft ka\u011f\u0131t at\u0131klar\u0131.<\/li>\n<li><strong>Grup 5: \u00d6zel Nitelikler. <\/strong>Balmumu veya bit\u00fcm ile i\u015flenmi\u015f olanlar hari\u00e7, \u00e7e\u015fitli kar\u0131\u015f\u0131k, kaplanm\u0131\u015f, p\u00fcsk\u00fcrt\u00fclm\u00fc\u015f ve lamine edilmi\u015f malzemeler.<\/li>\n<\/ul>\n<p>Ka\u011f\u0131t olmayan bile\u015fenler ve \u00fcretim i\u00e7in zararl\u0131 oldu\u011fu d\u00fc\u015f\u00fcn\u00fclen ka\u011f\u0131t ve karton bu a\u015famada \u00e7\u0131kar\u0131l\u0131r. Geri kazan\u0131lan malzemenin kalitesi ne kadar y\u00fcksek olursa, o gruptan \u00fcretilebilecek ka\u011f\u0131t da o kadar y\u00fcksek kalitede olur.<\/p>\n<h3><strong>3. Sadece su ekleyin...<\/strong><\/h3>\n<p>At\u0131k ka\u011f\u0131t, malzemeyi yumu\u015fatmaya ve par\u00e7alamaya ba\u015flamak i\u00e7in su ve kimyasal reaktiflerin eklendi\u011fi b\u00fcy\u00fck bir kazana yerle\u015ftirilir. Kar\u0131\u015f\u0131m daha sonra tipik olarak kar\u0131\u015ft\u0131r\u0131l\u0131r ve harmanlan\u0131rken s\u00fcrece daha fazla yard\u0131mc\u0131 olmak i\u00e7in \u0131s\u0131 uygulan\u0131r. Malzeme par\u00e7alan\u0131p sel\u00fcloz lifleri ve sudan olu\u015fan ak\u0131c\u0131 bir kar\u0131\u015f\u0131ma d\u00f6n\u00fc\u015ft\u00fc\u011f\u00fcnde ortaya ka\u011f\u0131t hamuru veya bulama\u00e7 ad\u0131 verilen bir madde \u00e7\u0131kar.<\/p>\n<h3><strong>4. Gerginli\u011fi al\u0131n<\/strong><\/h3>\n<p>Bulama\u00e7 daha sonra z\u0131mba teli, yap\u0131\u015fkan bant ve di\u011fer yabanc\u0131 cisimler gibi ka\u011f\u0131t olmayan malzemeleri elemek i\u00e7in s\u00fcz\u00fcl\u00fcr.<\/p>\n<h3><strong>5. Bir tur atmak<\/strong><\/h3>\n<p>Alternatif bir proseste bulama\u00e7, merkezka\u00e7 kuvvetlerinin z\u0131mba ve pim gibi a\u011f\u0131r kirleticileri \u00e7\u0131kar\u0131labilecekleri kenara itti\u011fi konik kazanlarda d\u00f6nd\u00fcr\u00fcl\u00fcr.<\/p>\n<h3><strong>6. M\u00fcrekkep giderme<\/strong><\/h3>\n<p>Bir yetkiliye g\u00f6re<sup>1<\/sup>m\u00fcrekkep, at\u0131k ka\u011f\u0131d\u0131n t\u00fcm a\u011f\u0131rl\u0131\u011f\u0131n\u0131n 2%'sini olu\u015fturmaktad\u0131r. Bu, bir sonraki a\u015famaya ge\u00e7meye haz\u0131r olmadan \u00f6nce ikincil elyaftan \u00e7\u0131kar\u0131lmas\u0131 gereken \u00f6nemli bir bile\u015fendir.<\/p>\n<p>\u00c7\u0131karmak istedi\u011fimiz m\u00fcrekkepler ve yap\u0131\u015ft\u0131r\u0131c\u0131lar su itici oldu\u011fundan ve bulama\u00e7 art\u0131k esas olarak su oldu\u011fundan, onlar\u0131 ay\u0131rmak asl\u0131nda d\u00fc\u015f\u00fcnd\u00fc\u011f\u00fcn\u00fczden daha kolayd\u0131r. Sadece birbirlerinden ayr\u0131lmalar\u0131 i\u00e7in bir yard\u0131m eline ihtiya\u00e7lar\u0131 vard\u0131r. Bu da flotasyonla m\u00fcrekkep giderme ad\u0131 verilen, kimyasal bir y\u00fczey aktif madde eklenmesini ve bulama\u00e7tan kabarc\u0131klar ge\u00e7irilmesini i\u00e7eren bir i\u015flemle ger\u00e7ekle\u015ftirilir.<\/p>\n<p>Kabarc\u0131klar do\u011fal olarak bulama\u00e7 i\u00e7inde yukar\u0131 do\u011fru hareket ederken, hidrofobik m\u00fcrekkep par\u00e7ac\u0131klar\u0131n\u0131 da beraberlerinde ta\u015f\u0131rlar. Kimyasal y\u00fczey aktif madde, bulama\u00e7taki y\u00fczey gerilimini azaltarak istenmeyen partik\u00fcllerin s\u0131v\u0131dan ayr\u0131lmas\u0131n\u0131 sa\u011flayarak s\u00fcrece yard\u0131mc\u0131 olur. M\u00fcrekkep ve yap\u0131\u015ft\u0131r\u0131c\u0131 daha sonra y\u00fczeyde s\u0131yr\u0131l\u0131p at\u0131labilen bir k\u00f6p\u00fck olarak toplan\u0131r.<\/p>\n<h3><strong>7. Temizleme ve a\u011fartma<\/strong><\/h3>\n<p>Bulama\u00e7 genellikle daha fazla kirleticiyi gidermek i\u00e7in son bir durulama i\u015fleminden ge\u00e7er. E\u011fer bulama\u00e7 beyaz bir ka\u011f\u0131t sto\u011funa d\u00f6n\u00fc\u015fecekse, bir dizi kimyasal kullan\u0131larak a\u011fartma i\u015fleminden ge\u00e7irilmesi gerekecektir. Nihai \u00fcr\u00fcn renkli bir ka\u011f\u0131t olsa bile, bulamac\u0131n renksiz bir temel malzeme olu\u015fturmak i\u00e7in a\u011fart\u0131lmas\u0131 gerekecektir.<\/p>\n<p>Modern bulama\u00e7 a\u011fartmada en yayg\u0131n a\u011fartma maddesi dizisi CEDED olarak bilinir ve klor (C), alkali ekstraksiyon (E), klor dioksit (D), tekrar alkali ekstraksiyon (E) ve tekrar klor dioksit (D) anlam\u0131na gelir.<\/p>\n<h3><strong>8. Ba\u015fka bir ince a\u011f...<\/strong><\/h3>\n<p>Temizlenmi\u015f bulama\u00e7 metal bir a\u011f \u00fczerine p\u00fcsk\u00fcrt\u00fcl\u00fcr, bu da nemin b\u00fcy\u00fck bir k\u0131sm\u0131 s\u00fcz\u00fcl\u00fcrken tek bir tabaka halinde toplanmas\u0131n\u0131 sa\u011flar. Katman kuruduk\u00e7a lifler ba\u011flanmaya ba\u015flar ve bulama\u00e7 tek bir tabaka haline gelmeye ba\u015flar.<\/p>\n<h3><strong>9. Haydi Yuvarlanal\u0131m<\/strong><\/h3>\n<p>Suya doymu\u015f tabaka art\u0131k bir dizi silindirden ge\u00e7meye haz\u0131rd\u0131r. Silindirler tabakay\u0131 s\u0131k\u0131\u015ft\u0131rarak nemi d\u0131\u015far\u0131 atar ve lifleri sa\u011flamla\u015ft\u0131r\u0131r. Is\u0131t\u0131lm\u0131\u015f silindirler daha sonra kurutma ve s\u0131k\u0131\u015ft\u0131rma i\u015flemine devam eder ve tabaka bir ka\u011f\u0131t rulosu haline gelene kadar devam eder.<\/p>\n<p>&nbsp;<\/p>\n<h2 id=\"HowTo\"><strong>Ka\u011f\u0131t nas\u0131l geri d\u00f6n\u00fc\u015ft\u00fcr\u00fcl\u00fcr<\/strong><\/h2>\n<p>Ev hayat\u0131m\u0131zda hepimiz bu ama\u00e7 i\u00e7in \u00fczerimize d\u00fc\u015feni yapabiliriz. Birle\u015fik Krall\u0131k genelinde evsel ka\u011f\u0131t at\u0131klar\u0131 geri d\u00f6n\u00fc\u015f\u00fcme g\u00f6t\u00fcrmek i\u00e7in kald\u0131r\u0131m kenar\u0131 ka\u011f\u0131t toplama sistemi mevcuttur. Biraz bilgi ve kararl\u0131l\u0131kla, at\u0131klar\u0131m\u0131z\u0131n ne kadar\u0131n\u0131n geri d\u00f6n\u00fc\u015ft\u00fcr\u00fclece\u011fini optimize edebilir ve verdi\u011fimiz malzemeyi kirletmekten ka\u00e7\u0131nabiliriz.<\/p>\n<p>Birle\u015fik Krall\u0131k'taki \u00e7e\u015fitli yerel y\u00f6netimler farkl\u0131 sa\u011flay\u0131c\u0131lar kullanmakta ve farkl\u0131 sistemler uygulamaktad\u0131r, bu nedenle b\u00f6lgenizdeki ka\u011f\u0131t geri d\u00f6n\u00fc\u015f\u00fcm\u00fc kurallar\u0131n\u0131n neler oldu\u011funu g\u00f6rmek i\u00e7in web sitelerini ziyaret etmek her zaman faydal\u0131 olacakt\u0131r. At\u0131klar\u0131n\u0131zla hangi yetkilinin ilgilendi\u011finden ve y\u00f6nergelerinin ne oldu\u011fundan emin de\u011filseniz, posta kodunuzu \u015fu adrese girebilirsiniz <a href=\"https:\/\/www.gov.uk\/recycling-collections\" target=\"_blank\" rel=\"noopener noreferrer\">Birle\u015fik Krall\u0131k H\u00fck\u00fcmeti web sitesindeki Geri D\u00f6n\u00fc\u015f\u00fcm Toplama sayfas\u0131<\/a> \u00f6\u011frenmek i\u00e7in.<\/p>\n<p>\u0130htiyac\u0131n\u0131z olan geri d\u00f6n\u00fc\u015f\u00fcm y\u00f6nergelerini bulduktan sonra, bunlar\u0131 yazd\u0131rmak veya yazmak iyi bir fikirdir. Hangi e\u015fyalar\u0131n nereye konulaca\u011f\u0131n\u0131 ev halk\u0131na hat\u0131rlatmak i\u00e7in bunlar\u0131 mutfakta sergileyin. Uygun olmayan maddeler t\u00fcm partiyi bozabilir, bu nedenle hepimizin at\u0131k maddeleri uygun kutuya koyma sorumlulu\u011funu almay\u0131 \u00f6\u011frenmemiz \u00f6nemlidir.<\/p>\n<p>\u0130\u015fletmeler i\u00e7in, sizin ad\u0131n\u0131za ticari geri d\u00f6n\u00fc\u015f\u00fcm yapabilecek uygun bir yerel at\u0131k y\u00fcklenicisi bulun. Maliyetler, toplama s\u0131kl\u0131\u011f\u0131 ve hacmine ve \u00fcretti\u011finiz at\u0131k t\u00fcrlerine ba\u011fl\u0131 olarak de\u011fi\u015fecektir. Rekabet\u00e7i bir teklif alman\u0131z\u0131 sa\u011flamak i\u00e7in en az \u00fc\u00e7 teklif toplad\u0131\u011f\u0131n\u0131zdan emin olun.<\/p>\n<p>&nbsp;<\/p>\n<h2 id=\"Kinds\"><strong>Ne t\u00fcr ka\u011f\u0131tlar\u0131 geri d\u00f6n\u00fc\u015ft\u00fcrebilirim?<\/strong><\/h2>\n<p>Ka\u011f\u0131t geri d\u00f6n\u00fc\u015f\u00fcm\u00fc uzun zamand\u0131r var olmas\u0131na ra\u011fmen, neyin geri d\u00f6n\u00fc\u015ft\u00fcr\u00fclebilir neyin d\u00f6n\u00fc\u015ft\u00fcr\u00fclemez oldu\u011fu konusunda bilgimizde pek \u00e7ok bo\u015fluk var.  Burada, bu gri alanlara \u0131\u015f\u0131k tutmaya ve hangi t\u00fcr ka\u011f\u0131tlar\u0131n geri d\u00f6n\u00fc\u015ft\u00fcr\u00fclebilece\u011fi veya d\u00f6n\u00fc\u015ft\u00fcr\u00fclemeyece\u011fi konusundaki gizemlerden birka\u00e7\u0131n\u0131 ortadan kald\u0131rmaya \u00e7al\u0131\u015f\u0131yoruz.<\/p>\n<p><img loading=\"lazy\" decoding=\"async\" class=\"aligncenter size-full wp-image-69091\" src=\"https:\/\/www.solopress.com\/blog\/wp-content\/uploads\/2020\/08\/types-of-paper.jpg\" alt=\"Ka\u011f\u0131t T\u00fcrleri\" width=\"900\" height=\"600\" \/><\/p>\n<h3><strong>Bas\u0131l\u0131 ka\u011f\u0131tlar\u0131 geri d\u00f6n\u00fc\u015ft\u00fcrebilir misiniz?<\/strong><\/h3>\n<p><strong>EVET. <\/strong>Bas\u0131l\u0131 ka\u011f\u0131d\u0131n\u0131z geri d\u00f6n\u00fc\u015ft\u00fcr\u00fcld\u00fc\u011f\u00fcnde, m\u00fcrekkep giderme i\u015flemi m\u00fcrekkebi ka\u011f\u0131t hamurundan \u00e7\u0131karabilir. A\u011fartma i\u015fleminin ard\u0131ndan tekrar beyaz ka\u011f\u0131t haline bile gelebilir.<\/p>\n<h3><strong>Ambalaj ka\u011f\u0131tlar\u0131n\u0131 geri d\u00f6n\u00fc\u015ft\u00fcrebilir misiniz?<\/strong><\/h3>\n<p><strong>BELKI. <\/strong>Baz\u0131 ambalaj ka\u011f\u0131tlar\u0131 geri d\u00f6n\u00fc\u015ft\u00fcr\u00fclebilirken baz\u0131lar\u0131 geri d\u00f6n\u00fc\u015ft\u00fcr\u00fclemez. Baz\u0131 hediye paketleri zaten geri d\u00f6n\u00fc\u015ft\u00fcr\u00fclm\u00fc\u015f malzemeden yap\u0131l\u0131r ki bu daha da iyidir, ancak hi\u00e7 geri d\u00f6n\u00fc\u015ft\u00fcr\u00fclemeyen \u00fcr\u00fcnler de vard\u0131r. Ambalaj ka\u011f\u0131d\u0131n\u0131 sat\u0131n alan ki\u015fi sizseniz, sat\u0131n almadan \u00f6nce kontrol etmek en iyisidir, ancak \u00fcr\u00fcn\u00fcn do\u011fas\u0131 gere\u011fi ka\u011f\u0131d\u0131 sat\u0131n alan ki\u015fi onu imha etmesi gereken ki\u015fi olmayabilir. Noel sabah\u0131 elinizde ay\u0131rmaya haz\u0131r bir y\u0131\u011f\u0131n farkl\u0131 ka\u011f\u0131t varken nereden ba\u015flayacaks\u0131n\u0131z?<\/p>\n<p>Ambalaj ka\u011f\u0131tlar\u0131n\u0131 geri d\u00f6n\u00fc\u015ft\u00fcr\u00fcp d\u00f6n\u00fc\u015ft\u00fcremeyece\u011finize karar verirken dikkat etmeniz gereken h\u0131zl\u0131 bir kontrol listesi:<\/p>\n<ul>\n<li>Ka\u011f\u0131d\u0131n \u00fczerinde par\u0131lt\u0131 var m\u0131? E\u011fer \u00f6yleyse, geri d\u00f6n\u00fc\u015ft\u00fcr\u00fclemez.<\/li>\n<li>Ka\u011f\u0131t metalik mi veya metalik s\u00fcslemeler i\u00e7eriyor mu? E\u011fer \u00f6yleyse, geri d\u00f6n\u00fc\u015ft\u00fcr\u00fclemez.<\/li>\n<li>Ka\u011f\u0131d\u0131 bir top haline getirdi\u011finizde bu \u015fekilde mi kal\u0131yor yoksa \u00e7\u00f6z\u00fcl\u00fcyor mu? E\u011fer \u00e7\u00f6z\u00fcl\u00fcyorsa, ka\u011f\u0131d\u0131n geri d\u00f6n\u00fc\u015ft\u00fcr\u00fclebilir bir malzemeden yap\u0131lm\u0131\u015f olmas\u0131 pek m\u00fcmk\u00fcn de\u011fildir.<\/li>\n<\/ul>\n<h3><strong>Tebrik kartlar\u0131n\u0131 geri d\u00f6n\u00fc\u015ft\u00fcrebilir misiniz?<\/strong><\/h3>\n<p><strong>BELKI. <\/strong>Ambalaj ka\u011f\u0131d\u0131 gibi, baz\u0131 tebrik kartlar\u0131 da geri d\u00f6n\u00fc\u015ft\u00fcr\u00fclm\u00fc\u015f malzemeden yap\u0131l\u0131r, baz\u0131lar\u0131 geri d\u00f6n\u00fc\u015ft\u00fcr\u00fclebilirken baz\u0131lar\u0131 geri d\u00f6n\u00fc\u015ft\u00fcr\u00fclemez. Yine, par\u0131lt\u0131l\u0131, metalik s\u00fcslemeli veya tasar\u0131m\u0131nda ka\u011f\u0131t olmayan unsurlar i\u00e7eren herhangi bir kart\u0131 geri d\u00f6n\u00fc\u015ft\u00fcremezsiniz.<\/p>\n<h3><strong>Renkli ka\u011f\u0131tlar\u0131 geri d\u00f6n\u00fc\u015ft\u00fcrebilir misiniz?<\/strong><\/h3>\n<p><strong>BELKI. <\/strong>Birka\u00e7 istisna d\u0131\u015f\u0131nda, renkli ka\u011f\u0131tlar genellikle geri d\u00f6n\u00fc\u015ft\u00fcr\u00fclebilir. \u00dczerine yaz\u0131 yaz\u0131labilecek kadar hafif olan veya y\u0131rt\u0131ld\u0131\u011f\u0131nda i\u00e7 k\u0131sm\u0131 beyaz olan ka\u011f\u0131tlar genellikle geri d\u00f6n\u00fc\u015ft\u00fcr\u00fclebilir. Ancak, rengin t\u00fcm malzemeyi kaplad\u0131\u011f\u0131 \u00e7ok g\u00fc\u00e7l\u00fc renkli ka\u011f\u0131tlar geri d\u00f6n\u00fc\u015ft\u00fcr\u00fclemeyebilir.<\/p>\n<h3><strong>Katalog ve bro\u015f\u00fcrleri geri d\u00f6n\u00fc\u015ft\u00fcrebilir misiniz?<\/strong><\/h3>\n<p><strong>EVET. <\/strong>Genellikle parlak g\u00f6r\u00fcn\u00fcmleri sizi yan\u0131ltmas\u0131n. Kataloglar ve bro\u015f\u00fcrler neredeyse her zaman geri d\u00f6n\u00fc\u015ft\u00fcr\u00fclebilir. A\u011f\u0131r bas\u0131l\u0131 materyaller bile geri d\u00f6n\u00fc\u015ft\u00fcr\u00fcld\u00fckten sonra tekrar kullan\u0131labilir.<\/p>\n<h3><strong>Dergileri geri d\u00f6n\u00fc\u015ft\u00fcrebilir misiniz?<\/strong><\/h3>\n<p><strong>EVET. <\/strong>Ne kadar parlak g\u00f6r\u00fcnd\u00fcklerine veya nas\u0131l ciltlendiklerine bak\u0131lmaks\u0131z\u0131n, dergiler genellikle modern s\u00fcre\u00e7ler kullan\u0131larak geri d\u00f6n\u00fc\u015ft\u00fcr\u00fclebilir.<\/p>\n<h3><strong>\u0130\u00e7inde z\u0131mba olan ka\u011f\u0131tlar\u0131 geri d\u00f6n\u00fc\u015ft\u00fcrebilir misiniz?<\/strong><\/h3>\n<p><strong>EVET. <\/strong>Bro\u015f\u00fcrleri, dergileri ve z\u0131mbal\u0131 ofis at\u0131klar\u0131n\u0131 \u00f6nce \u00e7\u0131karmadan bile geri d\u00f6n\u00fc\u015ft\u00fcrebilirsiniz. \u00c7\u00fcnk\u00fc geri d\u00f6n\u00fc\u015f\u00fcm s\u00fcreci, ka\u011f\u0131t bulama\u00e7 haline getirildikten sonra z\u0131mbalar\u0131 eleyecek \u015fekilde donat\u0131lm\u0131\u015ft\u0131r.<\/p>\n<h3><strong>Plastik pencereli kutular\u0131 geri d\u00f6n\u00fc\u015ft\u00fcrebilir misiniz?<\/strong><\/h3>\n<p><strong>EVET. <\/strong>Yeni bir oyuncak, bir teknoloji par\u00e7as\u0131 ya da sadece birka\u00e7 lazanya yapra\u011f\u0131 sat\u0131n al\u0131rs\u0131n\u0131z. Kutu karttan yap\u0131lm\u0131\u015f, ancak plastik bir g\u00f6r\u00fcnt\u00fcleme penceresi var. Bu durumda, plastik par\u00e7ay\u0131 \u00e7\u0131kar\u0131p ba\u015fka bir yere atman\u0131z gerekir, ancak evet - kart par\u00e7as\u0131n\u0131 normal \u015fekilde geri d\u00f6n\u00fc\u015ft\u00fcrebilirsiniz.<\/p>\n<h3><strong>Pencereli zarflar\u0131 geri d\u00f6n\u00fc\u015ft\u00fcrebilir misiniz?<\/strong><\/h3>\n<p><strong>EVET. <\/strong>\u00c7o\u011fu geri d\u00f6n\u00fc\u015f\u00fcm tesisi, standart eleme i\u015fleminin bir par\u00e7as\u0131 olarak zarflar\u0131n elenmesi ve camlar\u0131n\u0131n \u00e7\u0131kar\u0131lmas\u0131yla ba\u015fa \u00e7\u0131kabilir. Bu nedenle, \u015feffaf filmi \u00e7\u0131karma konusunda endi\u015felenmeden pencere zarflar\u0131n\u0131 do\u011frudan geri d\u00f6n\u00fc\u015f\u00fcme koyabilirsiniz.<\/p>\n<h3><strong>Makbuzlar\u0131 geri d\u00f6n\u00fc\u015ft\u00fcrebilir misiniz?<\/strong><\/h3>\n<p><strong>BELKI. <\/strong>Gi\u015felerin, otomatik kasalar\u0131n, kart okuyucular\u0131n ve ATM'lerin \u00fczerine bask\u0131 yapt\u0131\u011f\u0131 malzeme termal ka\u011f\u0131t olarak bilinir. Termal ka\u011f\u0131t kaplanmam\u0131\u015fsa geri d\u00f6n\u00fc\u015ft\u00fcr\u00fclebilir. Ancak bazen \u0131s\u0131ya daha dayan\u0131kl\u0131 ve solmaya daha az e\u011filimli olmas\u0131 i\u00e7in BPA ad\u0131 verilen bir kimyasalla kaplan\u0131r.<\/p>\n<p>Neyse ki BPA kullan\u0131m\u0131, \u00e7evresel kayg\u0131lar ve sa\u011fl\u0131k riskleriyle ba\u011flant\u0131lar\u0131 nedeniyle s\u0131k\u0131 bir \u015fekilde kontrol ediliyor. Termal ka\u011f\u0131tlarda BPA kullan\u0131m\u0131na ili\u015fkin AB \u00e7ap\u0131nda bir yasak 2020 y\u0131l\u0131nda y\u00fcr\u00fcrl\u00fc\u011fe girmi\u015ftir, bu nedenle yak\u0131nda t\u00fcm makbuzlar\u0131n geri d\u00f6n\u00fc\u015ft\u00fcr\u00fclebilir olaca\u011f\u0131ndan emin olabiliriz.<\/p>\n<h3><strong>Faks ka\u011f\u0131tlar\u0131n\u0131 geri d\u00f6n\u00fc\u015ft\u00fcrebilir misiniz?<\/strong><\/h3>\n<p><strong>HAYIR. <\/strong>Faks ka\u011f\u0131tlar\u0131 genellikle BPA i\u00e7eren termal ka\u011f\u0131tlard\u0131r. Bunun nedeni, bu modas\u0131 ge\u00e7mi\u015f teknolojinin ka\u011f\u0131t \u00fczerindeki bask\u0131y\u0131 olu\u015fturan bir boya \u00f6nc\u00fcl\u00fcn\u00fc etkinle\u015ftirmek i\u00e7in \u0131s\u0131 kullanmas\u0131d\u0131r. Daha \u00f6nce de belirtildi\u011fi gibi, BPA sa\u011fl\u0131k endi\u015feleri nedeniyle \u00e7o\u011fu \u00fclkede a\u015famal\u0131 olarak kald\u0131r\u0131lmaktad\u0131r, bu nedenle BPA ve faks makinelerinin kendileri yak\u0131nda ge\u00e7mi\u015fte kalabilir. O zamana kadar, faks ka\u011f\u0131tlar\u0131 ka\u011f\u0131t geri d\u00f6n\u00fc\u015f\u00fcm\u00fcn\u00fcze dahil edilmemelidir.<\/p>\n<h3><strong>Lamine ka\u011f\u0131d\u0131 geri d\u00f6n\u00fc\u015ft\u00fcrebilir misiniz?<\/strong><\/h3>\n<p><strong>HAYIR. <\/strong>Plastikle lamine edilmi\u015f bir ka\u011f\u0131t mevcut y\u00f6ntemlerle ayr\u0131\u015ft\u0131r\u0131lamaz ve geri d\u00f6n\u00fc\u015ft\u00fcr\u00fclemez.<\/p>\n<h3><strong>Par\u00e7alanm\u0131\u015f ka\u011f\u0131tlar\u0131 geri d\u00f6n\u00fc\u015ft\u00fcrebilir misiniz?<\/strong><\/h3>\n<p><strong>BELKI. <\/strong>Par\u00e7alanm\u0131\u015f ka\u011f\u0131d\u0131n m\u00fckemmel bir geri d\u00f6n\u00fc\u015ft\u00fcr\u00fclebilir malzeme oldu\u011funu d\u00fc\u015f\u00fcnebilirsiniz - elbette onu par\u00e7alamaya ba\u015flayarak zaten bir ba\u015flang\u0131\u00e7 yapm\u0131\u015f\u0131zd\u0131r?<\/p>\n<p>Sorun, geri d\u00f6n\u00fc\u015f\u00fcm s\u00fcrecinin ka\u011f\u0131t liflerinin uzun iplikler halinde korunmas\u0131na ba\u011fl\u0131 olmas\u0131ndan kaynaklanmaktad\u0131r. Son \u00fcr\u00fcne g\u00fcc\u00fcn\u00fc veren \u015fey budur. Par\u00e7alama i\u015flemi bu liflerin \u00e7o\u011funu k\u0131rarak daha zay\u0131f bir geri d\u00f6n\u00fc\u015ft\u00fcr\u00fclm\u00fc\u015f ka\u011f\u0131t elde edilmesine neden olur. Par\u00e7alanm\u0131\u015f ka\u011f\u0131d\u0131n par\u00e7al\u0131 yap\u0131s\u0131 da \u015firketlerin ka\u011f\u0131t toplamas\u0131n\u0131 ve i\u015flemesini zorla\u015ft\u0131rmaktad\u0131r.<\/p>\n<p>Par\u00e7alanm\u0131\u015f ka\u011f\u0131tlar\u0131 normal ka\u011f\u0131t geri d\u00f6n\u00fc\u015f\u00fcm\u00fcn\u00fczle bir tutmaman\u0131z gerekse de, bunlar\u0131 kabul edecek ve geri d\u00f6n\u00fc\u015ft\u00fcrecek \u015firketler vard\u0131r. Ticari bir sa\u011flay\u0131c\u0131 kullanan bir i\u015fletmeyseniz, onlarla par\u00e7alanm\u0131\u015f ka\u011f\u0131t se\u00e7enekleri hakk\u0131nda konu\u015fun ve \u015feffaf torbalarda, ka\u011f\u0131t torbalarda veya kutularda ayr\u0131 olarak paketlenmesini tercih edip etmediklerini \u00f6\u011frenin.<\/p>\n<h3><strong>Islak ka\u011f\u0131d\u0131 geri d\u00f6n\u00fc\u015ft\u00fcrebilir misiniz?<\/strong><\/h3>\n<p><strong>HAYIR. <\/strong>Su geri d\u00f6n\u00fc\u015f\u00fcm s\u00fcrecinde \u00e7ok \u00f6nemli bir rol oynasa da, ka\u011f\u0131t geri d\u00f6n\u00fc\u015f\u00fcm\u00fcn\u00fcz\u00fc \u0131slatmak k\u00f6t\u00fc haberdir. Bunun nedeni, par\u00e7alamada oldu\u011fu gibi, nemin ka\u011f\u0131ttaki liflere zarar vermesidir. Bu lifler, geri d\u00f6n\u00fc\u015ft\u00fcr\u00fclm\u00fc\u015f ka\u011f\u0131d\u0131n yeni bir yaprak halinde birbirine ba\u011flanmas\u0131 i\u00e7in gereklidir. Ka\u011f\u0131t \u0131slan\u0131p sonra kurusa bile lifler zay\u0131flam\u0131\u015f olacakt\u0131r, bu nedenle ka\u011f\u0131t ve kartonlar\u0131n\u0131z\u0131 kuru tutmaya \u00f6zen g\u00f6sterin.<\/p>\n<h3><strong>Ka\u011f\u0131t mendilleri geri d\u00f6n\u00fc\u015ft\u00fcrebilir misiniz?<\/strong><\/h3>\n<p><strong>HAYIR. <\/strong>\u0130yi haber \u015fu ki, ka\u011f\u0131t mendillerin \u00e7o\u011fu geri d\u00f6n\u00fc\u015ft\u00fcr\u00fclm\u00fc\u015f malzemeden yap\u0131l\u0131r. Hatta yar\u0131m d\u00fczineden fazla kez geri d\u00f6n\u00fc\u015ft\u00fcr\u00fclm\u00fc\u015f bile olabilir. Ancak ka\u011f\u0131t mendil haline geldi\u011finde, lifler tutarl\u0131 bir geri d\u00f6n\u00fc\u015ft\u00fcr\u00fclm\u00fc\u015f \u00fcr\u00fcn olu\u015fturamayacak kadar par\u00e7alanm\u0131\u015ft\u0131r. Yani ka\u011f\u0131t mendil, ka\u011f\u0131t geri d\u00f6n\u00fc\u015f\u00fcm\u00fc i\u00e7in yolun sonudur.<\/p>\n<p>Ayr\u0131ca, her t\u00fcrl\u00fc kirli malzemenin geri d\u00f6n\u00fc\u015ft\u00fcr\u00fclemeyece\u011fini s\u00f6ylemeye gerek yok - bu malzemelerin \u00e7\u00f6pe at\u0131lmas\u0131 veya sifonla y\u0131kanmas\u0131 gerekiyor!<\/p>\n<h3><strong>Ka\u011f\u0131t havlular\u0131 geri d\u00f6n\u00fc\u015ft\u00fcrebilir misiniz?<\/strong><\/h3>\n<p><strong>HAYIR. <\/strong>Ka\u011f\u0131t havlular i\u00e7in de durum ka\u011f\u0131t mendillerle ayn\u0131d\u0131r. Lifler yeni bir malzemeye d\u00f6n\u00fc\u015ft\u00fcr\u00fclemeyecek kadar par\u00e7alanm\u0131\u015ft\u0131r ve kirlenmi\u015f ka\u011f\u0131t havlular\u0131n her hal\u00fckarda \u00e7\u00f6p sahas\u0131na gitmesi gerekir.<\/p>\n<h3><strong>Bo\u015f tuvalet ka\u011f\u0131d\u0131 ve mutfak havlusu t\u00fcplerini geri d\u00f6n\u00fc\u015ft\u00fcrebilir misiniz?<\/strong><\/h3>\n<p><strong>EVET. <\/strong>Bitmi\u015f t\u00fcpleriniz di\u011fer kartonlar gibi geri d\u00f6n\u00fc\u015ft\u00fcr\u00fclebilir. Kart \u00fczerindeki yap\u0131\u015fkan kal\u0131nt\u0131lar\u0131, kart bulama\u00e7 haline geldikten sonra temizleme i\u015flemi s\u0131ras\u0131nda giderilecektir.<\/p>\n<h3><strong>Ya\u011fl\u0131 ka\u011f\u0131tlar\u0131 geri d\u00f6n\u00fc\u015ft\u00fcrebilir misiniz?<\/strong><\/h3>\n<p><strong>HAYIR. <\/strong>G\u0131da bula\u015fm\u0131\u015f hi\u00e7bir malzeme geri d\u00f6n\u00fc\u015ft\u00fcr\u00fclemez, ancak kullan\u0131lmam\u0131\u015f ya\u011fl\u0131 ka\u011f\u0131t bile geri d\u00f6n\u00fc\u015ft\u00fcr\u00fclemez. Bunun nedeni, yiyeceklerin y\u00fczeye yap\u0131\u015fmas\u0131n\u0131 \u00f6nlemek i\u00e7in silikon bir kaplamaya sahip olmas\u0131d\u0131r.<\/p>\n<h3><strong>Mumlu ka\u011f\u0131d\u0131 geri d\u00f6n\u00fc\u015ft\u00fcrebilir misiniz?<\/strong><\/h3>\n<p><strong>HAYIR. <\/strong>Ka\u011f\u0131t lifleri balmumundan ayr\u0131lamad\u0131\u011f\u0131 i\u00e7in balmumu kaplamal\u0131 ka\u011f\u0131tlar art\u0131k geri d\u00f6n\u00fc\u015ft\u00fcr\u00fclemez. Ka\u011f\u0131d\u0131 su ge\u00e7irmez hale getirmek i\u00e7in tasarlanan herhangi bir i\u015flem geri d\u00f6n\u00fc\u015f\u00fcm i\u00e7in sorunlara neden olacakt\u0131r, \u00e7\u00fcnk\u00fc i\u015flem ka\u011f\u0131d\u0131 par\u00e7alamak i\u00e7in suya ba\u011fl\u0131d\u0131r.<\/p>\n<p>Baz\u0131 balmumu kapl\u0131 ka\u011f\u0131tlar g\u00fcbrelenebilir ve g\u0131da at\u0131k konteynerlerine at\u0131labilir, ancak ka\u011f\u0131da geri d\u00f6n\u00fc\u015ft\u00fcrmek bir se\u00e7enek de\u011fildir.<\/p>\n<h3><strong>Ka\u011f\u0131t pipetleri geri d\u00f6n\u00fc\u015ft\u00fcrebilir misiniz?<\/strong><\/h3>\n<p><strong>BELKI. <\/strong>Son zamanlarda kamuoyunda tek kullan\u0131ml\u0131k plastikler konusunda y\u00fckselen tepkiler \u00fczerine bir\u00e7ok bar ve restoran zinciri ka\u011f\u0131t pipetlere ge\u00e7i\u015f yapt\u0131. Medya, bir\u00e7ok ka\u011f\u0131t pipetin geri d\u00f6n\u00fc\u015ft\u00fcr\u00fclemedi\u011fi ger\u00e7e\u011fine odakland\u0131\u011f\u0131nda, bu ikinci bir itiraz dalgas\u0131na yol a\u00e7t\u0131.<\/p>\n<p>Belki de en \u00e7ok McDonalds, pipetlerinin genel at\u0131k olarak bertaraf edilmesi gerekti\u011finin ortaya \u00e7\u0131kmas\u0131yla g\u00fcndeme geldi. Bunun \u00fczerine \u015firket, kulland\u0131\u011f\u0131 pipetleri de\u011fi\u015ftirdi ve geri d\u00f6n\u00fc\u015ft\u00fcr\u00fclebilmelerini sa\u011flamak i\u00e7in geri d\u00f6n\u00fc\u015f\u00fcm \u015firketleriyle birlikte \u00e7al\u0131\u015f\u0131yor.<\/p>\n<p>Balmumu kapl\u0131 pipetler biyolojik olarak par\u00e7alanabilir ve g\u00fcbrele\u015febilir olsa da geri d\u00f6n\u00fc\u015ft\u00fcr\u00fclemezler. Bununla birlikte, geri d\u00f6n\u00fc\u015ft\u00fcr\u00fclebilir vaks i\u00e7ermeyen alternatifler pazara girmeye ba\u015fl\u0131yor. \u0130svi\u00e7reli SIG \u015firketi bile <a href=\"https:\/\/www.packaginginsights.com\/news\/sigs-paper-straw-rolls-out-in-europe-as-single-use-plastics-ban-draws-closer.html\">bir meyve suyu kutusu tan\u0131tt\u0131<\/a> Karton, pipet ve hatta pipeti tutan blisterin tamam\u0131 geri d\u00f6n\u00fc\u015ft\u00fcr\u00fclebilir. Ayr\u0131ca, ka\u011f\u0131t pipet kartonu delecek kadar sa\u011flamd\u0131r!<\/p>\n<h3><strong>Paket kahve bardaklar\u0131n\u0131 geri d\u00f6n\u00fc\u015ft\u00fcrebilir misiniz?<\/strong><\/h3>\n<p><strong>HAYIR. <\/strong>G\u0131da yay\u0131nc\u0131s\u0131 Hugh Fearnley-Whittingstall 2015 y\u0131l\u0131nda bu konuda kampanya ba\u015flatt\u0131\u011f\u0131ndan beri \u00e7o\u011fumuz tek kullan\u0131ml\u0131k kahve bardaklar\u0131n\u0131n \u00e7evresel etkilerinin fark\u0131nday\u0131z.<\/p>\n<p>Geleneksel paket servis bardaklar\u0131n\u0131 kapatmak i\u00e7in kullan\u0131lan plastik astar, bunlar\u0131n evsel ka\u011f\u0131t geri d\u00f6n\u00fc\u015f\u00fcm\u00fcne at\u0131lamayaca\u011f\u0131 anlam\u0131na gelmektedir. Baz\u0131 sat\u0131\u015f noktalar\u0131, kendi uzman sa\u011flay\u0131c\u0131lar\u0131 arac\u0131l\u0131\u011f\u0131yla geri d\u00f6n\u00fc\u015ft\u00fcrd\u00fckleri iade bardaklar\u0131 kabul etmeye ba\u015flam\u0131\u015f olsa da, al\u0131m \u00e7ok az olmu\u015ftur.<\/p>\n<p>Kompostlanabilir bardaklar bir\u00e7ok kahve d\u00fckkan\u0131n\u0131n benimsedi\u011fi bir alternatiftir. Geri d\u00f6n\u00fc\u015ft\u00fcr\u00fclmeseler de biyolojik olarak par\u00e7alan\u0131rlar. Buradaki sorun, bunlar\u0131n eve g\u00f6t\u00fcr\u00fclmesi ve g\u0131da at\u0131\u011f\u0131 konteynerlerine konulmas\u0131 gereklili\u011fidir. Bir\u00e7o\u011fu kamusal at\u0131k kutular\u0131na at\u0131lmakta ya da yanl\u0131\u015fl\u0131kla genel at\u0131k veya di\u011fer yanl\u0131\u015f geri d\u00f6n\u00fc\u015f\u00fcm kanallar\u0131na at\u0131lmaktad\u0131r.<\/p>\n<p>Kendi yeniden kullan\u0131labilir kahve fincan\u0131n\u0131z\u0131 ta\u015f\u0131mak, b\u00fcy\u00fck olas\u0131l\u0131kla \u00e7evre dostu kahve severler i\u00e7in ideal bir \u00e7\u00f6z\u00fcmd\u00fcr. Baz\u0131 kahve d\u00fckkanlar\u0131 <a href=\"https:\/\/www.solopress.com\/blog\/tr\/sadakat-kartlari\/silk\/\">Sadakat Kart\u0131<\/a> Kendi fincan\u0131n\u0131z\u0131 getirmenizi te\u015fvik etmek i\u00e7in, siz de \u00fczerinize d\u00fc\u015feni yapabilir ve \u00fccretsiz bir kahvenin tad\u0131n\u0131 \u00e7\u0131karabilirsiniz!<\/p>\n<h3><strong>Pizza kutular\u0131n\u0131 geri d\u00f6n\u00fc\u015ft\u00fcrebilir misiniz?<\/strong><\/h3>\n<p><strong>HAYIR. <\/strong>Pizza ya\u011f\u0131 bir kez kutunun i\u00e7ine i\u015fledi\u011finde, geri d\u00f6n\u00fc\u015f\u00fc yoktur! Ya\u011f ve nem kartondaki liflere zarar verir ve kolayca \u00e7\u0131kar\u0131lamaz, bu nedenle bu kutular geri d\u00f6n\u00fc\u015ft\u00fcr\u00fclemez. Daha da k\u00f6t\u00fcs\u00fc, pizza kutusu gibi kirli bir \u00fcr\u00fcn t\u00fcm geri d\u00f6n\u00fc\u015f\u00fcm malzemesini kirleterek \u00e7\u00f6p sahas\u0131na gitmesine neden olabilir.<\/p>\n<h3><strong>Pastel boya \u00e7izimlerini ve resimlerini geri d\u00f6n\u00fc\u015ft\u00fcrebilir misiniz?<\/strong><\/h3>\n<p><strong>HAYIR. <\/strong>\u00c7ocuklar bir y\u0131\u011f\u0131n sanat eseri \u00fcretebilir ve ba\u015fyap\u0131tlardan olu\u015fan bir se\u00e7kiyi sonsuza kadar saklamak istesek de, bir noktada \"yok olmas\u0131\" gerekebilecek daha az say\u0131da eser her zaman olacakt\u0131r.<\/p>\n<p>Ne yaz\u0131k ki, boya kalemi veya f\u0131r\u00e7a sayfay\u0131 i\u015faretledikten sonra art\u0131k geri d\u00f6n\u00fc\u015ft\u00fcr\u00fclemez. Boya kalemlerinden gelen balmumu ve baz\u0131 boyalardan gelen ya\u011f ka\u011f\u0131d\u0131 kirletir. Su bazl\u0131 boyalar bile ka\u011f\u0131d\u0131 geri d\u00f6n\u00fc\u015f\u00fcm i\u00e7in uygunsuz hale getirerek lifleri nemlendirir ve bozar.<\/p>\n<h3><strong>Ka\u011f\u0131t po\u015fetleri geri d\u00f6n\u00fc\u015ft\u00fcrebilir misiniz?<\/strong><\/h3>\n<p><strong>EVET. <\/strong>\u0130p saplar gibi ka\u011f\u0131t olmayan unsurlar \u00e7\u0131kar\u0131ld\u0131\u011f\u0131 s\u00fcrece ka\u011f\u0131t po\u015fetlerin geri d\u00f6n\u00fc\u015ft\u00fcr\u00fclmesinde bir sak\u0131nca yoktur.<\/p>\n<p>Yine, ka\u011f\u0131t kuru olmal\u0131 ve kirlenmemelidir, bu nedenle paket servis jalfreziniz torban\u0131n dibinde ya\u011fl\u0131 bir nokta b\u0131rakt\u0131ysa, genel at\u0131\u011fa gitmesi gerekecektir.<\/p>\n<p>&nbsp;<\/p>\n<h2 id=\"Difference\"><strong>Ka\u011f\u0131t geri d\u00f6n\u00fc\u015f\u00fcm\u00fc bir fark yarat\u0131yor mu?<\/strong><\/h2>\n<p>Birle\u015fik Krall\u0131k'ta her y\u0131l 12,5 milyon ton ka\u011f\u0131t kullan\u0131l\u0131yor<sup>2<\/sup>. \u015eunu belirtmek cesaret vericidir ki <a href=\"https:\/\/paper.org.uk\/CPI\/Content\/Information\/Recycling.aspx\" target=\"_blank\" rel=\"noopener noreferrer\">paper.org.uk<\/a>2019 y\u0131l\u0131nda \u00fclke olarak 3,1 milyon ton ka\u011f\u0131t ve karton toplad\u0131k ve yeni ka\u011f\u0131t olu\u015fturmak i\u00e7in kullan\u0131lan malzemenin 70%'den fazlas\u0131 geri d\u00f6n\u00fc\u015ft\u00fcr\u00fclm\u00fc\u015f kaynaklardan geldi<sup>3<\/sup>.<\/p>\n<p>Ka\u011f\u0131t End\u00fcstrileri Konfederasyonu Genel M\u00fcd\u00fcr\u00fc Andrew Large, 2019 y\u0131l\u0131nda Guardian'a yazd\u0131\u011f\u0131 yaz\u0131da, Birle\u015fik Krall\u0131k'ta kulland\u0131\u011f\u0131m\u0131z kartonun 80%'den fazlas\u0131n\u0131n geri d\u00f6n\u00fc\u015ft\u00fcr\u00fcld\u00fc\u011f\u00fcn\u00fc ve \u00e7o\u011fu \u00e7evrimi\u00e7i perakendeci taraf\u0131ndan kullan\u0131lan kutular\u0131n 100% geri d\u00f6n\u00fc\u015ft\u00fcr\u00fclm\u00fc\u015f malzemeden \u00fcretildi\u011fini belirtiyor<sup>4<\/sup>.<\/p>\n<p>Dolay\u0131s\u0131yla ka\u011f\u0131t geri d\u00f6n\u00fc\u015f\u00fcm\u00fc b\u00fcy\u00fck \u00f6l\u00e7ekte ger\u00e7ekle\u015ftiriliyor ve geri d\u00f6n\u00fc\u015ft\u00fcr\u00fclm\u00fc\u015f elyaf, yeni ka\u011f\u0131t \u00fcr\u00fcnlerinin \u00fcretiminde a\u00e7\u0131k ara en yayg\u0131n kullan\u0131lan kaynak. Peki ka\u011f\u0131t geri d\u00f6n\u00fc\u015f\u00fcm\u00fc ne t\u00fcr \u00e7evresel faydalar sa\u011fl\u0131yor?<\/p>\n<p><img loading=\"lazy\" decoding=\"async\" class=\"aligncenter size-full wp-image-69097\" src=\"https:\/\/www.solopress.com\/blog\/wp-content\/uploads\/2020\/08\/recycled-paper.jpg\" alt=\"Geri D\u00f6n\u00fc\u015ft\u00fcr\u00fclm\u00fc\u015f Ka\u011f\u0131t\" width=\"900\" height=\"654\" \/><\/p>\n<h3><strong>A\u011fa\u00e7lar\u0131 korumak, enerji tasarrufu sa\u011flamak ve emisyonlar\u0131 azaltmak.<\/strong><\/h3>\n<p>A\u011fa\u00e7lar gezegenin sa\u011fl\u0131\u011f\u0131 i\u00e7in hayati \u00f6nem ta\u015f\u0131yor ve sadece bir ton ka\u011f\u0131t \u00fcretmek i\u00e7in ortalama 24 a\u011fa\u00e7 gerekiyor<sup>2<\/sup>.  Bu nedenle ka\u011f\u0131t ve bask\u0131 end\u00fcstrilerinin geri d\u00f6n\u00fc\u015f\u00fcm\u00fc g\u00f6n\u00fclden benimsedi\u011fini bilmek rahatlat\u0131c\u0131d\u0131r.<\/p>\n<p>Grafik ileti\u015fim forumuna g\u00f6re, <a href=\"https:\/\/www.twosides.info\/\" target=\"_blank\" rel=\"noopener noreferrer\">\u0130ki taraf, <\/a>Avrupa, maksimum 78% at\u0131k ka\u011f\u0131d\u0131n 72%'sini geri d\u00f6n\u00fc\u015ft\u00fcrmektedir (geri kalan 22% ka\u011f\u0131t mendil ve kontamine malzeme gibi geri kazan\u0131lamayan ka\u011f\u0131tlard\u0131r). Avrupa'daki ka\u011f\u0131d\u0131n 54%'si geri d\u00f6n\u00fc\u015ft\u00fcr\u00fclm\u00fc\u015f elyaftan \u00fcretilmektedir.<\/p>\n<p>Sorumlu bir \u015fekilde tedarik edilen elyaftan \u00fcretilen ka\u011f\u0131t stoklar\u0131n\u0131 kulland\u0131klar\u0131ndan emin olmak isteyen t\u00fcketiciler i\u00e7in <a href=\"https:\/\/www.solopress.com\/blog\/tr\/green\/\" target=\"_blank\" rel=\"noopener noreferrer\">Solopress Ye\u015fil<\/a> aral\u0131\u011f\u0131 100% geri d\u00f6n\u00fc\u015ft\u00fcr\u00fclm\u00fc\u015f malzeme \u00fczerine bas\u0131labilir. <a href=\"https:\/\/www.solopress.com\/blog\/tr\/green\/\" target=\"_blank\" rel=\"noopener noreferrer\">Solopress Ye\u015fil<\/a> ka\u011f\u0131t \u00fcretiminden kaynaklanan t\u00fcm karbon emisyonlar\u0131n\u0131n a\u011fa\u00e7 dikme projeleri gibi iklim de\u011fi\u015fikli\u011fi programlar\u0131na yap\u0131lan yat\u0131r\u0131mlarla dengelenmesini sa\u011flamak i\u00e7in daha da ileri gitmektedir.<\/p>\n<p>Geri d\u00f6n\u00fc\u015ft\u00fcr\u00fclm\u00fc\u015f malzemeden ka\u011f\u0131t \u00fcretmek, hammaddeden \u00fcretmekten \u00e7ok daha az kirleticidir. \u00d6rne\u011fin, geri d\u00f6n\u00fc\u015ft\u00fcr\u00fclm\u00fc\u015f malzemeden ka\u011f\u0131t \u00fcretmek, i\u015flenmemi\u015f odun hamurundan ka\u011f\u0131t \u00fcretmekten 73% daha az hava kirlili\u011fi yarat\u0131r<sup>2<\/sup>.<\/p>\n<p>Bir rapora g\u00f6re <a href=\"https:\/\/www.usi.edu\/recycle\/paper-recycling-facts\/\" target=\"_blank\" rel=\"noopener noreferrer\">ABD \u00fcniversitesi<\/a>\u00dcretti\u011fimiz her bir ton geri d\u00f6n\u00fc\u015ft\u00fcr\u00fclm\u00fc\u015f ka\u011f\u0131t i\u00e7in<sup>5<\/sup>:<\/p>\n<ul>\n<li>1,728 litre ya\u011f<\/li>\n<li>4.000 kilovat enerji<\/li>\n<li>31,823 litre su<\/li>\n<li>3 metrek\u00fcp d\u00fczenli depolama<\/li>\n<\/ul>\n<p>Dolay\u0131s\u0131yla, geri d\u00f6n\u00fc\u015f\u00fcm \u00e7abalar\u0131m\u0131z sadece a\u011fa\u00e7lar i\u00e7in de\u011fil, bir b\u00fct\u00fcn olarak \u00e7evre i\u00e7in ger\u00e7ek d\u00fcnyada faydalar sa\u011fl\u0131yor.<\/p>\n<p>&nbsp;<\/p>\n<h2 id=\"Solopress\"><strong>Ka\u011f\u0131t geri d\u00f6n\u00fc\u015f\u00fcm\u00fc ve Solopress<\/strong><\/h2>\n<p>Solopress'te ka\u011f\u0131t geri d\u00f6n\u00fc\u015f\u00fcm\u00fcne y\u00f6nelik politikam\u0131z \u00fc\u00e7 taahh\u00fctle \u00f6zetlenebilir:<\/p>\n<ul>\n<li>M\u00fcmk\u00fcn olan yerlerde geri d\u00f6n\u00fc\u015ft\u00fcr\u00fclm\u00fc\u015f malzemeden yap\u0131lm\u0131\u015f ka\u011f\u0131t stoklar\u0131 tedarik etmek<\/li>\n<li>Bunun m\u00fcmk\u00fcn olmad\u0131\u011f\u0131 durumlarda, ka\u011f\u0131t stoklar\u0131n\u0131 her zaman s\u00fcrd\u00fcr\u00fclebilir kaynaklardan temin edin<\/li>\n<li>M\u00fcmk\u00fcn olan her yerde kendileri geri d\u00f6n\u00fc\u015ft\u00fcr\u00fclebilen \u00fcr\u00fcnler \u00fcretmek.<\/li>\n<\/ul>\n<h3><strong>Geri D\u00f6n\u00fc\u015ft\u00fcr\u00fclm\u00fc\u015f Ka\u011f\u0131t<\/strong><\/h3>\n<p>T\u00fcm ka\u011f\u0131t hamuru kartvizitlerimiz ve el ilanlar\u0131m\u0131z 100% geri d\u00f6n\u00fc\u015ft\u00fcr\u00fclm\u00fc\u015f, 380 mikron ve TCF (tamamen klorsuz) i\u015flemiyle bas\u0131lm\u0131\u015f, temel klor olmadan a\u011fart\u0131lm\u0131\u015ft\u0131r, bu da onlar\u0131 sundu\u011fumuz en \u00e7evre dostu bask\u0131 haline getirmektedir.<\/p>\n<h3><strong>The Woodland Trust<\/strong><\/h3>\n<p>Haziran 2013'ten bu yana\u00a0<a href=\"https:\/\/www.woodlandtrust.org.uk\/\">Woodland Trust'\u0131n<\/a>\u00a0Woodland Carbon Program\u0131na kat\u0131larak geri d\u00f6n\u00fc\u015ft\u00fcr\u00fclm\u00fc\u015f ka\u011f\u0131tla bask\u0131 yapma taahh\u00fcd\u00fcm\u00fcz\u00fc daha da g\u00fc\u00e7lendirdik. A\u011fa\u00e7 dikmenin ve Birle\u015fik Krall\u0131k'ta yeni bir ormanl\u0131k alan olu\u015fturman\u0131n yan\u0131 s\u0131ra, karbon ayak izimizi azaltmay\u0131 ve her y\u0131l en az 60 ton karbon tutulmu\u015f ka\u011f\u0131t sat\u0131n almay\u0131 taahh\u00fct ettik.<\/p>\n<h3><strong>Solopress Ye\u015fil<\/strong><\/h3>\n<p>Ocak 2021'de yeni bir \u00fcr\u00fcn yelpazesi olan Solopress Green'i piyasaya s\u00fcrmekten mutluluk duyduk <a href=\"https:\/\/www.solopress.com\/blog\/tr\/green\/\">\u00e7evre dostu bask\u0131<\/a> \u00e7\u00f6z\u00fcmler. \u00dcr\u00fcn yelpazesinde s\u00fcrd\u00fcr\u00fclebilir kaynakl\u0131 ka\u011f\u0131t stoklar\u0131na bas\u0131lm\u0131\u015f, karbon n\u00f6tr ve tutkal i\u00e7ermeyen yap\u0131\u015ft\u0131r\u0131c\u0131 kullanan \u00fcr\u00fcnler bulunmaktad\u0131r.<\/p>\n<p>Ticari bask\u0131 sekt\u00f6r\u00fcnde bizler, biraz \u00e7aba ve dikkatle, gelecek nesiller i\u00e7in gezegenin korunmas\u0131na yard\u0131mc\u0131 olabilir ve mesle\u011fimizin \"ye\u015fil\" olmas\u0131n\u0131 sa\u011flayabiliriz - hangi renklerle bask\u0131 yap\u0131yor olursak olal\u0131m!<\/p>\n<p>&nbsp;<\/p>\n<h2><strong>Kaynaklar<\/strong><\/h2>\n<p><sup>1<\/sup> R. McKinney: Ka\u011f\u0131t Geri D\u00f6n\u00fc\u015f\u00fcm Teknolojisi, 1995, s. 351.<br \/>\n<sup>2<\/sup> <a href=\"https:\/\/en.wikipedia.org\/wiki\/Recycling_in_the_United_Kingdom#Paper\" target=\"_blank\" rel=\"noopener noreferrer\">https:\/\/en.wikipedia.org\/wiki\/Recycling_in_the_United_Kingdom#Paper<\/a><br \/>\n<sup>3<\/sup><a href=\"https:\/\/www.theguardian.com\/environment\/2019\/nov\/22\/uk-boxes-clever-when-it-comes-to-recycling\" target=\"_blank\" rel=\"noopener noreferrer\">https:\/\/www.theguardian.com\/environment\/2019\/nov\/22\/uk-boxes-clever-when-it-comes-to-recycling<\/a><br \/>\n<sup>4<\/sup><a href=\"https:\/\/paper.org.uk\/CPI\/Content\/Information\/Recycling.aspx\" target=\"_blank\" rel=\"noopener noreferrer\">https:\/\/paper.org.uk\/CPI\/Content\/Information\/Recycling.aspx<\/a><br \/>\n<sup>5<\/sup><a href=\"https:\/\/www.usi.edu\/recycle\/paper-recycling-facts\/\" target=\"_blank\" rel=\"noopener noreferrer\">https:\/\/www.usi.edu\/recycle\/paper-recycling-facts\/<\/a><\/p>","protected":false},"excerpt":{"rendered":"<p>Paper recycling has become part of our daily routine. It\u2019s strange to think that it wasn\u2019t until 2010 that it became a legal requirement for local authorities to collect at least two types of recyclable material from our kerbs. In the decade since, we\u2019ve all become more eco-aware, but many of us still have gaps [&hellip;]<\/p>\n","protected":false},"author":134,"featured_media":69085,"comment_status":"open","ping_status":"open","sticky":false,"template":"","format":"standard","meta":{"_acf_changed":false,"tdm_status":"","tdm_grid_status":"","footnotes":""},"categories":[532],"tags":[],"class_list":{"0":"post-69073","1":"post","2":"type-post","3":"status-publish","4":"format-standard","5":"has-post-thumbnail","7":"category-eco-friendly"},"acf":[],"yoast_head":"<!-- This site is optimized with the Yoast SEO plugin v27.5 - https:\/\/yoast.com\/product\/yoast-seo-wordpress\/ -->\n<title>The Ultimate Guide to Paper Recycling | Solopress UK<\/title>\n<meta name=\"description\" content=\"Do we really know what kinds of paper products we can recycle? The Ultimate Guide to Paper Recycling explains how, what and why we recycle.\" \/>\n<meta name=\"robots\" content=\"index, follow, max-snippet:-1, max-image-preview:large, max-video-preview:-1\" \/>\n<link rel=\"canonical\" href=\"https:\/\/www.solopress.com\/blog\/tr\/cevre-dostu\/kagit-geri\u0307-donusumu-i\u0307ci\u0307n-ni\u0307hai\u0307-rehber\/\" \/>\n<meta property=\"og:locale\" content=\"tr_TR\" \/>\n<meta property=\"og:type\" content=\"article\" \/>\n<meta property=\"og:title\" content=\"The Ultimate Guide to Paper Recycling | Solopress UK\" \/>\n<meta property=\"og:description\" content=\"Do we really know what kinds of paper products we can recycle? The Ultimate Guide to Paper Recycling explains how, what and why we recycle.\" \/>\n<meta property=\"og:url\" content=\"https:\/\/www.solopress.com\/blog\/tr\/cevre-dostu\/kagit-geri\u0307-donusumu-i\u0307ci\u0307n-ni\u0307hai\u0307-rehber\/\" \/>\n<meta property=\"og:site_name\" content=\"The Latest Print and Design News | Solopress\" \/>\n<meta property=\"article:publisher\" content=\"https:\/\/www.facebook.com\/Solopress\" \/>\n<meta property=\"article:published_time\" content=\"2020-08-10T12:22:27+00:00\" \/>\n<meta property=\"article:modified_time\" content=\"2023-05-25T20:24:33+00:00\" \/>\n<meta property=\"og:image\" content=\"https:\/\/www.solopress.com\/blog\/wp-content\/uploads\/2020\/08\/ultimate-guide-to-paper-recycling.jpg\" \/>\n\t<meta property=\"og:image:width\" content=\"900\" \/>\n\t<meta property=\"og:image:height\" content=\"675\" \/>\n\t<meta property=\"og:image:type\" content=\"image\/jpeg\" \/>\n<meta name=\"author\" content=\"Danny Powell\" \/>\n<meta name=\"twitter:card\" content=\"summary_large_image\" \/>\n<meta name=\"twitter:creator\" content=\"@solopress\" \/>\n<meta name=\"twitter:site\" content=\"@solopress\" \/>\n<meta name=\"twitter:label1\" content=\"Yazan:\" \/>\n\t<meta name=\"twitter:data1\" content=\"Danny Powell\" \/>\n\t<meta name=\"twitter:label2\" content=\"Tahmini okuma s\u00fcresi\" \/>\n\t<meta name=\"twitter:data2\" content=\"16 dakika\" \/>\n<script type=\"application\/ld+json\" class=\"yoast-schema-graph\">{\"@context\":\"https:\\\/\\\/schema.org\",\"@graph\":[{\"@type\":\"Article\",\"@id\":\"https:\\\/\\\/www.solopress.com\\\/blog\\\/eco-friendly\\\/the-ultimate-guide-to-paper-recycling\\\/#article\",\"isPartOf\":{\"@id\":\"https:\\\/\\\/www.solopress.com\\\/blog\\\/eco-friendly\\\/the-ultimate-guide-to-paper-recycling\\\/\"},\"author\":{\"name\":\"Danny Powell\",\"@id\":\"https:\\\/\\\/www.solopress.com\\\/blog\\\/#\\\/schema\\\/person\\\/0937555a256c22f94400f4b7e2329c09\"},\"headline\":\"The ultimate guide to paper recycling\",\"datePublished\":\"2020-08-10T12:22:27+00:00\",\"dateModified\":\"2023-05-25T20:24:33+00:00\",\"mainEntityOfPage\":{\"@id\":\"https:\\\/\\\/www.solopress.com\\\/blog\\\/eco-friendly\\\/the-ultimate-guide-to-paper-recycling\\\/\"},\"wordCount\":3519,\"commentCount\":0,\"publisher\":{\"@id\":\"https:\\\/\\\/www.solopress.com\\\/blog\\\/#organization\"},\"image\":{\"@id\":\"https:\\\/\\\/www.solopress.com\\\/blog\\\/eco-friendly\\\/the-ultimate-guide-to-paper-recycling\\\/#primaryimage\"},\"thumbnailUrl\":\"https:\\\/\\\/www.solopress.com\\\/blog\\\/wp-content\\\/uploads\\\/2020\\\/08\\\/ultimate-guide-to-paper-recycling.jpg\",\"articleSection\":[\"Eco Friendly\"],\"inLanguage\":\"tr\",\"potentialAction\":[{\"@type\":\"CommentAction\",\"name\":\"Comment\",\"target\":[\"https:\\\/\\\/www.solopress.com\\\/blog\\\/eco-friendly\\\/the-ultimate-guide-to-paper-recycling\\\/#respond\"]}]},{\"@type\":\"WebPage\",\"@id\":\"https:\\\/\\\/www.solopress.com\\\/blog\\\/eco-friendly\\\/the-ultimate-guide-to-paper-recycling\\\/\",\"url\":\"https:\\\/\\\/www.solopress.com\\\/blog\\\/eco-friendly\\\/the-ultimate-guide-to-paper-recycling\\\/\",\"name\":\"The Ultimate Guide to Paper Recycling | Solopress UK\",\"isPartOf\":{\"@id\":\"https:\\\/\\\/www.solopress.com\\\/blog\\\/#website\"},\"primaryImageOfPage\":{\"@id\":\"https:\\\/\\\/www.solopress.com\\\/blog\\\/eco-friendly\\\/the-ultimate-guide-to-paper-recycling\\\/#primaryimage\"},\"image\":{\"@id\":\"https:\\\/\\\/www.solopress.com\\\/blog\\\/eco-friendly\\\/the-ultimate-guide-to-paper-recycling\\\/#primaryimage\"},\"thumbnailUrl\":\"https:\\\/\\\/www.solopress.com\\\/blog\\\/wp-content\\\/uploads\\\/2020\\\/08\\\/ultimate-guide-to-paper-recycling.jpg\",\"datePublished\":\"2020-08-10T12:22:27+00:00\",\"dateModified\":\"2023-05-25T20:24:33+00:00\",\"description\":\"Do we really know what kinds of paper products we can recycle? The Ultimate Guide to Paper Recycling explains how, what and why we recycle.\",\"breadcrumb\":{\"@id\":\"https:\\\/\\\/www.solopress.com\\\/blog\\\/eco-friendly\\\/the-ultimate-guide-to-paper-recycling\\\/#breadcrumb\"},\"inLanguage\":\"tr\",\"potentialAction\":[{\"@type\":\"ReadAction\",\"target\":[\"https:\\\/\\\/www.solopress.com\\\/blog\\\/eco-friendly\\\/the-ultimate-guide-to-paper-recycling\\\/\"]}]},{\"@type\":\"ImageObject\",\"inLanguage\":\"tr\",\"@id\":\"https:\\\/\\\/www.solopress.com\\\/blog\\\/eco-friendly\\\/the-ultimate-guide-to-paper-recycling\\\/#primaryimage\",\"url\":\"https:\\\/\\\/www.solopress.com\\\/blog\\\/wp-content\\\/uploads\\\/2020\\\/08\\\/ultimate-guide-to-paper-recycling.jpg\",\"contentUrl\":\"https:\\\/\\\/www.solopress.com\\\/blog\\\/wp-content\\\/uploads\\\/2020\\\/08\\\/ultimate-guide-to-paper-recycling.jpg\",\"width\":900,\"height\":675,\"caption\":\"Ultimate Guide to Paper Recycling\"},{\"@type\":\"BreadcrumbList\",\"@id\":\"https:\\\/\\\/www.solopress.com\\\/blog\\\/eco-friendly\\\/the-ultimate-guide-to-paper-recycling\\\/#breadcrumb\",\"itemListElement\":[{\"@type\":\"ListItem\",\"position\":1,\"name\":\"Blog\",\"item\":\"https:\\\/\\\/www.solopress.com\\\/blog\\\/\"},{\"@type\":\"ListItem\",\"position\":2,\"name\":\"The ultimate guide to paper recycling\"}]},{\"@type\":\"WebSite\",\"@id\":\"https:\\\/\\\/www.solopress.com\\\/blog\\\/#website\",\"url\":\"https:\\\/\\\/www.solopress.com\\\/blog\\\/\",\"name\":\"The Latest Print and Design News | Solopress\",\"description\":\"\",\"publisher\":{\"@id\":\"https:\\\/\\\/www.solopress.com\\\/blog\\\/#organization\"},\"potentialAction\":[{\"@type\":\"SearchAction\",\"target\":{\"@type\":\"EntryPoint\",\"urlTemplate\":\"https:\\\/\\\/www.solopress.com\\\/blog\\\/?s={search_term_string}\"},\"query-input\":{\"@type\":\"PropertyValueSpecification\",\"valueRequired\":true,\"valueName\":\"search_term_string\"}}],\"inLanguage\":\"tr\"},{\"@type\":\"Organization\",\"@id\":\"https:\\\/\\\/www.solopress.com\\\/blog\\\/#organization\",\"name\":\"Solopress\",\"url\":\"https:\\\/\\\/www.solopress.com\\\/blog\\\/\",\"logo\":{\"@type\":\"ImageObject\",\"inLanguage\":\"tr\",\"@id\":\"https:\\\/\\\/www.solopress.com\\\/blog\\\/#\\\/schema\\\/logo\\\/image\\\/\",\"url\":\"https:\\\/\\\/www.solopress.com\\\/blog\\\/wp-content\\\/uploads\\\/2017\\\/06\\\/solopress-logo-no-tagline@2x.png\",\"contentUrl\":\"https:\\\/\\\/www.solopress.com\\\/blog\\\/wp-content\\\/uploads\\\/2017\\\/06\\\/solopress-logo-no-tagline@2x.png\",\"width\":428,\"height\":88,\"caption\":\"Solopress\"},\"image\":{\"@id\":\"https:\\\/\\\/www.solopress.com\\\/blog\\\/#\\\/schema\\\/logo\\\/image\\\/\"},\"sameAs\":[\"https:\\\/\\\/www.facebook.com\\\/Solopress\",\"https:\\\/\\\/x.com\\\/solopress\",\"https:\\\/\\\/instagram.com\\\/solopress\\\/\",\"https:\\\/\\\/www.linkedin.com\\\/company\\\/solopress\",\"https:\\\/\\\/uk.pinterest.com\\\/solopress\\\/\",\"https:\\\/\\\/www.youtube.com\\\/user\\\/solopress\"]},{\"@type\":\"Person\",\"@id\":\"https:\\\/\\\/www.solopress.com\\\/blog\\\/#\\\/schema\\\/person\\\/0937555a256c22f94400f4b7e2329c09\",\"name\":\"Danny Powell\",\"image\":{\"@type\":\"ImageObject\",\"inLanguage\":\"tr\",\"@id\":\"https:\\\/\\\/secure.gravatar.com\\\/avatar\\\/61a91dfef0f2540955232e281a9d8dd099c01492bda6e2638fa05db47a9665eb?s=96&r=g\",\"url\":\"https:\\\/\\\/secure.gravatar.com\\\/avatar\\\/61a91dfef0f2540955232e281a9d8dd099c01492bda6e2638fa05db47a9665eb?s=96&r=g\",\"contentUrl\":\"https:\\\/\\\/secure.gravatar.com\\\/avatar\\\/61a91dfef0f2540955232e281a9d8dd099c01492bda6e2638fa05db47a9665eb?s=96&r=g\",\"caption\":\"Danny Powell\"},\"description\":\"With over two decades in marketing, Danny Powell is a Senior Copywriter at Solopress, one of the UK\u2019s leading online printers. Having worked on the print buying, agency and sales sides of the industry, he brings a well-rounded perspective to his writing on print, design and sustainability.\",\"url\":\"https:\\\/\\\/www.solopress.com\\\/blog\\\/tr\\\/author\\\/danny-powell\\\/\"}]}<\/script>\n<!-- \/ Yoast SEO plugin. -->","yoast_head_json":{"title":"Ka\u011f\u0131t Geri D\u00f6n\u00fc\u015f\u00fcm\u00fc i\u00e7in Nihai Rehber | Solopress UK","description":"Ne t\u00fcr ka\u011f\u0131t \u00fcr\u00fcnlerini geri d\u00f6n\u00fc\u015ft\u00fcrebilece\u011fimizi ger\u00e7ekten biliyor muyuz? The Ultimate Guide to Paper Recycling, nas\u0131l, neyi ve neden geri d\u00f6n\u00fc\u015ft\u00fcrd\u00fc\u011f\u00fcm\u00fcz\u00fc a\u00e7\u0131kl\u0131yor.","robots":{"index":"index","follow":"follow","max-snippet":"max-snippet:-1","max-image-preview":"max-image-preview:large","max-video-preview":"max-video-preview:-1"},"canonical":"https:\/\/www.solopress.com\/blog\/tr\/cevre-dostu\/kagit-geri\u0307-donusumu-i\u0307ci\u0307n-ni\u0307hai\u0307-rehber\/","og_locale":"tr_TR","og_type":"article","og_title":"The Ultimate Guide to Paper Recycling | Solopress UK","og_description":"Do we really know what kinds of paper products we can recycle? The Ultimate Guide to Paper Recycling explains how, what and why we recycle.","og_url":"https:\/\/www.solopress.com\/blog\/tr\/cevre-dostu\/kagit-geri\u0307-donusumu-i\u0307ci\u0307n-ni\u0307hai\u0307-rehber\/","og_site_name":"The Latest Print and Design News | Solopress","article_publisher":"https:\/\/www.facebook.com\/Solopress","article_published_time":"2020-08-10T12:22:27+00:00","article_modified_time":"2023-05-25T20:24:33+00:00","og_image":[{"width":900,"height":675,"url":"https:\/\/www.solopress.com\/blog\/wp-content\/uploads\/2020\/08\/ultimate-guide-to-paper-recycling.jpg","type":"image\/jpeg"}],"author":"Danny Powell","twitter_card":"summary_large_image","twitter_creator":"@solopress","twitter_site":"@solopress","twitter_misc":{"Yazan:":"Danny Powell","Tahmini okuma s\u00fcresi":"16 dakika"},"schema":{"@context":"https:\/\/schema.org","@graph":[{"@type":"Article","@id":"https:\/\/www.solopress.com\/blog\/eco-friendly\/the-ultimate-guide-to-paper-recycling\/#article","isPartOf":{"@id":"https:\/\/www.solopress.com\/blog\/eco-friendly\/the-ultimate-guide-to-paper-recycling\/"},"author":{"name":"Danny Powell","@id":"https:\/\/www.solopress.com\/blog\/#\/schema\/person\/0937555a256c22f94400f4b7e2329c09"},"headline":"The ultimate guide to paper recycling","datePublished":"2020-08-10T12:22:27+00:00","dateModified":"2023-05-25T20:24:33+00:00","mainEntityOfPage":{"@id":"https:\/\/www.solopress.com\/blog\/eco-friendly\/the-ultimate-guide-to-paper-recycling\/"},"wordCount":3519,"commentCount":0,"publisher":{"@id":"https:\/\/www.solopress.com\/blog\/#organization"},"image":{"@id":"https:\/\/www.solopress.com\/blog\/eco-friendly\/the-ultimate-guide-to-paper-recycling\/#primaryimage"},"thumbnailUrl":"https:\/\/www.solopress.com\/blog\/wp-content\/uploads\/2020\/08\/ultimate-guide-to-paper-recycling.jpg","articleSection":["Eco Friendly"],"inLanguage":"tr","potentialAction":[{"@type":"CommentAction","name":"Comment","target":["https:\/\/www.solopress.com\/blog\/eco-friendly\/the-ultimate-guide-to-paper-recycling\/#respond"]}]},{"@type":"WebPage","@id":"https:\/\/www.solopress.com\/blog\/eco-friendly\/the-ultimate-guide-to-paper-recycling\/","url":"https:\/\/www.solopress.com\/blog\/eco-friendly\/the-ultimate-guide-to-paper-recycling\/","name":"Ka\u011f\u0131t Geri D\u00f6n\u00fc\u015f\u00fcm\u00fc i\u00e7in Nihai Rehber | Solopress UK","isPartOf":{"@id":"https:\/\/www.solopress.com\/blog\/#website"},"primaryImageOfPage":{"@id":"https:\/\/www.solopress.com\/blog\/eco-friendly\/the-ultimate-guide-to-paper-recycling\/#primaryimage"},"image":{"@id":"https:\/\/www.solopress.com\/blog\/eco-friendly\/the-ultimate-guide-to-paper-recycling\/#primaryimage"},"thumbnailUrl":"https:\/\/www.solopress.com\/blog\/wp-content\/uploads\/2020\/08\/ultimate-guide-to-paper-recycling.jpg","datePublished":"2020-08-10T12:22:27+00:00","dateModified":"2023-05-25T20:24:33+00:00","description":"Ne t\u00fcr ka\u011f\u0131t \u00fcr\u00fcnlerini geri d\u00f6n\u00fc\u015ft\u00fcrebilece\u011fimizi ger\u00e7ekten biliyor muyuz? The Ultimate Guide to Paper Recycling, nas\u0131l, neyi ve neden geri d\u00f6n\u00fc\u015ft\u00fcrd\u00fc\u011f\u00fcm\u00fcz\u00fc a\u00e7\u0131kl\u0131yor.","breadcrumb":{"@id":"https:\/\/www.solopress.com\/blog\/eco-friendly\/the-ultimate-guide-to-paper-recycling\/#breadcrumb"},"inLanguage":"tr","potentialAction":[{"@type":"ReadAction","target":["https:\/\/www.solopress.com\/blog\/eco-friendly\/the-ultimate-guide-to-paper-recycling\/"]}]},{"@type":"ImageObject","inLanguage":"tr","@id":"https:\/\/www.solopress.com\/blog\/eco-friendly\/the-ultimate-guide-to-paper-recycling\/#primaryimage","url":"https:\/\/www.solopress.com\/blog\/wp-content\/uploads\/2020\/08\/ultimate-guide-to-paper-recycling.jpg","contentUrl":"https:\/\/www.solopress.com\/blog\/wp-content\/uploads\/2020\/08\/ultimate-guide-to-paper-recycling.jpg","width":900,"height":675,"caption":"Ultimate Guide to Paper Recycling"},{"@type":"BreadcrumbList","@id":"https:\/\/www.solopress.com\/blog\/eco-friendly\/the-ultimate-guide-to-paper-recycling\/#breadcrumb","itemListElement":[{"@type":"ListItem","position":1,"name":"Blog","item":"https:\/\/www.solopress.com\/blog\/"},{"@type":"ListItem","position":2,"name":"The ultimate guide to paper recycling"}]},{"@type":"WebSite","@id":"https:\/\/www.solopress.com\/blog\/#website","url":"https:\/\/www.solopress.com\/blog\/","name":"En Son Bask\u0131 ve Tasar\u0131m Haberleri | Solopress","description":"","publisher":{"@id":"https:\/\/www.solopress.com\/blog\/#organization"},"potentialAction":[{"@type":"SearchAction","target":{"@type":"EntryPoint","urlTemplate":"https:\/\/www.solopress.com\/blog\/?s={search_term_string}"},"query-input":{"@type":"PropertyValueSpecification","valueRequired":true,"valueName":"search_term_string"}}],"inLanguage":"tr"},{"@type":"Organization","@id":"https:\/\/www.solopress.com\/blog\/#organization","name":"Solopress","url":"https:\/\/www.solopress.com\/blog\/","logo":{"@type":"ImageObject","inLanguage":"tr","@id":"https:\/\/www.solopress.com\/blog\/#\/schema\/logo\/image\/","url":"https:\/\/www.solopress.com\/blog\/wp-content\/uploads\/2017\/06\/solopress-logo-no-tagline@2x.png","contentUrl":"https:\/\/www.solopress.com\/blog\/wp-content\/uploads\/2017\/06\/solopress-logo-no-tagline@2x.png","width":428,"height":88,"caption":"Solopress"},"image":{"@id":"https:\/\/www.solopress.com\/blog\/#\/schema\/logo\/image\/"},"sameAs":["https:\/\/www.facebook.com\/Solopress","https:\/\/x.com\/solopress","https:\/\/instagram.com\/solopress\/","https:\/\/www.linkedin.com\/company\/solopress","https:\/\/uk.pinterest.com\/solopress\/","https:\/\/www.youtube.com\/user\/solopress"]},{"@type":"Person","@id":"https:\/\/www.solopress.com\/blog\/#\/schema\/person\/0937555a256c22f94400f4b7e2329c09","name":"Danny Powell","image":{"@type":"ImageObject","inLanguage":"tr","@id":"https:\/\/secure.gravatar.com\/avatar\/61a91dfef0f2540955232e281a9d8dd099c01492bda6e2638fa05db47a9665eb?s=96&r=g","url":"https:\/\/secure.gravatar.com\/avatar\/61a91dfef0f2540955232e281a9d8dd099c01492bda6e2638fa05db47a9665eb?s=96&r=g","contentUrl":"https:\/\/secure.gravatar.com\/avatar\/61a91dfef0f2540955232e281a9d8dd099c01492bda6e2638fa05db47a9665eb?s=96&r=g","caption":"Danny Powell"},"description":"Yirmi y\u0131l\u0131 a\u015fk\u0131n bir s\u00fcredir pazarlama alan\u0131nda \u00e7al\u0131\u015fan Danny Powell, \u0130ngiltere'nin \u00f6nde gelen online matbaalar\u0131ndan biri olan Solopress'te K\u0131demli Metin Yazar\u0131 olarak g\u00f6rev yap\u0131yor. Sekt\u00f6r\u00fcn bask\u0131 sat\u0131n alma, ajans ve sat\u0131\u015f taraflar\u0131nda \u00e7al\u0131\u015fm\u0131\u015f olan Powell, bask\u0131, tasar\u0131m ve s\u00fcrd\u00fcr\u00fclebilirlik konular\u0131ndaki yaz\u0131lar\u0131na \u00e7ok y\u00f6nl\u00fc bir bak\u0131\u015f a\u00e7\u0131s\u0131 getiriyor.","url":"https:\/\/www.solopress.com\/blog\/tr\/author\/danny-powell\/"}]}},"jetpack_featured_media_url":"https:\/\/www.solopress.com\/blog\/wp-content\/uploads\/2020\/08\/ultimate-guide-to-paper-recycling.jpg","_links":{"self":[{"href":"https:\/\/www.solopress.com\/blog\/tr\/wp-json\/wp\/v2\/posts\/69073","targetHints":{"allow":["GET"]}}],"collection":[{"href":"https:\/\/www.solopress.com\/blog\/tr\/wp-json\/wp\/v2\/posts"}],"about":[{"href":"https:\/\/www.solopress.com\/blog\/tr\/wp-json\/wp\/v2\/types\/post"}],"author":[{"embeddable":true,"href":"https:\/\/www.solopress.com\/blog\/tr\/wp-json\/wp\/v2\/users\/134"}],"replies":[{"embeddable":true,"href":"https:\/\/www.solopress.com\/blog\/tr\/wp-json\/wp\/v2\/comments?post=69073"}],"version-history":[{"count":5,"href":"https:\/\/www.solopress.com\/blog\/tr\/wp-json\/wp\/v2\/posts\/69073\/revisions"}],"predecessor-version":[{"id":74043,"href":"https:\/\/www.solopress.com\/blog\/tr\/wp-json\/wp\/v2\/posts\/69073\/revisions\/74043"}],"wp:featuredmedia":[{"embeddable":true,"href":"https:\/\/www.solopress.com\/blog\/tr\/wp-json\/wp\/v2\/media\/69085"}],"wp:attachment":[{"href":"https:\/\/www.solopress.com\/blog\/tr\/wp-json\/wp\/v2\/media?parent=69073"}],"wp:term":[{"taxonomy":"category","embeddable":true,"href":"https:\/\/www.solopress.com\/blog\/tr\/wp-json\/wp\/v2\/categories?post=69073"},{"taxonomy":"post_tag","embeddable":true,"href":"https:\/\/www.solopress.com\/blog\/tr\/wp-json\/wp\/v2\/tags?post=69073"}],"curies":[{"name":"wp","href":"https:\/\/api.w.org\/{rel}","templated":true}]}}