{"id":75892,"date":"2025-11-19T11:06:57","date_gmt":"2025-11-19T11:06:57","guid":{"rendered":"https:\/\/www.solopress.com\/blog\/?p=75892"},"modified":"2025-12-09T09:15:25","modified_gmt":"2025-12-09T09:15:25","slug":"indesign-2de-madde-isaretleri-nasil-eklenir","status":"publish","type":"post","link":"https:\/\/www.solopress.com\/blog\/tr\/tutorials\/how-to-add-bullet-points-in-indesign-2\/","title":{"rendered":"InDesign'da Madde \u0130\u015faretleri Ekleme"},"content":{"rendered":"<div id=\"bsf_rt_marker\"><\/div><p><span style=\"font-weight: 400;\">Tasar\u0131mc\u0131lar\u0131n Adobe InDesign'da \u00e7al\u0131\u015f\u0131rken genellikle net, yap\u0131land\u0131r\u0131lm\u0131\u015f listeler sunmas\u0131 gerekir. Madde i\u015faretleri bilgilerin d\u00fczenlenmesine yard\u0131mc\u0131 olur, okuyucuyu y\u00f6nlendirir ve d\u00fczenli mizanpajlar\u0131 destekler. E\u011fitim videomuzda standart siyah noktalardan \u00f6zel \u015fekillere ve \u00e7ok renkli grafiklere kadar madde i\u015faretleri olu\u015fturmak i\u00e7in \u00fc\u00e7 pratik y\u00f6ntem anlat\u0131lmaktad\u0131r.<\/span><\/p>\n<h2><b>InDesign'da madde i\u015faretleri eklemeye y\u00f6nelik video k\u0131lavuzumuz<\/b><\/h2>\n<p><span style=\"font-weight: 400;\">Ad\u0131mlar\u0131 ekranda takip etmeyi tercih ederseniz, a\u015fa\u011f\u0131daki videoda Lucy \u00fc\u00e7 g\u00fcvenilir yakla\u015f\u0131m\u0131 g\u00f6steriyor. Temel madde i\u015faretlerini nas\u0131l olu\u015fturdu\u011funu, renkli karakterleri nas\u0131l ekledi\u011fini ve daha ki\u015fiselle\u015ftirilmi\u015f bir g\u00f6r\u00fcn\u00fcm i\u00e7in kendi \u00f6zel grafik madde i\u015faretlerini nas\u0131l olu\u015fturdu\u011funu g\u00f6receksiniz.<\/span><\/p>\n<p><iframe loading=\"lazy\" title=\"YouTube video oynat\u0131c\u0131\" src=\"https:\/\/www.youtube.com\/embed\/t5xQEqN36M4\" width=\"560\" height=\"315\" frameborder=\"0\" allowfullscreen=\"allowfullscreen\"><\/iframe><\/p>\n<h2><a href=\"https:\/\/www.youtube.com\/solopress?sub_confirmation=1\" target=\"_blank\" rel=\"noopener noreferrer\" data-wp-editing=\"1\"><img loading=\"lazy\" decoding=\"async\" class=\"lazyloaded alignnone wp-image-66137\" src=\"https:\/\/www.solopress.com\/blog\/wp-content\/uploads\/2020\/01\/subscribe.png\" alt=\"abone ol butonu\" width=\"157\" height=\"48\" data-src=\"https:\/\/www.solopress.com\/blog\/wp-content\/uploads\/2020\/01\/subscribe.png\" \/><\/a><\/h2>\n<h2><b>Adobe InDesign ne i\u00e7in kullan\u0131l\u0131r?<\/b><\/h2>\n<p><span style=\"font-weight: 400;\">Adobe InDesign metin, g\u00f6r\u00fcnt\u00fc ve grafik \u00f6\u011felerini kontroll\u00fc bir formatta bir araya getirmek i\u00e7in kullan\u0131lan bir mizanpaj program\u0131d\u0131r. Tasar\u0131mc\u0131lar bu program\u0131 bro\u015f\u00fcrler, dergiler, el ilanlar\u0131, kitaplar, men\u00fcler, posterler ve yap\u0131land\u0131r\u0131lm\u0131\u015f d\u00fczenlerin ve hassas tipografik kontrol\u00fcn \u00f6nemli oldu\u011fu her t\u00fcrl\u00fc proje i\u00e7in kullan\u0131rlar.<\/span><\/p>\n<h2><b>Bir proje i\u00e7in neden Photoshop yerine InDesign'\u0131 se\u00e7melisiniz?<\/b><\/h2>\n<p><span style=\"font-weight: 400;\">Photoshop g\u00f6r\u00fcnt\u00fc d\u00fczenleme i\u00e7in tasarlanm\u0131\u015ft\u0131r. InDesign mizanpaj \u00e7al\u0131\u015fmalar\u0131 i\u00e7in tasarlanm\u0131\u015ft\u0131r. Uzun belgeleri, ana sayfalar\u0131, ba\u011flant\u0131l\u0131 varl\u0131klar\u0131, paragraf stillerini ve tutarl\u0131 tipografiyi i\u015fler. Bu da onu metin hiyerar\u015fisi, bo\u015fluk ve yap\u0131n\u0131n tasar\u0131m\u0131n merkezinde oldu\u011fu \u00e7ok sayfal\u0131 bask\u0131 projeleri i\u00e7in daha uygun hale getirir.<\/span><\/p>\n<h2><b>InDesign projelerinde neden madde i\u015faretleri kullan\u0131lmal\u0131?<\/b><\/h2>\n<p><span style=\"font-weight: 400;\">Madde i\u015faretleri bilginin i\u015flenmesini kolayla\u015ft\u0131r\u0131r. Karma\u015f\u0131k fikirleri ad\u0131mlara, talimatlara veya \u00f6zelliklere b\u00f6lerler. Bas\u0131l\u0131 \u00e7al\u0131\u015fmalarda okunabilirli\u011fi destekler ve d\u00fczenli, dengeli mizanpajlar olu\u015fturmaya yard\u0131mc\u0131 olurlar. InDesign'\u0131n stiller sistemi, tek bir t\u0131klatmayla uzun bir belgeye tutarl\u0131 bir \u015fekilde madde i\u015fareti bi\u00e7imlendirmesi uygulayabilece\u011finiz anlam\u0131na da gelir.<\/span><\/p>\n<h2><b>InDesign'da madde i\u015fareti eklemek i\u00e7in \u00fc\u00e7 y\u00f6ntem nedir?<\/b><\/h2>\n<p><span style=\"font-weight: 400;\">Lucy'nin e\u011fitiminde \u00fc\u00e7 yakla\u015f\u0131m g\u00f6sterilmektedir.<\/span><\/p>\n<ol>\n<li style=\"font-weight: 400;\" aria-level=\"1\"><span style=\"font-weight: 400;\">Paragraf stilleri arac\u0131l\u0131\u011f\u0131yla olu\u015fturulan standart madde i\u015faretleri<\/span><\/li>\n<li style=\"font-weight: 400;\" aria-level=\"1\"><span style=\"font-weight: 400;\">Sistem fontlar\u0131n\u0131zdaki belirli karakterleri kullanarak \u00f6zel renkli madde i\u015faretleri<\/span><\/li>\n<li style=\"font-weight: 400;\" aria-level=\"1\"><span style=\"font-weight: 400;\">\u00d6zel bir yaz\u0131 tipinde glifler olarak olu\u015fturulan tamamen \u0131smarlama \u00e7ok renkli mermiler<\/span><\/li>\n<\/ol>\n<p><span style=\"font-weight: 400;\">Bu y\u00f6ntemler basit listelerden marka odakl\u0131 yarat\u0131c\u0131 tasar\u0131mlara kadar geni\u015f bir yelpazeye yay\u0131l\u0131r.<\/span><\/p>\n<h2><b>InDesign'da paragraf stillerini kullanarak temel madde i\u015faretlerini nas\u0131l ayarlayabilirim?<\/b><\/h2>\n<p><span style=\"font-weight: 400;\">Video en pratik y\u00f6ntemle ba\u015fl\u0131yor. Paragraf stilleri, bi\u00e7imlendirmenizi bir belge boyunca tutarl\u0131 tutar; bu da \u00f6zellikle uzun raporlar, kataloglar ve kitap d\u00fczenleri i\u00e7in yararl\u0131d\u0131r.<\/span><\/p>\n<p><span style=\"font-weight: 400;\">Pencere ve ard\u0131ndan Stiller'den Paragraf Stilleri panelini a\u00e7\u0131n. Panel men\u00fcs\u00fcnden yeni bir stil olu\u015fturun, ad\u0131n\u0131 verin ve se\u00e7ti\u011finiz metne uygulay\u0131n. Stil ayarlar\u0131n\u0131 yeniden a\u00e7\u0131n ve Madde \u0130\u015faretleri ve Numaraland\u0131rma'ya gidin. Yapt\u0131\u011f\u0131n\u0131z de\u011fi\u015fiklikleri g\u00f6rmek i\u00e7in \u00d6nizleme'yi a\u00e7\u0131n, ard\u0131ndan Liste T\u00fcr\u00fc'n\u00fc Madde \u0130\u015faretleri olarak de\u011fi\u015ftirin.<\/span><\/p>\n<p><span style=\"font-weight: 400;\">Aral\u0131\u011f\u0131n ince ayar\u0131 Sol Girinti ve \u0130lk Sat\u0131r Girintisi ile yap\u0131labilir. Bu kontroller, ilk sat\u0131r sar\u0131ld\u0131ktan sonra metnin nas\u0131l hizalanaca\u011f\u0131n\u0131 ayarlar. Do\u011fru ayarland\u0131\u011f\u0131nda, \u00e7ok sat\u0131rl\u0131 madde i\u015faretleri en sola atlamak yerine hizal\u0131 kalacakt\u0131r.<\/span><\/p>\n<h2><b>InDesign'da madde i\u015fareti olarak renkleri ve \u00f6zel karakterleri nas\u0131l ekleyebilirim?<\/b><\/h2>\n<p><span style=\"font-weight: 400;\">\u0130kinci y\u00f6ntemde Lucy renkli bir stilistik mermi sunuyor. \u00d6nce Renk \u00d6rnekleri panelinde yeni bir renk \u00f6rne\u011fi olu\u015fturun. Ard\u0131ndan yeni bir paragraf stili olu\u015fturun ve bir madde i\u015fareti karakteri ekleyin. Dekoratif fontlar da dahil olmak \u00fczere y\u00fckl\u00fc herhangi bir fonttan herhangi bir glif kullan\u0131labilir. Lucy indirdi\u011fi bir dingbat fontundan bir karakter se\u00e7er.<\/span><\/p>\n<p><span style=\"font-weight: 400;\">Madde i\u015faretini renklendirmek i\u00e7in yeni bir karakter stili olu\u015fturun. Rengi Karakter Rengi b\u00f6l\u00fcm\u00fcnde ayarlay\u0131n ve karakter stilini paragraf stilinizin madde i\u015fareti ayarlar\u0131na uygulay\u0131n. Bu, her madde i\u015faretini takip eden metni etkilemeden renk \u00fczerinde tam kontrol sahibi olman\u0131z\u0131 sa\u011flar.<\/span><\/p>\n<h2><b>Neden madde i\u015fareti olarak \u00e7ok renkli \u0131smarlama bir grafik kullan\u0131yorsunuz?<\/b><\/h2>\n<p><span style=\"font-weight: 400;\">\u00d6zel bir grafik madde i\u015fareti, standart bir sembol\u00fcn i\u015f g\u00f6rmedi\u011fi durumlarda bir markay\u0131 g\u00fc\u00e7lendirebilir. Son y\u00f6ntemde Lucy, FontStruct arac\u0131l\u0131\u011f\u0131yla kendi SVG destekli fontunu olu\u015fturuyor. Fontu TrueType art\u0131 SVG dosyas\u0131 olarak d\u0131\u015fa aktarmak, InDesign'a yerle\u015ftirildi\u011finde renkleri koruyor. Glif y\u00fcklendikten sonra standart bir karakterle ayn\u0131 \u015fekilde madde imi listesine eklenebilir.<\/span><\/p>\n<p><span style=\"font-weight: 400;\">Madde i\u015fareti metne g\u00f6re \u00e7ok b\u00fcy\u00fck g\u00f6r\u00fcn\u00fcyorsa, punto boyutu k\u00fc\u00e7\u00fclt\u00fclm\u00fc\u015f bir karakter stili onu d\u00fczg\u00fcn bir \u015fekilde \u00f6l\u00e7eklendirmenizi sa\u011flayacakt\u0131r.<\/span><\/p>\n<h2><b>\u0130yi noktalara de\u011findin<\/b><\/h2>\n<p><span style=\"font-weight: 400;\">Madde i\u015faretleri netli\u011fi ve yap\u0131y\u0131 destekler ve InDesign size bunlar\u0131 \u015fekillendirmek i\u00e7in \u00e7ok \u00e7e\u015fitli yollar sunar. \u0130ster basit siyah noktalara, ister renkli simgelere ya da markan\u0131z\u0131 yans\u0131tan \u0131smarlama bir grafi\u011fe ihtiyac\u0131n\u0131z olsun, bu y\u00f6ntemler her projede size g\u00fcvenilir bir kontrol sa\u011flar.<\/span><\/p>\n<p><span style=\"font-weight: 400;\">Daha fazla beceri geli\u015ftirmek istiyorsan\u0131z, di\u011fer <a href=\"https:\/\/www.solopress.com\/blog\/tr\/ogreticiler\/\" target=\"_blank\" rel=\"noopener\">InDesign e\u011fitimleri ve Adobe paketindeki daha geni\u015f tasar\u0131m k\u0131lavuzlar\u0131m\u0131z<\/a>. Mizanpaj, renk, tipografi ve bask\u0131 i\u00e7in resim haz\u0131rlamaya y\u00f6nelik faydal\u0131 teknikleri kapsar.<\/span><\/p>","protected":false},"excerpt":{"rendered":"<p>Designers often need to present clear, structured lists when working in Adobe InDesign. Bullet points help organise information, guide the reader and support tidy layouts. Our video tutorial walks through three practical methods for creating bullet points, from standard black dots to custom shapes and multicoloured graphics. Our video guide to adding bullet points in [&hellip;]<\/p>\n","protected":false},"author":134,"featured_media":75896,"comment_status":"closed","ping_status":"open","sticky":false,"template":"","format":"standard","meta":{"_acf_changed":false,"tdm_status":"","tdm_grid_status":"","footnotes":""},"categories":[545,555],"tags":[],"class_list":{"0":"post-75892","1":"post","2":"type-post","3":"status-publish","4":"format-standard","5":"has-post-thumbnail","7":"category-art-design","8":"category-tutorials"},"acf":[],"yoast_head":"<!-- This site is optimized with the Yoast SEO plugin v27.5 - https:\/\/yoast.com\/product\/yoast-seo-wordpress\/ -->\n<title>How to add Bullet Points in InDesign - Solopress UK<\/title>\n<meta name=\"description\" content=\"Learn three clear methods for adding bullet points in Adobe InDesign, including basic styles, coloured characters and custom graphic bullets.\" \/>\n<meta name=\"robots\" content=\"index, follow, max-snippet:-1, max-image-preview:large, max-video-preview:-1\" \/>\n<link rel=\"canonical\" href=\"https:\/\/www.solopress.com\/blog\/tr\/ogreticiler\/indesign-2de-madde-isaretleri-nasil-eklenir\/\" \/>\n<meta property=\"og:locale\" content=\"tr_TR\" \/>\n<meta property=\"og:type\" content=\"article\" \/>\n<meta property=\"og:title\" content=\"How to add Bullet Points in InDesign - Solopress UK\" \/>\n<meta property=\"og:description\" content=\"Learn three clear methods for adding bullet points in Adobe InDesign, including basic styles, coloured characters and custom graphic bullets.\" \/>\n<meta property=\"og:url\" content=\"https:\/\/www.solopress.com\/blog\/tr\/ogreticiler\/indesign-2de-madde-isaretleri-nasil-eklenir\/\" \/>\n<meta property=\"og:site_name\" content=\"The Latest Print and Design News | Solopress\" \/>\n<meta property=\"article:publisher\" content=\"https:\/\/www.facebook.com\/Solopress\" \/>\n<meta property=\"article:published_time\" content=\"2025-11-19T11:06:57+00:00\" \/>\n<meta property=\"article:modified_time\" content=\"2025-12-09T09:15:25+00:00\" \/>\n<meta property=\"og:image\" content=\"https:\/\/www.solopress.com\/blog\/wp-content\/uploads\/2025\/11\/Tutorial-indesign-bullets-thumbnails-03.jpg\" \/>\n\t<meta property=\"og:image:width\" content=\"900\" \/>\n\t<meta property=\"og:image:height\" content=\"675\" \/>\n\t<meta property=\"og:image:type\" content=\"image\/jpeg\" \/>\n<meta name=\"author\" content=\"Danny Powell\" \/>\n<meta name=\"twitter:card\" content=\"summary_large_image\" \/>\n<meta name=\"twitter:creator\" content=\"@solopress\" \/>\n<meta name=\"twitter:site\" content=\"@solopress\" \/>\n<meta name=\"twitter:label1\" content=\"Yazan:\" \/>\n\t<meta name=\"twitter:data1\" content=\"Danny Powell\" \/>\n\t<meta name=\"twitter:label2\" content=\"Tahmini okuma s\u00fcresi\" \/>\n\t<meta name=\"twitter:data2\" content=\"4 dakika\" \/>\n<script type=\"application\/ld+json\" class=\"yoast-schema-graph\">{\"@context\":\"https:\\\/\\\/schema.org\",\"@graph\":[{\"@type\":\"Article\",\"@id\":\"https:\\\/\\\/www.solopress.com\\\/blog\\\/tutorials\\\/how-to-add-bullet-points-in-indesign-2\\\/#article\",\"isPartOf\":{\"@id\":\"https:\\\/\\\/www.solopress.com\\\/blog\\\/tutorials\\\/how-to-add-bullet-points-in-indesign-2\\\/\"},\"author\":{\"name\":\"Danny Powell\",\"@id\":\"https:\\\/\\\/www.solopress.com\\\/blog\\\/#\\\/schema\\\/person\\\/0937555a256c22f94400f4b7e2329c09\"},\"headline\":\"How to add Bullet Points in InDesign\",\"datePublished\":\"2025-11-19T11:06:57+00:00\",\"dateModified\":\"2025-12-09T09:15:25+00:00\",\"mainEntityOfPage\":{\"@id\":\"https:\\\/\\\/www.solopress.com\\\/blog\\\/tutorials\\\/how-to-add-bullet-points-in-indesign-2\\\/\"},\"wordCount\":740,\"publisher\":{\"@id\":\"https:\\\/\\\/www.solopress.com\\\/blog\\\/#organization\"},\"image\":{\"@id\":\"https:\\\/\\\/www.solopress.com\\\/blog\\\/tutorials\\\/how-to-add-bullet-points-in-indesign-2\\\/#primaryimage\"},\"thumbnailUrl\":\"https:\\\/\\\/www.solopress.com\\\/blog\\\/wp-content\\\/uploads\\\/2025\\\/11\\\/Tutorial-indesign-bullets-thumbnails-03.jpg\",\"articleSection\":[\"Art &amp; Design\",\"Design Tutorials\"],\"inLanguage\":\"tr\"},{\"@type\":\"WebPage\",\"@id\":\"https:\\\/\\\/www.solopress.com\\\/blog\\\/tutorials\\\/how-to-add-bullet-points-in-indesign-2\\\/\",\"url\":\"https:\\\/\\\/www.solopress.com\\\/blog\\\/tutorials\\\/how-to-add-bullet-points-in-indesign-2\\\/\",\"name\":\"How to add Bullet Points in InDesign - Solopress UK\",\"isPartOf\":{\"@id\":\"https:\\\/\\\/www.solopress.com\\\/blog\\\/#website\"},\"primaryImageOfPage\":{\"@id\":\"https:\\\/\\\/www.solopress.com\\\/blog\\\/tutorials\\\/how-to-add-bullet-points-in-indesign-2\\\/#primaryimage\"},\"image\":{\"@id\":\"https:\\\/\\\/www.solopress.com\\\/blog\\\/tutorials\\\/how-to-add-bullet-points-in-indesign-2\\\/#primaryimage\"},\"thumbnailUrl\":\"https:\\\/\\\/www.solopress.com\\\/blog\\\/wp-content\\\/uploads\\\/2025\\\/11\\\/Tutorial-indesign-bullets-thumbnails-03.jpg\",\"datePublished\":\"2025-11-19T11:06:57+00:00\",\"dateModified\":\"2025-12-09T09:15:25+00:00\",\"description\":\"Learn three clear methods for adding bullet points in Adobe InDesign, including basic styles, coloured characters and custom graphic bullets.\",\"breadcrumb\":{\"@id\":\"https:\\\/\\\/www.solopress.com\\\/blog\\\/tutorials\\\/how-to-add-bullet-points-in-indesign-2\\\/#breadcrumb\"},\"inLanguage\":\"tr\",\"potentialAction\":[{\"@type\":\"ReadAction\",\"target\":[\"https:\\\/\\\/www.solopress.com\\\/blog\\\/tutorials\\\/how-to-add-bullet-points-in-indesign-2\\\/\"]}]},{\"@type\":\"ImageObject\",\"inLanguage\":\"tr\",\"@id\":\"https:\\\/\\\/www.solopress.com\\\/blog\\\/tutorials\\\/how-to-add-bullet-points-in-indesign-2\\\/#primaryimage\",\"url\":\"https:\\\/\\\/www.solopress.com\\\/blog\\\/wp-content\\\/uploads\\\/2025\\\/11\\\/Tutorial-indesign-bullets-thumbnails-03.jpg\",\"contentUrl\":\"https:\\\/\\\/www.solopress.com\\\/blog\\\/wp-content\\\/uploads\\\/2025\\\/11\\\/Tutorial-indesign-bullets-thumbnails-03.jpg\",\"width\":900,\"height\":675,\"caption\":\"Bullet points in InDesign Header\"},{\"@type\":\"BreadcrumbList\",\"@id\":\"https:\\\/\\\/www.solopress.com\\\/blog\\\/tutorials\\\/how-to-add-bullet-points-in-indesign-2\\\/#breadcrumb\",\"itemListElement\":[{\"@type\":\"ListItem\",\"position\":1,\"name\":\"Blog\",\"item\":\"https:\\\/\\\/www.solopress.com\\\/blog\\\/\"},{\"@type\":\"ListItem\",\"position\":2,\"name\":\"How to add Bullet Points in InDesign\"}]},{\"@type\":\"WebSite\",\"@id\":\"https:\\\/\\\/www.solopress.com\\\/blog\\\/#website\",\"url\":\"https:\\\/\\\/www.solopress.com\\\/blog\\\/\",\"name\":\"The Latest Print and Design News | Solopress\",\"description\":\"\",\"publisher\":{\"@id\":\"https:\\\/\\\/www.solopress.com\\\/blog\\\/#organization\"},\"potentialAction\":[{\"@type\":\"SearchAction\",\"target\":{\"@type\":\"EntryPoint\",\"urlTemplate\":\"https:\\\/\\\/www.solopress.com\\\/blog\\\/?s={search_term_string}\"},\"query-input\":{\"@type\":\"PropertyValueSpecification\",\"valueRequired\":true,\"valueName\":\"search_term_string\"}}],\"inLanguage\":\"tr\"},{\"@type\":\"Organization\",\"@id\":\"https:\\\/\\\/www.solopress.com\\\/blog\\\/#organization\",\"name\":\"Solopress\",\"url\":\"https:\\\/\\\/www.solopress.com\\\/blog\\\/\",\"logo\":{\"@type\":\"ImageObject\",\"inLanguage\":\"tr\",\"@id\":\"https:\\\/\\\/www.solopress.com\\\/blog\\\/#\\\/schema\\\/logo\\\/image\\\/\",\"url\":\"https:\\\/\\\/www.solopress.com\\\/blog\\\/wp-content\\\/uploads\\\/2017\\\/06\\\/solopress-logo-no-tagline@2x.png\",\"contentUrl\":\"https:\\\/\\\/www.solopress.com\\\/blog\\\/wp-content\\\/uploads\\\/2017\\\/06\\\/solopress-logo-no-tagline@2x.png\",\"width\":428,\"height\":88,\"caption\":\"Solopress\"},\"image\":{\"@id\":\"https:\\\/\\\/www.solopress.com\\\/blog\\\/#\\\/schema\\\/logo\\\/image\\\/\"},\"sameAs\":[\"https:\\\/\\\/www.facebook.com\\\/Solopress\",\"https:\\\/\\\/x.com\\\/solopress\",\"https:\\\/\\\/instagram.com\\\/solopress\\\/\",\"https:\\\/\\\/www.linkedin.com\\\/company\\\/solopress\",\"https:\\\/\\\/uk.pinterest.com\\\/solopress\\\/\",\"https:\\\/\\\/www.youtube.com\\\/user\\\/solopress\"]},{\"@type\":\"Person\",\"@id\":\"https:\\\/\\\/www.solopress.com\\\/blog\\\/#\\\/schema\\\/person\\\/0937555a256c22f94400f4b7e2329c09\",\"name\":\"Danny Powell\",\"image\":{\"@type\":\"ImageObject\",\"inLanguage\":\"tr\",\"@id\":\"https:\\\/\\\/secure.gravatar.com\\\/avatar\\\/61a91dfef0f2540955232e281a9d8dd099c01492bda6e2638fa05db47a9665eb?s=96&r=g\",\"url\":\"https:\\\/\\\/secure.gravatar.com\\\/avatar\\\/61a91dfef0f2540955232e281a9d8dd099c01492bda6e2638fa05db47a9665eb?s=96&r=g\",\"contentUrl\":\"https:\\\/\\\/secure.gravatar.com\\\/avatar\\\/61a91dfef0f2540955232e281a9d8dd099c01492bda6e2638fa05db47a9665eb?s=96&r=g\",\"caption\":\"Danny Powell\"},\"description\":\"With over two decades in marketing, Danny Powell is a Senior Copywriter at Solopress, one of the UK\u2019s leading online printers. Having worked on the print buying, agency and sales sides of the industry, he brings a well-rounded perspective to his writing on print, design and sustainability.\",\"url\":\"https:\\\/\\\/www.solopress.com\\\/blog\\\/tr\\\/author\\\/danny-powell\\\/\"}]}<\/script>\n<!-- \/ Yoast SEO plugin. -->","yoast_head_json":{"title":"InDesign'da Madde \u0130\u015faretleri Nas\u0131l Eklenir - Solopress UK","description":"Adobe InDesign'da madde i\u015fareti eklemek i\u00e7in temel stiller, renkli karakterler ve \u00f6zel grafik madde i\u015faretleri dahil olmak \u00fczere \u00fc\u00e7 net y\u00f6ntem \u00f6\u011frenin.","robots":{"index":"index","follow":"follow","max-snippet":"max-snippet:-1","max-image-preview":"max-image-preview:large","max-video-preview":"max-video-preview:-1"},"canonical":"https:\/\/www.solopress.com\/blog\/tr\/ogreticiler\/indesign-2de-madde-isaretleri-nasil-eklenir\/","og_locale":"tr_TR","og_type":"article","og_title":"How to add Bullet Points in InDesign - Solopress UK","og_description":"Learn three clear methods for adding bullet points in Adobe InDesign, including basic styles, coloured characters and custom graphic bullets.","og_url":"https:\/\/www.solopress.com\/blog\/tr\/ogreticiler\/indesign-2de-madde-isaretleri-nasil-eklenir\/","og_site_name":"The Latest Print and Design News | Solopress","article_publisher":"https:\/\/www.facebook.com\/Solopress","article_published_time":"2025-11-19T11:06:57+00:00","article_modified_time":"2025-12-09T09:15:25+00:00","og_image":[{"width":900,"height":675,"url":"https:\/\/www.solopress.com\/blog\/wp-content\/uploads\/2025\/11\/Tutorial-indesign-bullets-thumbnails-03.jpg","type":"image\/jpeg"}],"author":"Danny Powell","twitter_card":"summary_large_image","twitter_creator":"@solopress","twitter_site":"@solopress","twitter_misc":{"Yazan:":"Danny Powell","Tahmini okuma s\u00fcresi":"4 dakika"},"schema":{"@context":"https:\/\/schema.org","@graph":[{"@type":"Article","@id":"https:\/\/www.solopress.com\/blog\/tutorials\/how-to-add-bullet-points-in-indesign-2\/#article","isPartOf":{"@id":"https:\/\/www.solopress.com\/blog\/tutorials\/how-to-add-bullet-points-in-indesign-2\/"},"author":{"name":"Danny Powell","@id":"https:\/\/www.solopress.com\/blog\/#\/schema\/person\/0937555a256c22f94400f4b7e2329c09"},"headline":"How to add Bullet Points in InDesign","datePublished":"2025-11-19T11:06:57+00:00","dateModified":"2025-12-09T09:15:25+00:00","mainEntityOfPage":{"@id":"https:\/\/www.solopress.com\/blog\/tutorials\/how-to-add-bullet-points-in-indesign-2\/"},"wordCount":740,"publisher":{"@id":"https:\/\/www.solopress.com\/blog\/#organization"},"image":{"@id":"https:\/\/www.solopress.com\/blog\/tutorials\/how-to-add-bullet-points-in-indesign-2\/#primaryimage"},"thumbnailUrl":"https:\/\/www.solopress.com\/blog\/wp-content\/uploads\/2025\/11\/Tutorial-indesign-bullets-thumbnails-03.jpg","articleSection":["Art &amp; Design","Design Tutorials"],"inLanguage":"tr"},{"@type":"WebPage","@id":"https:\/\/www.solopress.com\/blog\/tutorials\/how-to-add-bullet-points-in-indesign-2\/","url":"https:\/\/www.solopress.com\/blog\/tutorials\/how-to-add-bullet-points-in-indesign-2\/","name":"InDesign'da Madde \u0130\u015faretleri Nas\u0131l Eklenir - Solopress UK","isPartOf":{"@id":"https:\/\/www.solopress.com\/blog\/#website"},"primaryImageOfPage":{"@id":"https:\/\/www.solopress.com\/blog\/tutorials\/how-to-add-bullet-points-in-indesign-2\/#primaryimage"},"image":{"@id":"https:\/\/www.solopress.com\/blog\/tutorials\/how-to-add-bullet-points-in-indesign-2\/#primaryimage"},"thumbnailUrl":"https:\/\/www.solopress.com\/blog\/wp-content\/uploads\/2025\/11\/Tutorial-indesign-bullets-thumbnails-03.jpg","datePublished":"2025-11-19T11:06:57+00:00","dateModified":"2025-12-09T09:15:25+00:00","description":"Adobe InDesign'da madde i\u015fareti eklemek i\u00e7in temel stiller, renkli karakterler ve \u00f6zel grafik madde i\u015faretleri dahil olmak \u00fczere \u00fc\u00e7 net y\u00f6ntem \u00f6\u011frenin.","breadcrumb":{"@id":"https:\/\/www.solopress.com\/blog\/tutorials\/how-to-add-bullet-points-in-indesign-2\/#breadcrumb"},"inLanguage":"tr","potentialAction":[{"@type":"ReadAction","target":["https:\/\/www.solopress.com\/blog\/tutorials\/how-to-add-bullet-points-in-indesign-2\/"]}]},{"@type":"ImageObject","inLanguage":"tr","@id":"https:\/\/www.solopress.com\/blog\/tutorials\/how-to-add-bullet-points-in-indesign-2\/#primaryimage","url":"https:\/\/www.solopress.com\/blog\/wp-content\/uploads\/2025\/11\/Tutorial-indesign-bullets-thumbnails-03.jpg","contentUrl":"https:\/\/www.solopress.com\/blog\/wp-content\/uploads\/2025\/11\/Tutorial-indesign-bullets-thumbnails-03.jpg","width":900,"height":675,"caption":"Bullet points in InDesign Header"},{"@type":"BreadcrumbList","@id":"https:\/\/www.solopress.com\/blog\/tutorials\/how-to-add-bullet-points-in-indesign-2\/#breadcrumb","itemListElement":[{"@type":"ListItem","position":1,"name":"Blog","item":"https:\/\/www.solopress.com\/blog\/"},{"@type":"ListItem","position":2,"name":"How to add Bullet Points in InDesign"}]},{"@type":"WebSite","@id":"https:\/\/www.solopress.com\/blog\/#website","url":"https:\/\/www.solopress.com\/blog\/","name":"En Son Bask\u0131 ve Tasar\u0131m Haberleri | Solopress","description":"","publisher":{"@id":"https:\/\/www.solopress.com\/blog\/#organization"},"potentialAction":[{"@type":"SearchAction","target":{"@type":"EntryPoint","urlTemplate":"https:\/\/www.solopress.com\/blog\/?s={search_term_string}"},"query-input":{"@type":"PropertyValueSpecification","valueRequired":true,"valueName":"search_term_string"}}],"inLanguage":"tr"},{"@type":"Organization","@id":"https:\/\/www.solopress.com\/blog\/#organization","name":"Solopress","url":"https:\/\/www.solopress.com\/blog\/","logo":{"@type":"ImageObject","inLanguage":"tr","@id":"https:\/\/www.solopress.com\/blog\/#\/schema\/logo\/image\/","url":"https:\/\/www.solopress.com\/blog\/wp-content\/uploads\/2017\/06\/solopress-logo-no-tagline@2x.png","contentUrl":"https:\/\/www.solopress.com\/blog\/wp-content\/uploads\/2017\/06\/solopress-logo-no-tagline@2x.png","width":428,"height":88,"caption":"Solopress"},"image":{"@id":"https:\/\/www.solopress.com\/blog\/#\/schema\/logo\/image\/"},"sameAs":["https:\/\/www.facebook.com\/Solopress","https:\/\/x.com\/solopress","https:\/\/instagram.com\/solopress\/","https:\/\/www.linkedin.com\/company\/solopress","https:\/\/uk.pinterest.com\/solopress\/","https:\/\/www.youtube.com\/user\/solopress"]},{"@type":"Person","@id":"https:\/\/www.solopress.com\/blog\/#\/schema\/person\/0937555a256c22f94400f4b7e2329c09","name":"Danny Powell","image":{"@type":"ImageObject","inLanguage":"tr","@id":"https:\/\/secure.gravatar.com\/avatar\/61a91dfef0f2540955232e281a9d8dd099c01492bda6e2638fa05db47a9665eb?s=96&r=g","url":"https:\/\/secure.gravatar.com\/avatar\/61a91dfef0f2540955232e281a9d8dd099c01492bda6e2638fa05db47a9665eb?s=96&r=g","contentUrl":"https:\/\/secure.gravatar.com\/avatar\/61a91dfef0f2540955232e281a9d8dd099c01492bda6e2638fa05db47a9665eb?s=96&r=g","caption":"Danny Powell"},"description":"Yirmi y\u0131l\u0131 a\u015fk\u0131n bir s\u00fcredir pazarlama alan\u0131nda \u00e7al\u0131\u015fan Danny Powell, \u0130ngiltere'nin \u00f6nde gelen online matbaalar\u0131ndan biri olan Solopress'te K\u0131demli Metin Yazar\u0131 olarak g\u00f6rev yap\u0131yor. Sekt\u00f6r\u00fcn bask\u0131 sat\u0131n alma, ajans ve sat\u0131\u015f taraflar\u0131nda \u00e7al\u0131\u015fm\u0131\u015f olan Powell, bask\u0131, tasar\u0131m ve s\u00fcrd\u00fcr\u00fclebilirlik konular\u0131ndaki yaz\u0131lar\u0131na \u00e7ok y\u00f6nl\u00fc bir bak\u0131\u015f a\u00e7\u0131s\u0131 getiriyor.","url":"https:\/\/www.solopress.com\/blog\/tr\/author\/danny-powell\/"}]}},"jetpack_featured_media_url":"https:\/\/www.solopress.com\/blog\/wp-content\/uploads\/2025\/11\/Tutorial-indesign-bullets-thumbnails-03.jpg","_links":{"self":[{"href":"https:\/\/www.solopress.com\/blog\/tr\/wp-json\/wp\/v2\/posts\/75892","targetHints":{"allow":["GET"]}}],"collection":[{"href":"https:\/\/www.solopress.com\/blog\/tr\/wp-json\/wp\/v2\/posts"}],"about":[{"href":"https:\/\/www.solopress.com\/blog\/tr\/wp-json\/wp\/v2\/types\/post"}],"author":[{"embeddable":true,"href":"https:\/\/www.solopress.com\/blog\/tr\/wp-json\/wp\/v2\/users\/134"}],"replies":[{"embeddable":true,"href":"https:\/\/www.solopress.com\/blog\/tr\/wp-json\/wp\/v2\/comments?post=75892"}],"version-history":[{"count":5,"href":"https:\/\/www.solopress.com\/blog\/tr\/wp-json\/wp\/v2\/posts\/75892\/revisions"}],"predecessor-version":[{"id":75933,"href":"https:\/\/www.solopress.com\/blog\/tr\/wp-json\/wp\/v2\/posts\/75892\/revisions\/75933"}],"wp:featuredmedia":[{"embeddable":true,"href":"https:\/\/www.solopress.com\/blog\/tr\/wp-json\/wp\/v2\/media\/75896"}],"wp:attachment":[{"href":"https:\/\/www.solopress.com\/blog\/tr\/wp-json\/wp\/v2\/media?parent=75892"}],"wp:term":[{"taxonomy":"category","embeddable":true,"href":"https:\/\/www.solopress.com\/blog\/tr\/wp-json\/wp\/v2\/categories?post=75892"},{"taxonomy":"post_tag","embeddable":true,"href":"https:\/\/www.solopress.com\/blog\/tr\/wp-json\/wp\/v2\/tags?post=75892"}],"curies":[{"name":"wp","href":"https:\/\/api.w.org\/{rel}","templated":true}]}}